{"id":24073,"date":"2025-09-12T20:14:59","date_gmt":"2025-09-12T20:14:59","guid":{"rendered":"https:\/\/fmamiga909.com.ar\/?p=24073"},"modified":"2025-09-12T20:14:59","modified_gmt":"2025-09-12T20:14:59","slug":"copa-davis-argentina-le-gana-2-0-a-paises-bajos-y-quedo-match-point-para-lograr-el-pase-al-final-8","status":"publish","type":"post","link":"https:\/\/fmamiga909.com.ar\/?p=24073","title":{"rendered":"Copa Davis: Argentina le gana 2-0 a Pa\u00edses Bajos y qued\u00f3 match point para lograr el pase al Final 8"},"content":{"rendered":"<div><!-- Body --><\/p>\n<p>El equipo argentino de la\u00a0<a href=\"https:\/\/www.pagina12.com.ar\/tags\/1344-copa-davis\"><b>Copa Davis<\/b><\/a>\u00a0cerr\u00f3 un viernes ideal y qued\u00f3 con tres match points para abrochar la ansiada clasificaci\u00f3n al Final 8, que se jugar\u00e1 en noviembre pr\u00f3ximo en Bologna. Gracias a las victorias de\u00a0<b>Tom\u00e1s Etcheverry (64\u00b0) y\u00a0<\/b><b>Francisco Cer\u00fandolo (21\u00b0) <\/b>el conjunto de Javier Frana<b> logr\u00f3 una ventaja de 2-0 en la segunda ronda de los Qualifiers ante Pa\u00edses Bajos,<\/b> en la ciudad de Groningen, sobre la cancha dura bajo techo del estadio Martiniplaza. Este s\u00e1bado, desde las 9, buscar\u00e1 sellar la eliminatoria en el punto de dobles, con la pareja de <b>Horacio Zeballos (5\u00b0), flamante campe\u00f3n del US Open y nuevo referente del equipo, y Andr\u00e9s Molteni (19\u00b0).<\/b><\/p>\n<p>En el primer punto de la serie, que se juega con el tradicional formato al mejor de cinco partidos, <b>Etcheverry, quien le ganara la pulseada interna por el segundo single a Francisco Comesa\u00f1a (61\u00b0) tras la decisi\u00f3n t\u00e1ctica de Frana, se impuso por 6-4 y 6-4 ante el n\u00famero uno local Jesper de Jong (79\u00b0),<\/b> quien debutaba en compromisos por la ensaladera, y luego <b>el mayor de los hermanos Cer\u00fandolo (21\u00b0), l\u00edder argentino en el ranking, fue de menor a mayor para derrotar a Botic Van de Zandschulp (82\u00b0) por 7-6 (4) y 6-1.<\/b><\/p>\n<p><b>El platense de 26 a\u00f1os debi\u00f3 atravesar varios altibajos <\/b>durante el primer punto de la eliminatoria, en un partido que tuvo ocho quiebres de servicio y en el que pudo imponerse gracias a una pizca de jerarqu\u00eda en los momentos calientes, sobre todo porque <b>De Jong demostr\u00f3 buenos pasajes pero demasiadas intermitencias.<\/b> Con el 1-0 parcial para la Argentina adem\u00e1s <b>logr\u00f3 su quinta victoria copera en siete presentaciones en singles.\u00a0<\/b>\u00abFue dur\u00edsimo. Le quebraba, me devolv\u00eda el quiebre, le volv\u00eda a quebrar. Pude aprovechar los games importantes cuando \u00e9l baj\u00f3 un poquito.<b> Me encanta jugar la Copa Davis; es una competencia importante pero no es f\u00e1cil, a cada uno le pega diferente. Yo la juego y saco un plus en mi rendimiento\u00bb, <\/b>relat\u00f3 Etcheverry una vez consumado el triunfo.<\/p>\n<div class=\"medium-insert-embeds\">\n<figure>\n<div class=\"medium-insert-embed\">\n<div align=\"center\">\n<figure role=\"group\" class=\"caption caption-drupal-entity\"><figcaption>El abrazo de Cer\u00fandolo con el capit\u00e1n Frana. Imagen: prensa AAT.<\/figcaption><\/figure>\n<\/div><\/div>\n<\/figure>\n<\/div>\n<p>A continuaci\u00f3n, en otro partido repleto de idas y vueltas, Cer\u00fandolo super\u00f3 la presi\u00f3n contra un jugador peligroso pero inestable, con <b>el aliento de 40 argentinos ruidosos entre los casi cuatro mil neerlandeses que colmaron el estadio techado. <\/b>En el primer set, pese a haber estado 4-5 con el servicio del jugador local, el n\u00famero uno albiceleste recuper\u00f3 el turno de servicio y forz\u00f3 <b>el tie break, en el que se puso r\u00e1pidamente 4-0 y luego pudo cerrarlo por 7-4. <\/b>Ya en el segundo parcial <b>apareci\u00f3 el Cer\u00fandolo con potencial de top 10: suelto, sin apremios, con el drive fino y con la confianza a pleno, sentenci\u00f3 el partido por 6-1.<\/b><\/p>\n<p><b>\u00abFue un partido muy duro.<\/b> Hubo rachas en el primer set en el que no me dej\u00f3 tocarla, no me dej\u00f3 jugar. Los games que jug\u00f3 abajo y con pelotas nuevas estuvo intratable. Ya en el segundo ya estuve muy fino. <b>Pero esto no termin\u00f3: ma\u00f1ana quedan tres batallas y ojal\u00e1 podamos cerrar la serie en la primera\u00bb,<\/b> analiz\u00f3 Cer\u00fandolo despu\u00e9s de lograr la victoria que dej\u00f3 a la Argentina a un paso del <b>Final 8, la semana definitoria con los ocho mejores pa\u00edses del mundo.<\/b><\/p>\n<p><b>\u00abLa verdad es que fue un viernes en el que sali\u00f3 todo muy bien <\/b>y no fue tan c\u00f3modo como marcan los resultados. Los jugadores confiaron y el trabajo previo ayud\u00f3 mucho para la comunicaci\u00f3n durante los partidos. <b>El desempe\u00f1o de Fran super\u00f3 lo que esper\u00e1bamos; es parte de su evoluci\u00f3n, de su inteligencia, de crecer.<\/b> Todos tenemos cosas que acomodar y <b>\u00e9l est\u00e1 decidido a alinear los factores a su favor\u00bb,<\/b> reflexion\u00f3 el capit\u00e1n Frana, que vive su segunda serie sentado en la silla luego de <b><a href=\"https:\/\/www.pagina12.com.ar\/800850-sufrir-para-resurgir-argentina-alimento-su-historia-y-avanzo\">aquel debut triunfal en febrero pasado ante Noruega.<\/a><\/b><\/p>\n<p><b>En Pa\u00edses Bajos<\/b>, que apareci\u00f3 directo en la segunda ronda de los Qualifiers tras haber alcanzado la final mundial en 2024 -perdi\u00f3 ante Italia en M\u00e1laga-, <b>hubo un enroque el \u00faltimo lunes que modific\u00f3 los cruces\u00a0<\/b>de este viernes: sin su mejor jugador Tallon Griekspoor (31\u00b0), <b>Van de Zandschulp (ex 22\u00b0) ofici\u00f3 como virtual primer singlista local y por nivel se esperaba que jugara el primer d\u00eda contra el single 2 argentino,<\/b>\u00a0pero fue superado en el ranking actualizado esta misma semana por el propio <b>De Jong<\/b>, en el mejor momento de su carrera.<\/p>\n<p><b>Ahora Zeballos y Molteni buscar\u00e1n cerrar la serie en la apertura de la jornada de este s\u00e1bado frente a la dupla neerlandesa, <\/b>conformada por Sander Arends (23\u00b0) y Sem Verbeek (48\u00b0). De lo contrario se jugar\u00e1n los singles restantes: <b>Cer\u00fandolo contra De Jong y Etcheverry ante\u00a0Van de Zandschulp, <\/b>seg\u00fan la n\u00f3mina oficial -los capitanes podr\u00edan modificar la formaci\u00f3n-.<\/p>\n<p>En caso de ganar la eliminatoria la Argentina conocer\u00e1 a su rival para los cuartos de final <b>el pr\u00f3ximo mi\u00e9rcoles 17 de septiembre, en el sorteo a realizarse en la Piazza Maggiore de Bologna,<\/b> la ciudad que ser\u00e1 sede del Final 8 del 18 al 23 de noviembre pr\u00f3ximos.<\/p>\n<h3><b>Zeballos, de borrado a referente<\/b><\/h3>\n<p>Desde que <b><a href=\"https:\/\/www.pagina12.com.ar\/787774-javier-frana-el-elegido-fue-anunciado-como-nuevo-capitan-de-\">asumiera como capit\u00e1n del equipo de la Copa Davis<\/a><\/b>, en diciembre pasado, Javier Frana ten\u00eda una primera tarea de caracter primordial: allanar el regreso de <b><a href=\"https:\/\/www.pagina12.com.ar\/788474-javier-frana-el-capitan-pacificador-aviso-que-hablara-con-ze\">Horacio Zeballos, n\u00famero uno del mundo durante varias semanas en 2024 y ya consagrado como el mejor doblista argentino de todos los tiempos.<\/a><\/b> Avis\u00f3 que hablar\u00eda con el marplatense de 40 a\u00f1os y se propuso recuperarlo, mientras <b><a href=\"https:\/\/www.pagina12.com.ar\/788156-horacio-zeballos-el-numero-uno-la-calesita-de-emociones-y-la\">el zurdo buscaba acercar partes en declaraciones con este medio.<\/a><\/b><\/p>\n<p>Hab\u00eda que recuperarlo porque estaba marginado producto de un sacrilegio de escasos precedentes para el tenis argentino: el ex capit\u00e1n <b><a href=\"https:\/\/www.pagina12.com.ar\/747207-polemica-olimpica-coria-y-la-controversial-decision-de-no-co\">Guillermo Coria, en su momento con el respaldo de los dirigentes de la Asociaci\u00f3n Argentina de Tenis (AAT)<\/a><\/b>, lo hab\u00eda dejado <b><a href=\"https:\/\/www.pagina12.com.ar\/744760-donde-manda-capitan-no-manda-ni-el-numero-uno-horacio-zeball\">afuera de la n\u00f3mina nacional para los Juegos Ol\u00edmpicos de Par\u00eds 2024<\/a>, <\/b>incluso en el momento en el que estaba como el l\u00edder del ranking de dobles de la ATP. En medio de una pol\u00e9mica que no paraba de crecer,\u00a0el zurdo formado en el Edison Lawn Tenis de Mar del Plata <b><a href=\"https:\/\/www.pagina12.com.ar\/761273-cronica-de-un-rechazo-zeballos-declino-el-llamado-de-coria-p\">tambi\u00e9n se quedaba sin jugar la Copa Davis.<\/a>\u00a0<\/b>Meses despu\u00e9s\u00a0Frana concret\u00f3 su primera gran meta: no s\u00f3lo lo volvi\u00f3 a llamar al equipo en su debut en Noruega, sino que <b>ahora no deja de tirarle flores y hasta lo convirti\u00f3 en el referente de su plantel.<\/b><\/p>\n<p>\u00abDesde que lleg\u00f3 al equipo a Horacio se le dio el lugar que debe tener un jugador de su trayectoria y de su experiencia. <b>Tiene que ser el referente de sus compa\u00f1eros.<\/b> Es el jugador con recorrido que les marca el camino a los dem\u00e1s.<b>\u00a0Acaba de ganar un Grand Slam y est\u00e1 ac\u00e1 con el resto de los chicos, con las mismas ganas\u00bb,<\/b> sostuvo el capit\u00e1n, apenas terminada la jornada de este viernes en Groningen, respecto del hombre que este a\u00f1o <b><a href=\"https:\/\/www.pagina12.com.ar\/832102-horacio-zeballos-historico-campeon-en-roland-garros-junto-a-\">tambi\u00e9n gan\u00f3, junto con su compa\u00f1ero espa\u00f1ol Marcel Granollers, el t\u00edtulo en Roland Garros.<\/a><\/b><\/p>\n<p>Y sentenci\u00f3: <b>\u00abHoracio gan\u00f3 el US Open y hubo que frenarlo,<\/b> hubo que decirle que se tomara un d\u00eda para volver a su casa porque quer\u00eda venir directo. Es el mensaje que les transmite a los chicos:<b> &#8216;Si este tipo que acaba de ganar un Grand Slam quiere estar con nosotros y compartir este momento&#8230;&#8217;.<\/b> Es un referente y aporta una dosis de confianza y de valor. Adentro de la cancha nos brinda un mont\u00f3n y afuera mantiene a los chicos conectados\u00bb. El mejor doblista de todos los tiempos, <b>de borrado a referente, una restituci\u00f3n necesaria para el equipo por su nivel.<\/b><\/p>\n<div class=\"medium-insert-embeds\">\n<figure>\n<div class=\"medium-insert-embed\">\n<div align=\"center\">\n<figure role=\"group\" class=\"caption caption-drupal-entity\"><figcaption>Frana y Zeballos, durante las pr\u00e1cticas previas en Pa\u00edses Bajos. Imagen: prensa AAT.<\/figcaption><\/figure>\n<\/div><\/div>\n<\/figure>\n<\/div>\n<p><a href=\"\/cdn-cgi\/l\/email-protection\" class=\"__cf_email__\" data-cfemail=\"bfcfded2ded3d9d6cbded1d0ffcfded8d6d1de8e8d91dcd0d291decd\">[email\u00a0protected]<\/a><\/p>\n<p><!-- Live Blog Post --><\/div>\n<p><a href=\"https:\/\/www.pagina12.com.ar\/857417-copa-davis-argentina-le-gana-2-0-a-paises-bajos-y-quedo-a-un\">source<\/a><\/p>\n","protected":false},"excerpt":{"rendered":"<p>El equipo argentino de la\u00a0Copa Davis\u00a0cerr\u00f3 un viernes ideal y qued\u00f3 con tres match points&#8230;<\/p>\n","protected":false},"author":3,"featured_media":24074,"comment_status":"closed","ping_status":"closed","sticky":false,"template":"","format":"standard","meta":{"footnotes":""},"categories":[21],"tags":[],"class_list":["post-24073","post","type-post","status-publish","format-standard","has-post-thumbnail","hentry","category-deportes"],"featured_image_urls":{"full":["https:\/\/fmamiga909.com.ar\/wp-content\/uploads\/2025\/09\/wp-header-logo-161.png",960,540,false],"thumbnail":["https:\/\/fmamiga909.com.ar\/wp-content\/uploads\/2025\/09\/wp-header-logo-161-150x150.png",150,150,true],"medium":["https:\/\/fmamiga909.com.ar\/wp-content\/uploads\/2025\/09\/wp-header-logo-161-300x169.png",300,169,true],"medium_large":["https:\/\/fmamiga909.com.ar\/wp-content\/uploads\/2025\/09\/wp-header-logo-161.png",960,540,false],"large":["https:\/\/fmamiga909.com.ar\/wp-content\/uploads\/2025\/09\/wp-header-logo-161.png",640,360,false],"1536x1536":["https:\/\/fmamiga909.com.ar\/wp-content\/uploads\/2025\/09\/wp-header-logo-161.png",960,540,false],"2048x2048":["https:\/\/fmamiga909.com.ar\/wp-content\/uploads\/2025\/09\/wp-header-logo-161.png",960,540,false],"newsium-slider-full":["https:\/\/fmamiga909.com.ar\/wp-content\/uploads\/2025\/09\/wp-header-logo-161.png",960,540,false],"newsium-featured":["https:\/\/fmamiga909.com.ar\/wp-content\/uploads\/2025\/09\/wp-header-logo-161.png",960,540,false],"newsium-medium":["https:\/\/fmamiga909.com.ar\/wp-content\/uploads\/2025\/09\/wp-header-logo-161-720x475.png",720,475,true]},"author_info":{"display_name":"Fredy Giuliano","author_link":"https:\/\/fmamiga909.com.ar\/?author=3"},"category_info":"<a href=\"https:\/\/fmamiga909.com.ar\/?cat=21\" rel=\"category\">Deportes<\/a>","tag_info":"Deportes","comment_count":"0","_links":{"self":[{"href":"https:\/\/fmamiga909.com.ar\/index.php?rest_route=\/wp\/v2\/posts\/24073","targetHints":{"allow":["GET"]}}],"collection":[{"href":"https:\/\/fmamiga909.com.ar\/index.php?rest_route=\/wp\/v2\/posts"}],"about":[{"href":"https:\/\/fmamiga909.com.ar\/index.php?rest_route=\/wp\/v2\/types\/post"}],"author":[{"embeddable":true,"href":"https:\/\/fmamiga909.com.ar\/index.php?rest_route=\/wp\/v2\/users\/3"}],"replies":[{"embeddable":true,"href":"https:\/\/fmamiga909.com.ar\/index.php?rest_route=%2Fwp%2Fv2%2Fcomments&post=24073"}],"version-history":[{"count":0,"href":"https:\/\/fmamiga909.com.ar\/index.php?rest_route=\/wp\/v2\/posts\/24073\/revisions"}],"wp:featuredmedia":[{"embeddable":true,"href":"https:\/\/fmamiga909.com.ar\/index.php?rest_route=\/wp\/v2\/media\/24074"}],"wp:attachment":[{"href":"https:\/\/fmamiga909.com.ar\/index.php?rest_route=%2Fwp%2Fv2%2Fmedia&parent=24073"}],"wp:term":[{"taxonomy":"category","embeddable":true,"href":"https:\/\/fmamiga909.com.ar\/index.php?rest_route=%2Fwp%2Fv2%2Fcategories&post=24073"},{"taxonomy":"post_tag","embeddable":true,"href":"https:\/\/fmamiga909.com.ar\/index.php?rest_route=%2Fwp%2Fv2%2Ftags&post=24073"}],"curies":[{"name":"wp","href":"https:\/\/api.w.org\/{rel}","templated":true}]}}