{"id":24194,"date":"2025-09-16T22:05:52","date_gmt":"2025-09-16T22:05:52","guid":{"rendered":"https:\/\/fmamiga909.com.ar\/?p=24194"},"modified":"2025-09-16T22:05:52","modified_gmt":"2025-09-16T22:05:52","slug":"river-abre-su-serie-ante-palmeiras-en-una-final-anticipada","status":"publish","type":"post","link":"https:\/\/fmamiga909.com.ar\/?p=24194","title":{"rendered":"River abre su serie ante Palmeiras en una final anticipada"},"content":{"rendered":"<div><!-- Body --><\/p>\n<p>A<b> River<\/b> le toca cruzarse con uno de los grandes candidatos de la <b>Copa Libertadores<\/b>. Por eso, <b>el partido ante Palmeiras de este mi\u00e9rcoles a las 21.30 en el estadio Monumental (transmiten Telef\u00e9, Fox Sports y Disney +), tiene todo el aspecto de una final anticipada<\/b> entre dos equipos que acaso hubieran querido encontrarse en una instancia m\u00e1s decisiva que los cuartos de final.<\/p>\n<p><b>El equipo de Marcelo Gallardo dej\u00f3 buenas sensaciones en su victoria por 2-1 del s\u00e1bado en La Plata ante Estudiantes:<\/b> jug\u00f3 media hora muy interesante, con presi\u00f3n, energ\u00eda y llegadas y cuando se qued\u00f3 con uno menos por la expulsi\u00f3n de Lucas Mart\u00ednez Quarta, aport\u00f3 dientes apretados para sostener la diferencia. Ante Palmeiras, no deber\u00e1 mostrar menos que eso y tendr\u00e1 que esforzarse para lograr una victoria que le haga m\u00e1s sencillo el viaje de la pr\u00f3xima semana a San Pablo.<\/p>\n<p>Las dudas del entrenador \u00abmillonario\u00bb pasan por sostener el mismo 5-3-2 que puso ante Estudiantes o cambiar por un 4-4-2. Si decidiera insistir, <b>Juan Carlos Portillo<\/b> volver\u00e1 a jugar junto con <b>Mart\u00ednez Quarta<\/b> y <b>Paulo D\u00edaz<\/b> y en el medio, los colombianos <b>Kevin Casta\u00f1o <\/b>o<b> Juan Fernando Quintero<\/b> ir\u00edan por el suspendido <b>Giuliano Galoppo,<\/b> expulsado en el desquite de octavos frente a Libertad de Paraguay. Si volviera la l\u00ednea de cuatro, <b>Portillo<\/b> podr\u00eda ir a la media cancha acompa\u00f1ando a<b> Enzo P\u00e9rez<\/b> con <b>Ignacio Fern\u00e1ndez<\/b> y Casta\u00f1o o Quintero por las bandas. <b>En todos los casos, Sebasti\u00e1n Driussi y Maximiliano Salas compondr\u00e1n el ataque.<\/b><\/p>\n<p><b>A partir de su poder\u00edo econ\u00f3mico, Palmeiras es uno de los grandes candidatos a ganar la Copa. Pero adem\u00e1s, le va muy bien en el campeonato brasile\u00f1o, en el que escolta a Flamengo a cuatro puntos de distancia<\/b>. El domingo pasado, vapule\u00f3 de local a Internacional de Porto Alegre por 4 a 1 con tres goles antes de la primera media hora de juego. El ex lateral derecho de San Lorenzo,<b> Agust\u00edn Giay<\/b>, el ex mediocentro de Racing, <b>Anibal Moreno<\/b> y el ex centrodelantero de Lan\u00fas, <b>Jos\u00e9 Manuel \u00abFlaco\u00bb L\u00f3pez,<\/b> ser\u00e1n titulares en el equipo brasile\u00f1o que m\u00ednimamente saldr\u00e1 a no perder. Pero no desperdiciar\u00e1 la oportunidad de ganar si se le diera esa posibilidad.<\/p>\n<p><!-- Live Blog Post --><\/div>\n<p><a href=\"https:\/\/www.pagina12.com.ar\/858348-river-abre-su-serie-ante-palmeiras-en-una-final-anticipada\">source<\/a><\/p>\n","protected":false},"excerpt":{"rendered":"<p>A River le toca cruzarse con uno de los grandes candidatos de la Copa Libertadores&#8230;.<\/p>\n","protected":false},"author":3,"featured_media":24195,"comment_status":"closed","ping_status":"closed","sticky":false,"template":"","format":"standard","meta":{"footnotes":""},"categories":[21],"tags":[],"class_list":["post-24194","post","type-post","status-publish","format-standard","has-post-thumbnail","hentry","category-deportes"],"featured_image_urls":{"full":["https:\/\/fmamiga909.com.ar\/wp-content\/uploads\/2025\/09\/wp-header-logo-214.png",960,540,false],"thumbnail":["https:\/\/fmamiga909.com.ar\/wp-content\/uploads\/2025\/09\/wp-header-logo-214-150x150.png",150,150,true],"medium":["https:\/\/fmamiga909.com.ar\/wp-content\/uploads\/2025\/09\/wp-header-logo-214-300x169.png",300,169,true],"medium_large":["https:\/\/fmamiga909.com.ar\/wp-content\/uploads\/2025\/09\/wp-header-logo-214.png",960,540,false],"large":["https:\/\/fmamiga909.com.ar\/wp-content\/uploads\/2025\/09\/wp-header-logo-214.png",640,360,false],"1536x1536":["https:\/\/fmamiga909.com.ar\/wp-content\/uploads\/2025\/09\/wp-header-logo-214.png",960,540,false],"2048x2048":["https:\/\/fmamiga909.com.ar\/wp-content\/uploads\/2025\/09\/wp-header-logo-214.png",960,540,false],"newsium-slider-full":["https:\/\/fmamiga909.com.ar\/wp-content\/uploads\/2025\/09\/wp-header-logo-214.png",960,540,false],"newsium-featured":["https:\/\/fmamiga909.com.ar\/wp-content\/uploads\/2025\/09\/wp-header-logo-214.png",960,540,false],"newsium-medium":["https:\/\/fmamiga909.com.ar\/wp-content\/uploads\/2025\/09\/wp-header-logo-214-720x475.png",720,475,true]},"author_info":{"display_name":"Fredy Giuliano","author_link":"https:\/\/fmamiga909.com.ar\/?author=3"},"category_info":"<a href=\"https:\/\/fmamiga909.com.ar\/?cat=21\" rel=\"category\">Deportes<\/a>","tag_info":"Deportes","comment_count":"0","_links":{"self":[{"href":"https:\/\/fmamiga909.com.ar\/index.php?rest_route=\/wp\/v2\/posts\/24194","targetHints":{"allow":["GET"]}}],"collection":[{"href":"https:\/\/fmamiga909.com.ar\/index.php?rest_route=\/wp\/v2\/posts"}],"about":[{"href":"https:\/\/fmamiga909.com.ar\/index.php?rest_route=\/wp\/v2\/types\/post"}],"author":[{"embeddable":true,"href":"https:\/\/fmamiga909.com.ar\/index.php?rest_route=\/wp\/v2\/users\/3"}],"replies":[{"embeddable":true,"href":"https:\/\/fmamiga909.com.ar\/index.php?rest_route=%2Fwp%2Fv2%2Fcomments&post=24194"}],"version-history":[{"count":0,"href":"https:\/\/fmamiga909.com.ar\/index.php?rest_route=\/wp\/v2\/posts\/24194\/revisions"}],"wp:featuredmedia":[{"embeddable":true,"href":"https:\/\/fmamiga909.com.ar\/index.php?rest_route=\/wp\/v2\/media\/24195"}],"wp:attachment":[{"href":"https:\/\/fmamiga909.com.ar\/index.php?rest_route=%2Fwp%2Fv2%2Fmedia&parent=24194"}],"wp:term":[{"taxonomy":"category","embeddable":true,"href":"https:\/\/fmamiga909.com.ar\/index.php?rest_route=%2Fwp%2Fv2%2Fcategories&post=24194"},{"taxonomy":"post_tag","embeddable":true,"href":"https:\/\/fmamiga909.com.ar\/index.php?rest_route=%2Fwp%2Fv2%2Ftags&post=24194"}],"curies":[{"name":"wp","href":"https:\/\/api.w.org\/{rel}","templated":true}]}}