{"id":24202,"date":"2025-09-16T22:50:55","date_gmt":"2025-09-16T22:50:55","guid":{"rendered":"https:\/\/fmamiga909.com.ar\/?p=24202"},"modified":"2025-09-16T22:50:55","modified_gmt":"2025-09-16T22:50:55","slug":"san-lorenzo-entro-en-estado-de-acefalia-y-moretti-dejo-de-ser-el-presidente","status":"publish","type":"post","link":"https:\/\/fmamiga909.com.ar\/?p=24202","title":{"rendered":"San Lorenzo entr\u00f3 en estado de acefal\u00eda y Moretti dej\u00f3 de ser el presidente"},"content":{"rendered":"<div><!-- Body --><\/p>\n<p>El bloque del vicepresidente segundo de San Lorenzo, Andr\u00e9s Terzano, renunci\u00f3 a sus cargos en la dirigencia, el club entr\u00f3 en estado de acefal\u00eda y tendr\u00eda elecciones anticipadas tras la salida de Marcelo Moretti como presidente.<\/p>\n<p>Terzano, junto a su bloque integrado por Mateo Sagardoy, Leandro Virardi y Mar\u00eda Soledad Boufflet, presentaron sus renuncias a las vocal\u00edas y el club entr\u00f3 en estado de acefal\u00eda, concretando la ida de Moretti como presidente.<\/p>\n<p>La acefal\u00eda se da ya que quedaron menos de diez integrantes en la Comisi\u00f3n Directiva. Ahora, el secretario Alejandro Tamer deber\u00e1 convocar a una Asamblea extraordinaria y elegir un gobierno de transici\u00f3n o elecciones anticipadas, que podr\u00edan ser entre diciembre y marzo.<\/p>\n<p>El presidente saliente Moretti no asisti\u00f3 a la reuni\u00f3n directiva por cuestiones de seguridad, que se llevo a cabo en el estadio Pedro Bidegain, donde varios socios se congregaron a manifestar contra el retorno de Moretti al cargo.<\/p>\n<p>Otro que tampoco estuvo presente fue el ex mediocampista paraguayo y actual vocal, N\u00e9stor Ortigoza, un futbolista que llev\u00f3 a la gloria a San Lorenzo ganando la Copa Libertadores 2014, y hoy se convirti\u00f3 en uno de los focos de cr\u00edticas de los hinchas.<\/p>\n<p>Prueba de esto son las banderas que colgaron en la Puerta 1 y 2 del recinto ubicado en el barrio porte\u00f1o de Bajo Flores, donde apuntan a Ortigoza con la leyenda \u201cMercenario renunci\u00e1. No te queremos en SL\u201d. Adem\u00e1s, otra ten\u00eda la inscripci\u00f3n \u201cSan Lorenzo no es una t\u00f3mbola, es un sentimiento. Sean responsables\u201d.<\/p>\n<p>El vocal oficialista Christian Evangelista se acerc\u00f3 a los socios para confirmar la acefal\u00eda y estos ingresaron al estadio donde habl\u00f3 el secretario saliente Mart\u00edn Cigna, el cual denunci\u00f3 en los \u00faltimos d\u00edas la falsificaci\u00f3n de su firma, que anunci\u00f3 oficialmente el estado ac\u00e9falo.<\/p>\n<p>\u201cA partir de ahora la asamblea ser\u00e1 el \u00f3rgano encargado de establecer los procedimientos que le permitan la continuidad institucional a San Lorenzo. No es f\u00e1cil lograr la acefal\u00eda, llegamos con lo justo. Hasta el d\u00eda de hoy estuvimos conversando para dar la mejor salida institucional\u201d, comunic\u00f3 Cigna.<\/p>\n<p>Adem\u00e1s, el secretario saliente asegur\u00f3 que la acefal\u00eda \u201ces el fracaso de una gesti\u00f3n\u201d y \u201cpor responsabilidad principal del ex presidente Marcelo Moretti, San Lorenzo est\u00e1 como est\u00e1\u201d.<\/p>\n<p>Las renuncias que provocaron la acefal\u00eda del club de Boedo fueron la de Julio Lopardo, Andr\u00e9s Terzano, Uriel Barros, Leandro Goroyesky, Javier Allievi, Soledad Boufflet, Mateo Sagardoy, Pablo Garc\u00eda lago, Bel\u00e9n Lugones, Marcelo Culotta, Agustina Nordenstrom, Leonardo Virardi y el ya nombrado Cigna.<\/p>\n<p>La noticia sacudi\u00f3 al mundo del f\u00fatbol argentino, ya que se trata de uno de los clubes m\u00e1s grandes y con mayor historia del pa\u00eds. Ahora, con la renuncia masiva de sus autoridades, San Lorenzo entra en una etapa de profunda incertidumbre institucional.<\/p>\n<p>La responsabilidad de garantizar la estabilidad y definir los pr\u00f3ximos pasos recae sobre la Asamblea, que deber\u00e1 actuar con celeridad y consenso para evitar un vac\u00edo de poder prolongado que ponga en riesgo el funcionamiento deportivo y administrativo del club.<\/p>\n<p><!-- Live Blog Post --><\/div>\n<p><a href=\"https:\/\/www.pagina12.com.ar\/858370-san-lorenzo-entro-en-estado-de-acefalia-y-moretti-dejo-de-se\">source<\/a><\/p>\n","protected":false},"excerpt":{"rendered":"<p>El bloque del vicepresidente segundo de San Lorenzo, Andr\u00e9s Terzano, renunci\u00f3 a sus cargos en&#8230;<\/p>\n","protected":false},"author":3,"featured_media":24203,"comment_status":"closed","ping_status":"closed","sticky":false,"template":"","format":"standard","meta":{"footnotes":""},"categories":[21],"tags":[],"class_list":["post-24202","post","type-post","status-publish","format-standard","has-post-thumbnail","hentry","category-deportes"],"featured_image_urls":{"full":["https:\/\/fmamiga909.com.ar\/wp-content\/uploads\/2025\/09\/wp-header-logo-218.png",960,540,false],"thumbnail":["https:\/\/fmamiga909.com.ar\/wp-content\/uploads\/2025\/09\/wp-header-logo-218-150x150.png",150,150,true],"medium":["https:\/\/fmamiga909.com.ar\/wp-content\/uploads\/2025\/09\/wp-header-logo-218-300x169.png",300,169,true],"medium_large":["https:\/\/fmamiga909.com.ar\/wp-content\/uploads\/2025\/09\/wp-header-logo-218.png",960,540,false],"large":["https:\/\/fmamiga909.com.ar\/wp-content\/uploads\/2025\/09\/wp-header-logo-218.png",640,360,false],"1536x1536":["https:\/\/fmamiga909.com.ar\/wp-content\/uploads\/2025\/09\/wp-header-logo-218.png",960,540,false],"2048x2048":["https:\/\/fmamiga909.com.ar\/wp-content\/uploads\/2025\/09\/wp-header-logo-218.png",960,540,false],"newsium-slider-full":["https:\/\/fmamiga909.com.ar\/wp-content\/uploads\/2025\/09\/wp-header-logo-218.png",960,540,false],"newsium-featured":["https:\/\/fmamiga909.com.ar\/wp-content\/uploads\/2025\/09\/wp-header-logo-218.png",960,540,false],"newsium-medium":["https:\/\/fmamiga909.com.ar\/wp-content\/uploads\/2025\/09\/wp-header-logo-218-720x475.png",720,475,true]},"author_info":{"display_name":"Fredy Giuliano","author_link":"https:\/\/fmamiga909.com.ar\/?author=3"},"category_info":"<a href=\"https:\/\/fmamiga909.com.ar\/?cat=21\" rel=\"category\">Deportes<\/a>","tag_info":"Deportes","comment_count":"0","_links":{"self":[{"href":"https:\/\/fmamiga909.com.ar\/index.php?rest_route=\/wp\/v2\/posts\/24202","targetHints":{"allow":["GET"]}}],"collection":[{"href":"https:\/\/fmamiga909.com.ar\/index.php?rest_route=\/wp\/v2\/posts"}],"about":[{"href":"https:\/\/fmamiga909.com.ar\/index.php?rest_route=\/wp\/v2\/types\/post"}],"author":[{"embeddable":true,"href":"https:\/\/fmamiga909.com.ar\/index.php?rest_route=\/wp\/v2\/users\/3"}],"replies":[{"embeddable":true,"href":"https:\/\/fmamiga909.com.ar\/index.php?rest_route=%2Fwp%2Fv2%2Fcomments&post=24202"}],"version-history":[{"count":0,"href":"https:\/\/fmamiga909.com.ar\/index.php?rest_route=\/wp\/v2\/posts\/24202\/revisions"}],"wp:featuredmedia":[{"embeddable":true,"href":"https:\/\/fmamiga909.com.ar\/index.php?rest_route=\/wp\/v2\/media\/24203"}],"wp:attachment":[{"href":"https:\/\/fmamiga909.com.ar\/index.php?rest_route=%2Fwp%2Fv2%2Fmedia&parent=24202"}],"wp:term":[{"taxonomy":"category","embeddable":true,"href":"https:\/\/fmamiga909.com.ar\/index.php?rest_route=%2Fwp%2Fv2%2Fcategories&post=24202"},{"taxonomy":"post_tag","embeddable":true,"href":"https:\/\/fmamiga909.com.ar\/index.php?rest_route=%2Fwp%2Fv2%2Ftags&post=24202"}],"curies":[{"name":"wp","href":"https:\/\/api.w.org\/{rel}","templated":true}]}}