{"id":24214,"date":"2025-09-17T19:01:47","date_gmt":"2025-09-17T19:01:47","guid":{"rendered":"https:\/\/fmamiga909.com.ar\/?p=24214"},"modified":"2025-09-17T19:01:47","modified_gmt":"2025-09-17T19:01:47","slug":"copa-davis-alemania-el-rival-que-arrojo-un-sorteo-provechoso-para-argentina","status":"publish","type":"post","link":"https:\/\/fmamiga909.com.ar\/?p=24214","title":{"rendered":"Copa Davis: Alemania, el rival que arroj\u00f3 un sorteo provechoso para Argentina"},"content":{"rendered":"<div><!-- Body --><\/p>\n<p>El equipo argentino de la <a href=\"https:\/\/www.pagina12.com.ar\/tags\/1344-copa-davis\"><b>Copa Davis<\/b><\/a>\u00a0ya conoce cu\u00e1l ser\u00e1 su rival en los cuartos de final del Final 8, el certamen por la ensaladera de plata que se jugar\u00e1 del 18 al 23 de noviembre en Bologna: <b>se trata de Alemania, que aparec\u00eda como segunda naci\u00f3n preclasificada en el sorteo llevado a cabo este mi\u00e9rcoles <\/b>en medio de la\u00a0Piazza Maggiore de la ciudad italiana.<\/p>\n<p><b>El equipo dirigido desde este a\u00f1o por Javier Frana<\/b> se gan\u00f3 el derecho a pelear en la instancia definitoria luego de dos victorias como visitante, ancladas en un equipo con variantes y sin puntos flacos: <b><a href=\"https:\/\/www.pagina12.com.ar\/800850-sufrir-para-resurgir-argentina-alimento-su-historia-y-avanzo\">en febrero derrot\u00f3 3-2 a Noruega en Oslo<\/a>, <\/b>en el debut del nuevo capit\u00e1n en reemplazo de Guillermo Coria, y el pasado fin de semana <b><a href=\"https:\/\/www.pagina12.com.ar\/857643-argentina-se-metio-en-el-final-8-por-que-puede-sonar-con-el-\">se impuso 3-1 frente a Pa\u00edses Bajos en Groningen.<\/a><\/b>\u00a0Ambas series las gan\u00f3 en superficie dura bajo techo, <b>las mismas condiciones que presentar\u00e1 el estadio\u00a0Bologna Fiere de Bologna, el escenario que albergar\u00e1 el Final 8.<\/b><\/p>\n<p>Argentina entr\u00f3 en el sorteo sin saber si ser\u00eda preclasificado por compartir el mismo ranking (8\u00b0) con Rep\u00fablica Checa en el listado oficial de naciones de la Federaci\u00f3n Internacional de Tenis (ITF). <b>El azar determin\u00f3 que no lo fuera, por lo que apareci\u00f3 en el bombo de equipos no sembrados junto con Espa\u00f1a, B\u00e9lgica y Austria.<\/b> En ese contexto el resultado termin\u00f3 por ser provechoso: <b>el rival es Alemania, cuando pudo haber sido el bicampe\u00f3n defensor y anfitri\u00f3n Italia o los propios checos, o bien Espa\u00f1a<\/b>, en caso de haber sido preclasificado.<\/p>\n<p>\u201cSiempre lo que toca es lo mejor.<b> Con los a\u00f1os aprend\u00ed que lo que no se puede controlar y no est\u00e1 a tu alcance<\/b>, es simplemente dejar que vaya para el lado que tenga que ir. En ese sentido, no ten\u00eda expectativas ni preferencias. <b>Nos toc\u00f3 Alemania y es donde nosotros vamos a poner el foco como primer paso\u00bb, <\/b>expres\u00f3 Frana, una vez que conoci\u00f3 qu\u00e9 equipo ser\u00eda el primer escollo de la Argentina en Italia.<\/p>\n<p>Por su parte <b>Michael Kohlmann, el capit\u00e1n alem\u00e1n,<\/b> avis\u00f3 que dar\u00e1n pelea m\u00e1s all\u00e1 del potencial argentino: <b>\u00abArgentina, como gran naci\u00f3n ten\u00edstica, es un rival dif\u00edcil. Con Francisco Cer\u00fandolo y Tom\u00e1s Etcheverry<\/b> tienen dos singlistas extraordinariamente buenos. <b>Adem\u00e1s est\u00e1 Horacio Zeballos, que ya ha ganado dos torneos de Grand Slam en dobles este a\u00f1o. <\/b>Est\u00e1n muy bien posicionados, pero no son imbatibles. Espero una serie re\u00f1ida\u00bb.<\/p>\n<p>Fiel a su fruct\u00edfera historia,\u00a0con <b><a href=\"https:\/\/www.pagina12.com.ar\/385339-daniel-orsanic-me-autocensure-la-emocion-por-ganar-la-copa-d\">el hist\u00f3rico t\u00edtulo de 2016 <\/a><\/b>y otras cuatro finales disputadas, <b>el equipo de Frana, en efecto, cuenta con un plantel compacto. <\/b>Entre los singlistas est\u00e1n <b>el n\u00famero uno Cer\u00fandolo (21\u00b0) y Etcheverry (63\u00b0),<\/b> que ganaron sus sendos puntos ante Pa\u00edses Bajos, pero asoman m\u00e1s alternativas en la pareja lucha por un espacio: <b>Sebasti\u00e1n B\u00e1ez (41\u00b0),<\/b> de gran recorrido desde su estreno en 2022, y <b>Francisco Comesa\u00f1a (60\u00b0)<\/b>, debutante contra los neerlandeses, adem\u00e1s de <b>Camilo Ugo Carabelli (43\u00b0),<\/b> quien aguarda por su primera aparici\u00f3n. En dobles acaso tenga la dupla m\u00e1s competitiva del Final 8: <b>Horacio Zeballos (5\u00b0; ex n\u00famero uno del mundo), campe\u00f3n este a\u00f1o en Roland Garros y en el US Open, y Andr\u00e9s Molteni (19\u00b0; ex 7\u00b0).<\/b><\/p>\n<p>La Albiceleste estar\u00e1 en la semana definitoria por segundo a\u00f1o consecutivo: en 2024 cay\u00f3 en los cuartos de final ante Italia en M\u00e1laga, <b>en la \u00faltima conducci\u00f3n de Coria y con el ex n\u00famero uno Zeballos,\u00a0<\/b>ahora reconvertido en un referente indiscutido, marginado por un conflicto con <b><a href=\"https:\/\/www.pagina12.com.ar\/744760-donde-manda-capitan-no-manda-ni-el-numero-uno-horacio-zeball\">el Mago, quien incre\u00edblemente lo hab\u00eda dejado afuera de los Juegos Ol\u00edmpicos de Par\u00eds<\/a>.<\/b><\/p>\n<h3><b>Qu\u00e9 tiene Alemania<\/b><\/h3>\n<p>Alemania arrastra una historia de las m\u00e1s ricas en la vida de la Copa Davis. <b>Campe\u00f3n mundial en tres ocasiones -1988, 1989 y 1993-, <\/b>el equipo europeo viene de clasificarse al Final 8 tras el contundente triunfo por 4-0 ante Jap\u00f3n,<b> incluso sin su principal figura Alexander Zverev (3\u00b0), <\/b>tres veces finalista de Grand Slam, quien <b>no juega por la ensaladera desde la edici\u00f3n de 2023.<\/b><\/p>\n<p><b>Tambi\u00e9n con la ausencia de Daniel Altmaier (49\u00b0)<\/b>, su n\u00famero dos actual, los singlistas en la \u00faltima eliminatoria contra los nipones fueron\u00a0<b>Jan Lennard Struff (97\u00b0) y Yannick Hanfmann (134\u00b0).<\/b> El punto de dobles lo jugaron los especialistas\u00a0<b>Tim Puetz (13\u00b0; ex 6\u00b0) y Kevin Krawietz (12\u00b0; ex 5\u00b0).<\/b><\/p>\n<p>Si repitieran la misma formaci\u00f3n en Bologna, apostar\u00edan por un t\u00e1ndem de singlistas con fuerte recorrido:<b> Struff, de 35 a\u00f1os, lleg\u00f3 a ser el n\u00famero 21 del ranking ATP<\/b>, mientras que <b>Hanfmann, de 33, alguna vez toc\u00f3 el puesto 45. <\/b>El punto m\u00e1s potente, en caso de que no jugara Zverev, ser\u00e1 el doble: <b>Puetz, de 37 a\u00f1os, y\u00a0Krawietz, de 33, conquistaron 11 y 12 t\u00edtulos en la especialidad, <\/b>respectivamente.<\/p>\n<p><a href=\"\/cdn-cgi\/l\/email-protection\" class=\"__cf_email__\" data-cfemail=\"4f3f2e222e2329263b2e21200f3f2e2826212e7e7d612c2022612e3d\">[email\u00a0protected]<\/a><\/p>\n<p><!-- Live Blog Post --><\/div>\n<p><a href=\"https:\/\/www.pagina12.com.ar\/858590-copa-davis-alemania-el-rival-que-arrojo-un-sorteo-provechoso\">source<\/a><\/p>\n","protected":false},"excerpt":{"rendered":"<p>El equipo argentino de la Copa Davis\u00a0ya conoce cu\u00e1l ser\u00e1 su rival en los cuartos&#8230;<\/p>\n","protected":false},"author":3,"featured_media":24215,"comment_status":"closed","ping_status":"closed","sticky":false,"template":"","format":"standard","meta":{"footnotes":""},"categories":[21],"tags":[],"class_list":["post-24214","post","type-post","status-publish","format-standard","has-post-thumbnail","hentry","category-deportes"],"featured_image_urls":{"full":["https:\/\/fmamiga909.com.ar\/wp-content\/uploads\/2025\/09\/wp-header-logo-224.png",960,540,false],"thumbnail":["https:\/\/fmamiga909.com.ar\/wp-content\/uploads\/2025\/09\/wp-header-logo-224-150x150.png",150,150,true],"medium":["https:\/\/fmamiga909.com.ar\/wp-content\/uploads\/2025\/09\/wp-header-logo-224-300x169.png",300,169,true],"medium_large":["https:\/\/fmamiga909.com.ar\/wp-content\/uploads\/2025\/09\/wp-header-logo-224.png",960,540,false],"large":["https:\/\/fmamiga909.com.ar\/wp-content\/uploads\/2025\/09\/wp-header-logo-224.png",640,360,false],"1536x1536":["https:\/\/fmamiga909.com.ar\/wp-content\/uploads\/2025\/09\/wp-header-logo-224.png",960,540,false],"2048x2048":["https:\/\/fmamiga909.com.ar\/wp-content\/uploads\/2025\/09\/wp-header-logo-224.png",960,540,false],"newsium-slider-full":["https:\/\/fmamiga909.com.ar\/wp-content\/uploads\/2025\/09\/wp-header-logo-224.png",960,540,false],"newsium-featured":["https:\/\/fmamiga909.com.ar\/wp-content\/uploads\/2025\/09\/wp-header-logo-224.png",960,540,false],"newsium-medium":["https:\/\/fmamiga909.com.ar\/wp-content\/uploads\/2025\/09\/wp-header-logo-224-720x475.png",720,475,true]},"author_info":{"display_name":"Fredy Giuliano","author_link":"https:\/\/fmamiga909.com.ar\/?author=3"},"category_info":"<a href=\"https:\/\/fmamiga909.com.ar\/?cat=21\" rel=\"category\">Deportes<\/a>","tag_info":"Deportes","comment_count":"0","_links":{"self":[{"href":"https:\/\/fmamiga909.com.ar\/index.php?rest_route=\/wp\/v2\/posts\/24214","targetHints":{"allow":["GET"]}}],"collection":[{"href":"https:\/\/fmamiga909.com.ar\/index.php?rest_route=\/wp\/v2\/posts"}],"about":[{"href":"https:\/\/fmamiga909.com.ar\/index.php?rest_route=\/wp\/v2\/types\/post"}],"author":[{"embeddable":true,"href":"https:\/\/fmamiga909.com.ar\/index.php?rest_route=\/wp\/v2\/users\/3"}],"replies":[{"embeddable":true,"href":"https:\/\/fmamiga909.com.ar\/index.php?rest_route=%2Fwp%2Fv2%2Fcomments&post=24214"}],"version-history":[{"count":0,"href":"https:\/\/fmamiga909.com.ar\/index.php?rest_route=\/wp\/v2\/posts\/24214\/revisions"}],"wp:featuredmedia":[{"embeddable":true,"href":"https:\/\/fmamiga909.com.ar\/index.php?rest_route=\/wp\/v2\/media\/24215"}],"wp:attachment":[{"href":"https:\/\/fmamiga909.com.ar\/index.php?rest_route=%2Fwp%2Fv2%2Fmedia&parent=24214"}],"wp:term":[{"taxonomy":"category","embeddable":true,"href":"https:\/\/fmamiga909.com.ar\/index.php?rest_route=%2Fwp%2Fv2%2Fcategories&post=24214"},{"taxonomy":"post_tag","embeddable":true,"href":"https:\/\/fmamiga909.com.ar\/index.php?rest_route=%2Fwp%2Fv2%2Ftags&post=24214"}],"curies":[{"name":"wp","href":"https:\/\/api.w.org\/{rel}","templated":true}]}}