{"id":24240,"date":"2025-09-18T03:38:50","date_gmt":"2025-09-18T03:38:50","guid":{"rendered":"https:\/\/fmamiga909.com.ar\/?p=24240"},"modified":"2025-09-18T03:38:50","modified_gmt":"2025-09-18T03:38:50","slug":"el-gran-premio-historico-vivio-su-fiesta-popular-en-resistencia","status":"publish","type":"post","link":"https:\/\/fmamiga909.com.ar\/?p=24240","title":{"rendered":"El Gran Premio Hist\u00f3rico vivi\u00f3 su fiesta popular en Resistencia"},"content":{"rendered":"<div><!-- Body --><\/p>\n<p>Desde Resistencia<\/p>\n<p>M\u00e1s de 10 horas y media de carrera, 636 kil\u00f3metros de recorrido, un corte de ruta por una protesta de docentes misioneros y de trabajadores municipales en la localidad de Montecarlo, un corte parcial del puente que une las provincia de Corrientes y Chaco, que demand\u00f3 hasta una hora y media para el cruce, el calor potenciando por el asfalto caliente de la ruta 12, <b>todo el esfuerzo de los pilotos y navegantes que participan de la XXII edici\u00f3n del Gran Premio Hist\u00f3rico vali\u00f3 la pena<\/b>. Una multitud recibi\u00f3 a cada uno de los autos cl\u00e1sicos desvolvi\u00e9ndoles a todos la alegr\u00eda y la satisfacci\u00f3n tras una jornada de carrera dura y exigente.<\/p>\n<p><b>La alegr\u00eda de las familias chaque\u00f1as, de los chicos que les ped\u00edan a los pilotos que aceleraran sus motores para escucharlos<\/b> -con las manos sobre sus orejas-, la exhibici\u00f3n de la agrupaci\u00f3n <b>Restaurando Historia, que llev\u00f3 diferentes autos antiguos, entre ellos un cami\u00f3n de la Segunda Guerra Mundial, y motocicletas restauradas<\/b> completaron el encuentro cultural que el GPH provoca en las distintas localidades y en los rec\u00f3nditos parajes que la caravana de autos va tocando a su paso.<\/p>\n<div class=\"medium-insert-embeds\">\n<figure>\n<div class=\"medium-insert-embed\">\n<div align=\"center\">\n<figure role=\"group\" class=\"caption caption-drupal-entity\"><figcaption>Una de las joyas exhibidas en el Parque de la Democracia \/ Prensa ACA Juan Biaggini.<\/figcaption><\/figure>\n<\/div><\/div>\n<\/figure>\n<\/div>\n<p>En medio de este <b>clima festivo, el Autom\u00f3vil Club Argentino, que este a\u00f1o festeja sus 121 a\u00f1os de historia, recibi\u00f3 por parte de las autoridades de Resistencia y de la gobernaci\u00f3n de Chaco<\/b>, el reconocimiento para el Gran Premio Hist\u00f3rico como <b>\u00abEvento de Inter\u00e9s Cultural para la provincia\u00bb, que recibi\u00f3 de manos de la Presidenta del Instituto de Turismo de Chago, Ver\u00f3nica Mazzaroli<\/b>, quien destac\u00f3 que el Gran Premio \u00abse convierte en una vidriera estrat\u00e9gica, para promocionar el turismo en la provincia y visibilizar la riqueza del territorio chaque\u00f1o, entre ellos el Parque Nacional del Impenetrable, y las esculturas que los visitantes pueden disfrutar en las calles de la Resistencia\u00bb. Hubo tambi\u00e9n distinciones por parte de la legislatura local, todas recibidas en mano por el<b> vicepresidente segundo del ACA, Jorge Revello, quien agradeci\u00f3 el apoyo y el gran recibimiento de los chaque\u00f1os, remarcando \u00abel car\u00e1cter deportivo, cultural y solidario que tiene esta carrera de regularidad<\/b>, considerada como un verdadero <b>&#8216;Museo Itinerante&#8217; de la historia del automovilismo nacional y regional<\/b>\u00ab.<\/p>\n<div class=\"medium-insert-embeds\">\n<figure>\n<div class=\"medium-insert-embed\">\n<div align=\"center\">\n<figure role=\"group\" class=\"caption caption-drupal-entity\"><figcaption>Ver\u00f3nica Mazzaroli entrega la distinci\u00f3n a Jorge Revello, vice 2do del ACA \/ Foto Juan Biaggini<\/figcaption><\/figure>\n<\/div><\/div>\n<\/figure>\n<\/div>\n<p><b>Lo que se vivi\u00f3 en el Parque de la Democracia de esta ciudad fue una fiesta popular y una muestra cabal del amor que los fan\u00e1ticos del automovilismo tienen por los &#8216;fierros&#8217;.<\/b> Adem\u00e1s de los autos, el Instituto de Turismo del Chaco mont\u00f3 un stand de informaci\u00f3n tur\u00edstica, con la intenci\u00f3n de mostrarles a visitantes y residentes los atractivos naturales, y las propuestas culturales y gastron\u00f3micos de la provincia.<\/p>\n<div class=\"medium-insert-embeds medium-insert-embeds-selected ninja-selected\">\n<figure>\n<div class=\"medium-insert-embed\">\n<div align=\"center\">\n<figure role=\"group\" class=\"caption caption-drupal-entity\"><figcaption>Los chaque\u00f1os dijeron presente en el Parque de la Democracia. \/ Prensa ACA Juan Biaggini.<\/figcaption><\/figure>\n<\/div><\/div>\n<\/figure>\n<\/div>\n<p><b>En cuanto a lo deportivo, la cuarta etapa, uniendo las provincias de Misiones, Corrientes y Chaco &#8211;<\/b>con pasos por las localidades de Puerto Iguaz\u00fa, El Dorado, El Alcazar, Montecarlo, Jard\u00edn Am\u00e9rica y Posadas; Ituzaing\u00f3, Ita Ibate y Corrientes; con destino final en Resistencia-, se la adjudicaron<b>\u00a0Carlos Lareu y Virginia Schmidt (BMW 320, GT 1982) <\/b>-ganadores tambi\u00e9n de la tercera etapa-<b>, seguidos por Jorge Garc\u00eda e Ignacio Zacar\u00edas (Renault Fuego GT 1981) <\/b>y Carlos Berisso y Horacio Riccio (Volvo 122 S, de 1963). Con estos resultados, la clasificaci\u00f3n general est\u00e1 siendo liderara por\u00a0<b>Andr\u00e9s Castelli y Juli\u00e1n Quatrocchi (Fiat 128, de 1975)<\/b>, seguidos por\u00a0Mariano Cort\u00e9s Ramos e Ignacio Cort\u00e9s Maccarini (Fiat 128, de 1971) y Marcelo G\u00f3mez y Juan Carlos Quiroga (Renault 13, 1976). Mientras que, en el cuarto lugar se ubicaron los dos veces campeones del GPH, Edgardo Vergani y V\u00edctor Sorrentino (Peugeot 404 GP, de 1977).<\/p>\n<p><b>La quinta y ente\u00faltima etapa iniciar\u00e1 este jueves a las 7.30<\/b>, para unir las provincias de Chaco, Corrientes y Entre R\u00edos, con salida de Resistencia y pasos por Corrientes, Cuatro Bocas, Mercedes, Curuz\u00fa Cuatia, Federaci\u00f3n y Concordia, desde donde este viernes iniciar\u00e1 la sexta y \u00faltima etapa, con destino final en la ciudad de Santa Fe.\u00a0\u00a0<\/p>\n<p><!-- Live Blog Post --><\/div>\n<p><a href=\"https:\/\/www.pagina12.com.ar\/858808-el-gran-premio-historico-vivio-su-fiesta-popular-en-resisten\">source<\/a><\/p>\n","protected":false},"excerpt":{"rendered":"<p>Desde Resistencia M\u00e1s de 10 horas y media de carrera, 636 kil\u00f3metros de recorrido, un&#8230;<\/p>\n","protected":false},"author":3,"featured_media":24241,"comment_status":"closed","ping_status":"closed","sticky":false,"template":"","format":"standard","meta":{"footnotes":""},"categories":[21],"tags":[],"class_list":["post-24240","post","type-post","status-publish","format-standard","has-post-thumbnail","hentry","category-deportes"],"featured_image_urls":{"full":["https:\/\/fmamiga909.com.ar\/wp-content\/uploads\/2025\/09\/wp-header-logo-237.png",960,540,false],"thumbnail":["https:\/\/fmamiga909.com.ar\/wp-content\/uploads\/2025\/09\/wp-header-logo-237-150x150.png",150,150,true],"medium":["https:\/\/fmamiga909.com.ar\/wp-content\/uploads\/2025\/09\/wp-header-logo-237-300x169.png",300,169,true],"medium_large":["https:\/\/fmamiga909.com.ar\/wp-content\/uploads\/2025\/09\/wp-header-logo-237.png",960,540,false],"large":["https:\/\/fmamiga909.com.ar\/wp-content\/uploads\/2025\/09\/wp-header-logo-237.png",640,360,false],"1536x1536":["https:\/\/fmamiga909.com.ar\/wp-content\/uploads\/2025\/09\/wp-header-logo-237.png",960,540,false],"2048x2048":["https:\/\/fmamiga909.com.ar\/wp-content\/uploads\/2025\/09\/wp-header-logo-237.png",960,540,false],"newsium-slider-full":["https:\/\/fmamiga909.com.ar\/wp-content\/uploads\/2025\/09\/wp-header-logo-237.png",960,540,false],"newsium-featured":["https:\/\/fmamiga909.com.ar\/wp-content\/uploads\/2025\/09\/wp-header-logo-237.png",960,540,false],"newsium-medium":["https:\/\/fmamiga909.com.ar\/wp-content\/uploads\/2025\/09\/wp-header-logo-237-720x475.png",720,475,true]},"author_info":{"display_name":"Fredy Giuliano","author_link":"https:\/\/fmamiga909.com.ar\/?author=3"},"category_info":"<a href=\"https:\/\/fmamiga909.com.ar\/?cat=21\" rel=\"category\">Deportes<\/a>","tag_info":"Deportes","comment_count":"0","_links":{"self":[{"href":"https:\/\/fmamiga909.com.ar\/index.php?rest_route=\/wp\/v2\/posts\/24240","targetHints":{"allow":["GET"]}}],"collection":[{"href":"https:\/\/fmamiga909.com.ar\/index.php?rest_route=\/wp\/v2\/posts"}],"about":[{"href":"https:\/\/fmamiga909.com.ar\/index.php?rest_route=\/wp\/v2\/types\/post"}],"author":[{"embeddable":true,"href":"https:\/\/fmamiga909.com.ar\/index.php?rest_route=\/wp\/v2\/users\/3"}],"replies":[{"embeddable":true,"href":"https:\/\/fmamiga909.com.ar\/index.php?rest_route=%2Fwp%2Fv2%2Fcomments&post=24240"}],"version-history":[{"count":0,"href":"https:\/\/fmamiga909.com.ar\/index.php?rest_route=\/wp\/v2\/posts\/24240\/revisions"}],"wp:featuredmedia":[{"embeddable":true,"href":"https:\/\/fmamiga909.com.ar\/index.php?rest_route=\/wp\/v2\/media\/24241"}],"wp:attachment":[{"href":"https:\/\/fmamiga909.com.ar\/index.php?rest_route=%2Fwp%2Fv2%2Fmedia&parent=24240"}],"wp:term":[{"taxonomy":"category","embeddable":true,"href":"https:\/\/fmamiga909.com.ar\/index.php?rest_route=%2Fwp%2Fv2%2Fcategories&post=24240"},{"taxonomy":"post_tag","embeddable":true,"href":"https:\/\/fmamiga909.com.ar\/index.php?rest_route=%2Fwp%2Fv2%2Ftags&post=24240"}],"curies":[{"name":"wp","href":"https:\/\/api.w.org\/{rel}","templated":true}]}}