{"id":24246,"date":"2025-09-18T20:16:18","date_gmt":"2025-09-18T20:16:18","guid":{"rendered":"https:\/\/fmamiga909.com.ar\/?p=24246"},"modified":"2025-09-18T20:16:18","modified_gmt":"2025-09-18T20:16:18","slug":"colapinto-regresa-a-baku-donde-sumo-sus-primeros-puntos","status":"publish","type":"post","link":"https:\/\/fmamiga909.com.ar\/?p=24246","title":{"rendered":"Colapinto regresa a Bak\u00fa, donde sum\u00f3 sus primeros puntos"},"content":{"rendered":"<div><!-- Body --><\/p>\n<p>Franco Colapinto vuelve al circuito donde sum\u00f3 sus primeros puntos. Desde este viernes, el pilarense volver\u00e1 a manejar en el callejero de Bak\u00fa, una pista en la que el a\u00f1o pasado, a bordo del Williams, brill\u00f3 con un octavo puesto que dej\u00f3 impresionado al mundo de la F\u00f3rmula 1. Ahora, con el d\u00e9bil Alpine que sufre la falta de potencia del motor Renault en cada carrera, buscar\u00e1 repetir el logro, que ser\u00eda una aut\u00e9ntica haza\u00f1a si se toman en cuenta las nuevas circunstancias.\u00a0<\/p>\n<p>Este viernes ser\u00e1n las primeras dos pruebas libres en uno de los circuitos m\u00e1s fascinantes del calendario, con los muros al costado del asfalto que castigan cualquier error, con la famosa y lent\u00edsima curva del castillo como la principal atracci\u00f3n, pero a la vez con unas rectas largas en las que se superan los 350 kil\u00f3metros por hora y donde los Alpine padecer\u00e1n como les pas\u00f3 hace dos semanas en Monza. Una puesta a punto equilibrada, para combinar la parte trabada de la zona antigua de la ciudad con los tramos de alta velocidad, resultar\u00e1 clave para lograr un buen resultado.<\/p>\n<p>En lo que va de la temporada, Colapinto todav\u00eda no pudo sumar puntos y necesita buenos resultados para garantizar su continuidad para el a\u00f1o pr\u00f3ximo. En tres de los \u00faltimos cuatro Grandes Premios super\u00f3 a su compa\u00f1ero de equipo, Pierre Gasly, por lo que reforz\u00f3 sus chances e, incluso, motiv\u00f3 un cambio de opini\u00f3n en el jefe de Alpine, Flavio Briatore, que hace un mes hab\u00eda dicho que se hab\u00eda apresurado en promover al argentino, pero luego del und\u00e9cimo puesto en Zandvoort expres\u00f3 que Colapinto estaba cumpliendo con las expectativas y que lo est\u00e1 considerando para la eventual renovaci\u00f3n. El otro punto clave para el argentino es que lleg\u00f3 la etapa del certamen que particip\u00f3 el a\u00f1o pasado con Williams, lo que significa que conoce todos los circuitos que restan y tiene un plus de confianza para exprimir el auto al m\u00e1ximo.<\/p>\n<p>Al margen de lo que ocurra con Colapinto, el circuito de Bak\u00fa resolver\u00e1 una inc\u00f3gnita que dej\u00f3 la \u00faltima carrera, en la que Max Verstappen pudo superar a los McLaren de Lando Norris y Oscar Piastri: si el Red Bull del campe\u00f3n del mundo podr\u00e1 estar a la altura del mejor equipo de la temporada. Esa cuesti\u00f3n tendr\u00e1 un efecto muy importante en el atractivo de la prueba, teniendo en cuenta que el campeonato de marcas est\u00e1 virtualmente definido, con los autos naranja como claros dominadores. En cuanto al de pilotos, la pelea est\u00e1 circunscripta al duelo Norris-Piastri, que por ahora est\u00e1 prevalenciendo con 31 puntos de ventaja sobre el brit\u00e1nico.\u00a0<\/p>\n<h2>La actividad diaria<\/h2>\n<p>El fin de semana tendr\u00e1 actividad con tres pruebas libres, la clasificaci\u00f3n y la carrera. Este viernes se llevar\u00e1 a cabo la FP1 a partir de las 5:30, mientras que a las 9 se largar\u00e1 la FP2. Para el s\u00e1bado, la jornada arrancar\u00e1 de nuevo a las 5:30 con el ensayo libre 3, antes de las clasificaci\u00f3n prevista para las 9. El domingo, la carrera se largar\u00e1 a las 8, para recorrer las 51 vueltas de un trazado de poco m\u00e1s de seis kil\u00f3metros.\u00a0<\/p>\n<p><!-- Live Blog Post --><\/div>\n<p><a href=\"https:\/\/www.pagina12.com.ar\/858893-colapinto-regresa-a-baku-donde-sumo-sus-primeros-puntos\">source<\/a><\/p>\n","protected":false},"excerpt":{"rendered":"<p>Franco Colapinto vuelve al circuito donde sum\u00f3 sus primeros puntos. Desde este viernes, el pilarense&#8230;<\/p>\n","protected":false},"author":3,"featured_media":24247,"comment_status":"closed","ping_status":"closed","sticky":false,"template":"","format":"standard","meta":{"footnotes":""},"categories":[21],"tags":[],"class_list":["post-24246","post","type-post","status-publish","format-standard","has-post-thumbnail","hentry","category-deportes"],"featured_image_urls":{"full":["https:\/\/fmamiga909.com.ar\/wp-content\/uploads\/2025\/09\/wp-header-logo-240.png",960,540,false],"thumbnail":["https:\/\/fmamiga909.com.ar\/wp-content\/uploads\/2025\/09\/wp-header-logo-240-150x150.png",150,150,true],"medium":["https:\/\/fmamiga909.com.ar\/wp-content\/uploads\/2025\/09\/wp-header-logo-240-300x169.png",300,169,true],"medium_large":["https:\/\/fmamiga909.com.ar\/wp-content\/uploads\/2025\/09\/wp-header-logo-240.png",960,540,false],"large":["https:\/\/fmamiga909.com.ar\/wp-content\/uploads\/2025\/09\/wp-header-logo-240.png",640,360,false],"1536x1536":["https:\/\/fmamiga909.com.ar\/wp-content\/uploads\/2025\/09\/wp-header-logo-240.png",960,540,false],"2048x2048":["https:\/\/fmamiga909.com.ar\/wp-content\/uploads\/2025\/09\/wp-header-logo-240.png",960,540,false],"newsium-slider-full":["https:\/\/fmamiga909.com.ar\/wp-content\/uploads\/2025\/09\/wp-header-logo-240.png",960,540,false],"newsium-featured":["https:\/\/fmamiga909.com.ar\/wp-content\/uploads\/2025\/09\/wp-header-logo-240.png",960,540,false],"newsium-medium":["https:\/\/fmamiga909.com.ar\/wp-content\/uploads\/2025\/09\/wp-header-logo-240-720x475.png",720,475,true]},"author_info":{"display_name":"Fredy Giuliano","author_link":"https:\/\/fmamiga909.com.ar\/?author=3"},"category_info":"<a href=\"https:\/\/fmamiga909.com.ar\/?cat=21\" rel=\"category\">Deportes<\/a>","tag_info":"Deportes","comment_count":"0","_links":{"self":[{"href":"https:\/\/fmamiga909.com.ar\/index.php?rest_route=\/wp\/v2\/posts\/24246","targetHints":{"allow":["GET"]}}],"collection":[{"href":"https:\/\/fmamiga909.com.ar\/index.php?rest_route=\/wp\/v2\/posts"}],"about":[{"href":"https:\/\/fmamiga909.com.ar\/index.php?rest_route=\/wp\/v2\/types\/post"}],"author":[{"embeddable":true,"href":"https:\/\/fmamiga909.com.ar\/index.php?rest_route=\/wp\/v2\/users\/3"}],"replies":[{"embeddable":true,"href":"https:\/\/fmamiga909.com.ar\/index.php?rest_route=%2Fwp%2Fv2%2Fcomments&post=24246"}],"version-history":[{"count":0,"href":"https:\/\/fmamiga909.com.ar\/index.php?rest_route=\/wp\/v2\/posts\/24246\/revisions"}],"wp:featuredmedia":[{"embeddable":true,"href":"https:\/\/fmamiga909.com.ar\/index.php?rest_route=\/wp\/v2\/media\/24247"}],"wp:attachment":[{"href":"https:\/\/fmamiga909.com.ar\/index.php?rest_route=%2Fwp%2Fv2%2Fmedia&parent=24246"}],"wp:term":[{"taxonomy":"category","embeddable":true,"href":"https:\/\/fmamiga909.com.ar\/index.php?rest_route=%2Fwp%2Fv2%2Fcategories&post=24246"},{"taxonomy":"post_tag","embeddable":true,"href":"https:\/\/fmamiga909.com.ar\/index.php?rest_route=%2Fwp%2Fv2%2Ftags&post=24246"}],"curies":[{"name":"wp","href":"https:\/\/api.w.org\/{rel}","templated":true}]}}