{"id":24248,"date":"2025-09-18T21:00:43","date_gmt":"2025-09-18T21:00:43","guid":{"rendered":"https:\/\/fmamiga909.com.ar\/?p=24248"},"modified":"2025-09-18T21:00:43","modified_gmt":"2025-09-18T21:00:43","slug":"se-viene-la-laver-cup-con-alcaraz-como-atractivo","status":"publish","type":"post","link":"https:\/\/fmamiga909.com.ar\/?p=24248","title":{"rendered":"Se viene la Laver Cup, con Alcaraz como atractivo"},"content":{"rendered":"<div><!-- Body --><\/p>\n<p>La edici\u00f3n 2025 de la Laver Cup, el torneo exhibici\u00f3n que fue creado por la leyenda suiza Roger Federer, se pondr\u00e1 en marcha este viernes y contar\u00e1 con la participaci\u00f3n estelar del espa\u00f1ol y n\u00famero 1 del mundo, Carlos Alcaraz. El evento se llevar\u00e1 a cabo en el Chase Center de San Francisco, Estados Unidos, que tiene capacidad para 18 mil espectadores y enfrentar\u00e1 a los equipos de Europa con el de Resto del Mundo.<\/p>\n<p>En el equipo europeo, que es capitaneado por el franc\u00e9s Yannick Noah, jugar\u00e1n Alcaraz, el alem\u00e1n Alexander Zverev (3\u00b0), el dan\u00e9s Holger Rune (11\u00b0), el noruego Casper Ruud (12\u00b0), el checo Jakub Mensik (17\u00b0) y el italiano Flavio Cobolli (25\u00b0).<\/p>\n<p>Del otro lado estar\u00e1 el equipo de Resto del Mundo, que tendr\u00e1 como capit\u00e1n al estadounidense Andre Agassi y contar\u00e1 con la presencia del argentino Francisco Cer\u00fandolo (21\u00b0). Los otros jugadores ser\u00e1n los estadounidenses Taylor Fritz (5\u00b0), Alex Michelsen (32\u00b0) y Reilly Opelka (62\u00b0), el australiano Alex de Mi\u00f1aur (8\u00b0) y el brasile\u00f1o Joao Fonseca (42\u00b0).<\/p>\n<p>La Laver Cup 2025 se desarrollar\u00e1 entre el viernes y el domingo, con jornadas que contar\u00e1n con tres partidos de singles y uno de dobles cada una, pero no todos los encuentros valdr\u00e1n lo mismo, ya que los del viernes valdr\u00e1n un punto, los del s\u00e1bado dos y los del domingo tres.<\/p>\n<p><!-- Live Blog Post --><\/div>\n<p><a href=\"https:\/\/www.pagina12.com.ar\/858961-se-viene-la-laver-cup-con-alcaraz-como-atractivo\">source<\/a><\/p>\n","protected":false},"excerpt":{"rendered":"<p>La edici\u00f3n 2025 de la Laver Cup, el torneo exhibici\u00f3n que fue creado por la&#8230;<\/p>\n","protected":false},"author":3,"featured_media":24249,"comment_status":"closed","ping_status":"closed","sticky":false,"template":"","format":"standard","meta":{"footnotes":""},"categories":[21],"tags":[],"class_list":["post-24248","post","type-post","status-publish","format-standard","has-post-thumbnail","hentry","category-deportes"],"featured_image_urls":{"full":["https:\/\/fmamiga909.com.ar\/wp-content\/uploads\/2025\/09\/wp-header-logo-241.png",960,540,false],"thumbnail":["https:\/\/fmamiga909.com.ar\/wp-content\/uploads\/2025\/09\/wp-header-logo-241-150x150.png",150,150,true],"medium":["https:\/\/fmamiga909.com.ar\/wp-content\/uploads\/2025\/09\/wp-header-logo-241-300x169.png",300,169,true],"medium_large":["https:\/\/fmamiga909.com.ar\/wp-content\/uploads\/2025\/09\/wp-header-logo-241.png",960,540,false],"large":["https:\/\/fmamiga909.com.ar\/wp-content\/uploads\/2025\/09\/wp-header-logo-241.png",640,360,false],"1536x1536":["https:\/\/fmamiga909.com.ar\/wp-content\/uploads\/2025\/09\/wp-header-logo-241.png",960,540,false],"2048x2048":["https:\/\/fmamiga909.com.ar\/wp-content\/uploads\/2025\/09\/wp-header-logo-241.png",960,540,false],"newsium-slider-full":["https:\/\/fmamiga909.com.ar\/wp-content\/uploads\/2025\/09\/wp-header-logo-241.png",960,540,false],"newsium-featured":["https:\/\/fmamiga909.com.ar\/wp-content\/uploads\/2025\/09\/wp-header-logo-241.png",960,540,false],"newsium-medium":["https:\/\/fmamiga909.com.ar\/wp-content\/uploads\/2025\/09\/wp-header-logo-241-720x475.png",720,475,true]},"author_info":{"display_name":"Fredy Giuliano","author_link":"https:\/\/fmamiga909.com.ar\/?author=3"},"category_info":"<a href=\"https:\/\/fmamiga909.com.ar\/?cat=21\" rel=\"category\">Deportes<\/a>","tag_info":"Deportes","comment_count":"0","_links":{"self":[{"href":"https:\/\/fmamiga909.com.ar\/index.php?rest_route=\/wp\/v2\/posts\/24248","targetHints":{"allow":["GET"]}}],"collection":[{"href":"https:\/\/fmamiga909.com.ar\/index.php?rest_route=\/wp\/v2\/posts"}],"about":[{"href":"https:\/\/fmamiga909.com.ar\/index.php?rest_route=\/wp\/v2\/types\/post"}],"author":[{"embeddable":true,"href":"https:\/\/fmamiga909.com.ar\/index.php?rest_route=\/wp\/v2\/users\/3"}],"replies":[{"embeddable":true,"href":"https:\/\/fmamiga909.com.ar\/index.php?rest_route=%2Fwp%2Fv2%2Fcomments&post=24248"}],"version-history":[{"count":0,"href":"https:\/\/fmamiga909.com.ar\/index.php?rest_route=\/wp\/v2\/posts\/24248\/revisions"}],"wp:featuredmedia":[{"embeddable":true,"href":"https:\/\/fmamiga909.com.ar\/index.php?rest_route=\/wp\/v2\/media\/24249"}],"wp:attachment":[{"href":"https:\/\/fmamiga909.com.ar\/index.php?rest_route=%2Fwp%2Fv2%2Fmedia&parent=24248"}],"wp:term":[{"taxonomy":"category","embeddable":true,"href":"https:\/\/fmamiga909.com.ar\/index.php?rest_route=%2Fwp%2Fv2%2Fcategories&post=24248"},{"taxonomy":"post_tag","embeddable":true,"href":"https:\/\/fmamiga909.com.ar\/index.php?rest_route=%2Fwp%2Fv2%2Ftags&post=24248"}],"curies":[{"name":"wp","href":"https:\/\/api.w.org\/{rel}","templated":true}]}}