{"id":24254,"date":"2025-09-19T00:28:32","date_gmt":"2025-09-19T00:28:32","guid":{"rendered":"https:\/\/fmamiga909.com.ar\/?p=24254"},"modified":"2025-09-19T00:28:32","modified_gmt":"2025-09-19T00:28:32","slug":"la-gran-carrera-llego-a-concordia-y-mira-hacia-santa-fe","status":"publish","type":"post","link":"https:\/\/fmamiga909.com.ar\/?p=24254","title":{"rendered":"La Gran Carrera lleg\u00f3 a Concordia y mira hacia Santa Fe"},"content":{"rendered":"<div><!-- Body --><\/p>\n<p>Desde Concordia<\/p>\n<p>El Gran Premio Hist\u00f3rico complet\u00f3 este jueves su pen\u00faltima etapa, 530 kil\u00f3metros para unir las ciudades de Resistencia y Concordia, y completar un total de 2.896 kil\u00f3metros de los 3.321 contemplados en el recorrido que finalizar\u00e1 este viernes cuando la caravana de autos cl\u00e1sicos completen los \u00faltimos 425 kil\u00f3metros desde esta ciudad con la de Santa Fe, donde a orillas del r\u00edo Paran\u00e1 en la costanera del puente colgante, los autos ser\u00e1n recibidos por los santafesinos.\u00a0<\/p>\n<p>Atr\u00e1s qued\u00f3 la multitud que celebr\u00f3 a cada uno de los autos cl\u00e1sicos en el Parque de la Democracia en Resistencia, a donde el GPH lleg\u00f3 por primera vez en sus veintid\u00f3s ediciones y donde la Gran Carrera, con la que se busca revivir los m\u00edticos Grandes Premios y transmitir la historia y la pasi\u00f3n del automovilismo nacional y regional, recibi\u00f3 la declaraci\u00f3n de las autoridades de Chaco como \u00abEvento de Inter\u00e9s Cultural, Deportivo y Tur\u00edstico\u00bb para la provincia.\u00a0<\/p>\n<p>Tras otra de las largas jornadas ruteras de la carrera, el destino final fue la Plaza 25 de mayo de la ciudad de Concordia, donde los entrerrianos se dieron cita para ver llegar la caravana de los cl\u00e1sicos de todos los tiempos y admirar el \u00abmuseo itinerante\u00bb que el Autom\u00f3vil Club Argentino lleva desde hace m\u00e1s de 20 a\u00f1os tanto a las grandes ciudades como a los parajes m\u00e1s rec\u00f3nditos del territorio nacional.\u00a0<\/p>\n<p>En cuanto a lo estrictamente deportivo, la quinta y ante\u00faltima\u00a0etapa, que uni\u00f3 este jueves las provincias de Chaco, Corrientes y Entre R\u00edos -con salida desde Resistencia y pasos por Corrientes, Cuatro Bocas, Mercedes, Curuz\u00fa Cuati\u00e1, Federaci\u00f3n y llegada en Concordia, los ganadores fueron Carlos Lareu y Virginia Schmidt (BMW 320, GT 1982), Marcelo Colombi y Lucas Garc\u00eda (BMW 320 GT 1981) y Luis Lionetti y Luis Favuzzi (Peugeot 404, de 1973).\u00a0<\/p>\n<div class=\"medium-insert-embeds\">\n<figure>\n<div class=\"medium-insert-embed\">\n<div align=\"center\">\n<figure role=\"group\" class=\"caption caption-drupal-entity\"><figcaption>\u00a0Castelli y Quatrocchi\u00a0y Cort\u00e9s Ramos y Cort\u00e9s Maccarini, los Fiat 128 de la punta. \/ Prensa ACA Juan Biaggini<\/figcaption><\/figure>\n<\/div><\/div>\n<\/figure>\n<\/div>\n<p>Con estos resultados, la<b> clasificaci\u00f3n general<\/b> est\u00e1 siendo liderada por Andr\u00e9s Castelli y Juli\u00e1n Quatrocchi (Fiat 128, de 1975), seguidos por Marcelo G\u00f3mez y Juan Carlos Quiroga (Renault 13, 1976) y\u00a0Luis Lionetti y Luis Favuzzi (Peugeot 404, de 1973). En el cuarto puesto est\u00e1n Edgardo Vergagni y V\u00edctor Sorrentino (Peugeot 404 GP de 1977), quintos se ubican Sergio y Pedro Laguzzi (FIAT 1500C Berlina de 1969), seguidos por la dupla Lareu y Schmidt (BMW 320 GT 1982).<\/p>\n<p>Este viernes se desarrollar\u00e1 la sexta y \u00faltima etapa, desde la ciudad de Concordia hasta Santa Fe, donde se conocer\u00e1 el nombre de los ganadores de la carrera de regularidad m\u00e1s importante de la regi\u00f3n, que otorga puntos para el campeonato local y para el Campeonato Sudamericano (Codasur). En este destino final tendr\u00e1 lugar el tradicional encuentro de camarader\u00eda entre todos los participantes y la correspondiente entrega de premios.\u00a0<\/p>\n<p><!-- Live Blog Post --><\/div>\n<p><a href=\"https:\/\/www.pagina12.com.ar\/859049-la-gran-carrera-llego-a-concordia-y-mira-hacia-santa-fe\">source<\/a><\/p>\n","protected":false},"excerpt":{"rendered":"<p>Desde Concordia El Gran Premio Hist\u00f3rico complet\u00f3 este jueves su pen\u00faltima etapa, 530 kil\u00f3metros para&#8230;<\/p>\n","protected":false},"author":3,"featured_media":24255,"comment_status":"closed","ping_status":"closed","sticky":false,"template":"","format":"standard","meta":{"footnotes":""},"categories":[21],"tags":[],"class_list":["post-24254","post","type-post","status-publish","format-standard","has-post-thumbnail","hentry","category-deportes"],"featured_image_urls":{"full":["https:\/\/fmamiga909.com.ar\/wp-content\/uploads\/2025\/09\/wp-header-logo-244.png",960,540,false],"thumbnail":["https:\/\/fmamiga909.com.ar\/wp-content\/uploads\/2025\/09\/wp-header-logo-244-150x150.png",150,150,true],"medium":["https:\/\/fmamiga909.com.ar\/wp-content\/uploads\/2025\/09\/wp-header-logo-244-300x169.png",300,169,true],"medium_large":["https:\/\/fmamiga909.com.ar\/wp-content\/uploads\/2025\/09\/wp-header-logo-244.png",960,540,false],"large":["https:\/\/fmamiga909.com.ar\/wp-content\/uploads\/2025\/09\/wp-header-logo-244.png",640,360,false],"1536x1536":["https:\/\/fmamiga909.com.ar\/wp-content\/uploads\/2025\/09\/wp-header-logo-244.png",960,540,false],"2048x2048":["https:\/\/fmamiga909.com.ar\/wp-content\/uploads\/2025\/09\/wp-header-logo-244.png",960,540,false],"newsium-slider-full":["https:\/\/fmamiga909.com.ar\/wp-content\/uploads\/2025\/09\/wp-header-logo-244.png",960,540,false],"newsium-featured":["https:\/\/fmamiga909.com.ar\/wp-content\/uploads\/2025\/09\/wp-header-logo-244.png",960,540,false],"newsium-medium":["https:\/\/fmamiga909.com.ar\/wp-content\/uploads\/2025\/09\/wp-header-logo-244-720x475.png",720,475,true]},"author_info":{"display_name":"Fredy Giuliano","author_link":"https:\/\/fmamiga909.com.ar\/?author=3"},"category_info":"<a href=\"https:\/\/fmamiga909.com.ar\/?cat=21\" rel=\"category\">Deportes<\/a>","tag_info":"Deportes","comment_count":"0","_links":{"self":[{"href":"https:\/\/fmamiga909.com.ar\/index.php?rest_route=\/wp\/v2\/posts\/24254","targetHints":{"allow":["GET"]}}],"collection":[{"href":"https:\/\/fmamiga909.com.ar\/index.php?rest_route=\/wp\/v2\/posts"}],"about":[{"href":"https:\/\/fmamiga909.com.ar\/index.php?rest_route=\/wp\/v2\/types\/post"}],"author":[{"embeddable":true,"href":"https:\/\/fmamiga909.com.ar\/index.php?rest_route=\/wp\/v2\/users\/3"}],"replies":[{"embeddable":true,"href":"https:\/\/fmamiga909.com.ar\/index.php?rest_route=%2Fwp%2Fv2%2Fcomments&post=24254"}],"version-history":[{"count":0,"href":"https:\/\/fmamiga909.com.ar\/index.php?rest_route=\/wp\/v2\/posts\/24254\/revisions"}],"wp:featuredmedia":[{"embeddable":true,"href":"https:\/\/fmamiga909.com.ar\/index.php?rest_route=\/wp\/v2\/media\/24255"}],"wp:attachment":[{"href":"https:\/\/fmamiga909.com.ar\/index.php?rest_route=%2Fwp%2Fv2%2Fmedia&parent=24254"}],"wp:term":[{"taxonomy":"category","embeddable":true,"href":"https:\/\/fmamiga909.com.ar\/index.php?rest_route=%2Fwp%2Fv2%2Fcategories&post=24254"},{"taxonomy":"post_tag","embeddable":true,"href":"https:\/\/fmamiga909.com.ar\/index.php?rest_route=%2Fwp%2Fv2%2Ftags&post=24254"}],"curies":[{"name":"wp","href":"https:\/\/api.w.org\/{rel}","templated":true}]}}