{"id":24256,"date":"2025-09-19T01:16:55","date_gmt":"2025-09-19T01:16:55","guid":{"rendered":"https:\/\/fmamiga909.com.ar\/?p=24256"},"modified":"2025-09-19T01:16:55","modified_gmt":"2025-09-19T01:16:55","slug":"mundial-sub-20-el-unico-futbolista-de-la-seleccion-mayor-que-esta-en-la-lista","status":"publish","type":"post","link":"https:\/\/fmamiga909.com.ar\/?p=24256","title":{"rendered":"Mundial Sub 20: el \u00fanico futbolista de la Selecci\u00f3n mayor que est\u00e1 en la lista"},"content":{"rendered":"<div><!-- Body --><\/p>\n<p>La Selecci\u00f3n Argentina Sub-20 se prepara para disputar el Mundial de esa categor\u00eda en Chile, desde el s\u00e1bado 27 de septiembre hasta el 19 de octubre. El torneo marcar\u00e1 el regreso de esta competencia al pa\u00eds trasandino despu\u00e9s de 38 a\u00f1os, cuando fue sede por primera vez en 1987, a\u00f1o que <b>se consagr\u00f3 campe\u00f3n Yugoslavia,<\/b> con uno de los mejores equipos de la historia de la competici\u00f3n, en el que figuraban futuras leyendas del f\u00fatbol de la talla de Igor Stimac, Robert Jarni, Zvonimir Boban, Robert Prosinecki, <b>Predrag Mijatovic y Davor Suker, <\/b>entre otros.<\/p>\n<p>El equipo argentino comandado por <b>Diego Placente<\/b> disputar\u00e1 los tres partidos del Grupo D en el estadio El\u00edas Figueroa de Valpara\u00edso, desde las 20 hora local. Debutar\u00e1 el domingo 28 ante Cuba. Cuatro d\u00edas m\u00e1s tarde, se medir\u00e1 contra Australia y cerrar\u00e1 su participaci\u00f3n el 4 de octubre frente a <b>Italia, subcampe\u00f3n de la \u00faltima edici\u00f3n <\/b>realizada en la Argentina. Tras los enfrentamientos entre los equipos de los seis grupos, los dos mejores de cada zona avanzar\u00e1n a la fase de eliminaci\u00f3n directa, junto con los cuatro mejores terceros clasificados. Luego, los seleccionados se emparejar\u00e1n en cruces a partido \u00fanico, en un camino que va desde los octavos de final hasta la gran final, programada para el 19 de octubre en el Nacional de Santiago.<\/p>\n<p>El entrenador argentino present\u00f3 la lista de 21 elegidos con <b>varias bajas importantes que se destacan en el exterior,<\/b> debido a la decisi\u00f3n de sus clubes de no prestar a los jugadores. La competencia no forma parte del calendario FIFA oficial de mayores, lo que significa que las instituciones no est\u00e1n obligadas a ceder a sus futbolistas. A pesar de que el torneo coincide con una fecha FIFA de octubre, lo que reduce el tiempo de ausencia de los futbolistas, algunos clubes decidieron no autorizarlos.<\/p>\n<p>La primera baja sensible tiene que ver con un futbolista muy importante para la estructura de Placente, porque el <b>Bayer Leverkusen decidi\u00f3 no autorizar a Claudio Echeverri, <\/b>que se encuentra a pr\u00e9stamo en ese equipo alem\u00e1n, aunque su ficha pertenece al Manchester City ingl\u00e9s. Entre ambos clubes europeos hubo un acuerdo de palabra, para que el argentino permanezca en Alemania y no viaje a Chile para sumarse al elenco albiceleste. Por ahora, apenas sum\u00f3 35 minutos. <b>Sim\u00f3n Rolfes, el director deportivo del conjunto alem\u00e1n <\/b>dej\u00f3 en claro en declaraciones a la prensa que el \u00abDiablito\u00bb se quedar\u00eda en Europa. \u00abVamos a necesitar al jugador. Se queda. Esa es nuestra opini\u00f3n y tambi\u00e9n la del City\u00bb, sentenci\u00f3, baj\u00e1ndole el pulgar.<\/p>\n<p>La segunda cara importante que no estar\u00e1 es <b>Franco Mastantuono.<\/b> El Real Madrid tom\u00f3 la decisi\u00f3n de que el talentoso zurdo se quede a jugar la Liga de Espa\u00f1a y la Champions League por pedido de <b>Xabi Alonso. <\/b>El entrenador espa\u00f1ol remarc\u00f3 que el joven de 18 a\u00f1os no sea cedido, ya que el club invirti\u00f3 45 millones de euros en su fichaje y prefiere preservarlo. La \u00abCasa Blanca\u00bb ni siquiera abri\u00f3 di\u00e1logo con AFA para poder negociar por el ex River Plate. Se plant\u00f3 de entrada para no cederlo al Sub-20, aunque estar\u00eda en condiciones de prestarlo para los amistosos de la Selecci\u00f3n de<b> Lionel Scaloni<\/b> en octubre, ya que en Madrid consideran que es un jugador \u00fanicamente para la Mayor.<\/p>\n<div class=\"medium-insert-embeds\">\n<figure>\n<div class=\"medium-insert-embed\">\n<div align=\"center\">\n<figure role=\"group\" class=\"caption caption-drupal-entity\"><figcaption>Franco Mastantuono se quedar\u00e1 en su club y no jugar\u00e1 el Mundial. Imagen:\u00a0 EFE<\/figcaption><\/figure>\n<\/div><\/div>\n<\/figure>\n<\/div>\n<p>En tanto, <b>Santiago Castro<\/b> es figura y titular en el Bologna, pero la lesi\u00f3n de Ciro Inmobile hizo que se quede a disputar la Serie A. <b>Valent\u00edn Carboni, <\/b>por su parte, es otro futbolista que no disputar\u00e1 el Mundial. El mediocampista ofensivo est\u00e1 a pr\u00e9stamo en el Genoa, pero su pase pertenece al <b>Inter de Mil\u00e1n. <\/b>Su presente en el rojiazul es bueno, ya que jug\u00f3 tres partidos y marc\u00f3 un tanto tras recuperarse de una lesi\u00f3n ligamentaria. El hijo de Ezequiel \u00abKily\u00bb Carboni fue parte del Mundial Sub-20 de 2023 y Placente lo consideraba importante, pero no podr\u00e1 contar con \u00e9l.<\/p>\n<p><b>Tomas P\u00e9rez, <\/b>mediocampista del Porto, hab\u00eda sido autorizado para sumarse al seleccionado juvenil, la dirigencia portuguesa luego hab\u00eda dado marcha atr\u00e1s, pero finalmente se sumar\u00e1 al seleccionado. P\u00e9rez debut\u00f3 en Newell&#8217;s en julio de 2024, en el empate sin goles contra Independiente Rivadavia de Mendoza. En octubre del mismo a\u00f1o, fue convocado por <b>Javier Mascherano <\/b>para disputar amistosos con el Sub-20 argentino.<\/p>\n<p>Otro que no estar\u00e1 es <b>Aar\u00f3n Anselmino del Borussia Dortmund,<\/b> club que decidi\u00f3 no cederlo para que juegue en la liga alemana. El tampoco hab\u00eda sido autorizado para disputar el Sudamericano de Venezuela, cuando entonces era defensor del Chelsea de Inglaterra.<\/p>\n<p>El \u00fanico jugador de la Selecci\u00f3n Mayor que integra la lista definitiva del Sub-20 es <b>Julio Soler, lateral izquierdo <\/b>que defiende la camiseta del Bournemouth de la Premier League, en donde jug\u00f3 muy pocos minutos. El defensor fue liberado, ya que en su contrato hay una cl\u00e1usula que exige jugar con la Selecci\u00f3n Juvenil.<\/p>\n<p>No obstante, de los que juegan en el exterior, <b>Gianluca Prestianni <\/b>logr\u00f3 el permiso del Benfica para sumarse al seleccionado juvenil. La situaci\u00f3n era dif\u00edcil al comienzo, pero la AFA pudo negociar para poder utilizar al ex extremo de Velez. Adem\u00e1s, fue convocado <b>Alejo Sarco,<\/b> delantero del Bayer Leverkusen, que hab\u00eda quedado libre en V\u00e9lez a principio de a\u00f1o y se fue al f\u00fatbol europeo, aunque todav\u00eda no sum\u00f3 minutos en Alemania. Tambi\u00e9n, <b>el arquero Alain G\u00f3mez Santill\u00e1n, del Valencia de Espa\u00f1a.<\/b> El juvenil de 17 a\u00f1os naci\u00f3 en esa ciudad espa\u00f1ola, m\u00e1s precisamente en Candelaria, un municipio perteneciente a la provincia de Santa Cruz, en la isla de Tenerife. Su padre es venezolano y su madre argentina, lo que le permite ser parte de la Selecci\u00f3n Argentina y <b>tambi\u00e9n ser elegible para la Vinotinto. <\/b>Su presencia es imponente: mide 1,90 metros, una caracter\u00edstica que lo distingue bajo los tres palos. En la \u00faltima temporada con la Academia del conjunto Che, el guardameta sum\u00f3 360 minutos, dado que fue convocado en 16 oportunidades, en las que solo jug\u00f3 cuatro veces.<\/p>\n<div class=\"medium-insert-embeds\">\n<figure>\n<div class=\"medium-insert-embed\">\n<div align=\"center\">\n<figure role=\"group\" class=\"caption caption-drupal-entity\"><figcaption>Los juveniles se entrenan en Ezeiza. Imagen: Prensa AFA<\/figcaption><\/figure>\n<\/div><\/div>\n<\/figure>\n<\/div>\n<p>En el \u00e1mbito local, hay un acuerdo verbal entre los clubes argentinos y la AFA para no obstaculizar la cesi\u00f3n de juveniles, aunque puede haber negociaciones caso por caso. V\u00e9lez Sarsfield ceder\u00e1 a un joven con futuro europeo: <b>Maher Carrizo disputar\u00e1 la Copa del Mundo Sub-20<\/b> por pedido del propio jugador.<\/p>\n<p>Seg\u00fan pudo saber <b>P\u00e1gina\/12,<\/b> el conjunto de Liniers pidi\u00f3 que Carrizo est\u00e9 presente en la vuelta contra Racing por los octavos de final de la Copa Libertadores a jugarse el martes que viene, cinco d\u00edas antes del debut del seleccionado juvenil en el pa\u00eds vecino. Para <b>Guillermo Barros Schelotto,<\/b> el zurdo mediocampista es una de las figuras del equipo por su muy buen presente, por eso lo quiere tener para la revancha. Adem\u00e1s, el DT velezano podr\u00e1 contar con <b>Alvaro Busso,<\/b> y luego ambos se sumar\u00e1n al seleccionado juvenil. Los otros dos del extranjero son Mateo Silvetti (Inter Miami) y <b>Alvaro Montoro<\/b> (Botafogo).<\/p>\n<p>Tambi\u00e9n, fueron citados <b>Santino Barbi (Talleres), <\/b>Dylan Gorosito (Boca), Santiago Fern\u00e1ndez (Talleres), Tob\u00edas Ram\u00edrez (Argentinos Juniors), Valente Pierani (Estudiantes de La Plata), <b>Juan Villalba (Gimnasia y Esgrima La Plata),<\/b> Teo Rodr\u00edguez Pagano (San Lorenzo), Milton Delgado (Boca), Valentino Acu\u00f1a (Newell&#8217;s), Ian Subiabre (River) y <b>Santino Andino (Godoy Cruz).<\/b><\/p>\n<p>A lo largo de su historia, el equipo albiceleste se consagr\u00f3 <b>campe\u00f3n en seis ocasiones:<\/b> 1979, 1995, 1997, 2001, 2005 y 2007. Los jugadores dirigidos por Placente buscar\u00e1n tener un nuevo t\u00edtulo. La \u00faltima edici\u00f3n del Mundial Sub-20 se disput\u00f3 en Argentina durante 2023, donde <b>Uruguay conquist\u00f3 su primer t\u00edtulo en la categor\u00eda<\/b> al vencer a Italia por 1-0 en la final disputada en La Plata. Como anfitri\u00f3n, la Selecci\u00f3n Argentina particip\u00f3 directamente del torneo y logr\u00f3 superar la fase de grupos con tres victorias, aunque <b>su camino se trunc\u00f3 en octavos de final<\/b> tras caer ante Nigeria por 2-0.<\/p>\n<p><!-- Live Blog Post --><\/div>\n<p><a href=\"https:\/\/www.pagina12.com.ar\/859012-mundial-sub-20-el-unico-futbolista-de-la-seleccion-mayor-que\">source<\/a><\/p>\n","protected":false},"excerpt":{"rendered":"<p>La Selecci\u00f3n Argentina Sub-20 se prepara para disputar el Mundial de esa categor\u00eda en Chile,&#8230;<\/p>\n","protected":false},"author":3,"featured_media":24257,"comment_status":"closed","ping_status":"closed","sticky":false,"template":"","format":"standard","meta":{"footnotes":""},"categories":[21],"tags":[],"class_list":["post-24256","post","type-post","status-publish","format-standard","has-post-thumbnail","hentry","category-deportes"],"featured_image_urls":{"full":["https:\/\/fmamiga909.com.ar\/wp-content\/uploads\/2025\/09\/wp-header-logo-245.png",960,540,false],"thumbnail":["https:\/\/fmamiga909.com.ar\/wp-content\/uploads\/2025\/09\/wp-header-logo-245-150x150.png",150,150,true],"medium":["https:\/\/fmamiga909.com.ar\/wp-content\/uploads\/2025\/09\/wp-header-logo-245-300x169.png",300,169,true],"medium_large":["https:\/\/fmamiga909.com.ar\/wp-content\/uploads\/2025\/09\/wp-header-logo-245.png",960,540,false],"large":["https:\/\/fmamiga909.com.ar\/wp-content\/uploads\/2025\/09\/wp-header-logo-245.png",640,360,false],"1536x1536":["https:\/\/fmamiga909.com.ar\/wp-content\/uploads\/2025\/09\/wp-header-logo-245.png",960,540,false],"2048x2048":["https:\/\/fmamiga909.com.ar\/wp-content\/uploads\/2025\/09\/wp-header-logo-245.png",960,540,false],"newsium-slider-full":["https:\/\/fmamiga909.com.ar\/wp-content\/uploads\/2025\/09\/wp-header-logo-245.png",960,540,false],"newsium-featured":["https:\/\/fmamiga909.com.ar\/wp-content\/uploads\/2025\/09\/wp-header-logo-245.png",960,540,false],"newsium-medium":["https:\/\/fmamiga909.com.ar\/wp-content\/uploads\/2025\/09\/wp-header-logo-245-720x475.png",720,475,true]},"author_info":{"display_name":"Fredy Giuliano","author_link":"https:\/\/fmamiga909.com.ar\/?author=3"},"category_info":"<a href=\"https:\/\/fmamiga909.com.ar\/?cat=21\" rel=\"category\">Deportes<\/a>","tag_info":"Deportes","comment_count":"0","_links":{"self":[{"href":"https:\/\/fmamiga909.com.ar\/index.php?rest_route=\/wp\/v2\/posts\/24256","targetHints":{"allow":["GET"]}}],"collection":[{"href":"https:\/\/fmamiga909.com.ar\/index.php?rest_route=\/wp\/v2\/posts"}],"about":[{"href":"https:\/\/fmamiga909.com.ar\/index.php?rest_route=\/wp\/v2\/types\/post"}],"author":[{"embeddable":true,"href":"https:\/\/fmamiga909.com.ar\/index.php?rest_route=\/wp\/v2\/users\/3"}],"replies":[{"embeddable":true,"href":"https:\/\/fmamiga909.com.ar\/index.php?rest_route=%2Fwp%2Fv2%2Fcomments&post=24256"}],"version-history":[{"count":0,"href":"https:\/\/fmamiga909.com.ar\/index.php?rest_route=\/wp\/v2\/posts\/24256\/revisions"}],"wp:featuredmedia":[{"embeddable":true,"href":"https:\/\/fmamiga909.com.ar\/index.php?rest_route=\/wp\/v2\/media\/24257"}],"wp:attachment":[{"href":"https:\/\/fmamiga909.com.ar\/index.php?rest_route=%2Fwp%2Fv2%2Fmedia&parent=24256"}],"wp:term":[{"taxonomy":"category","embeddable":true,"href":"https:\/\/fmamiga909.com.ar\/index.php?rest_route=%2Fwp%2Fv2%2Fcategories&post=24256"},{"taxonomy":"post_tag","embeddable":true,"href":"https:\/\/fmamiga909.com.ar\/index.php?rest_route=%2Fwp%2Fv2%2Ftags&post=24256"}],"curies":[{"name":"wp","href":"https:\/\/api.w.org\/{rel}","templated":true}]}}