{"id":24388,"date":"2025-09-24T00:48:12","date_gmt":"2025-09-24T00:48:12","guid":{"rendered":"https:\/\/fmamiga909.com.ar\/?p=24388"},"modified":"2025-09-24T00:48:12","modified_gmt":"2025-09-24T00:48:12","slug":"racing-en-semis-de-libertadores-con-las-unas-de-cambeses-y-la-valentia-de-todos","status":"publish","type":"post","link":"https:\/\/fmamiga909.com.ar\/?p=24388","title":{"rendered":"Racing en semis de Libertadores: con las u\u00f1as de Cambeses y la valent\u00eda de todos"},"content":{"rendered":"<div><!-- Body --><\/p>\n<p>Lo busc\u00f3, lo mereci\u00f3, lo sufri\u00f3 y, m\u00e1s importante a\u00fan, lo consigui\u00f3. Racing est\u00e1 en semifinales de la Copa Libertadores despu\u00e9s de 28 a\u00f1os. El equipo de Gustavo Costas le pas\u00f3 por arriba a V\u00e9lez en el choque de vuelta de los cuartos final y el 1-0 en Avellaneda con gol de Santiago Solari, un resultado acaso m\u00f3dico, revalid\u00f3 el 1-0 conseguido hace una semana en Liniers. De ida y de vuelta, as\u00ed, la Academia se meti\u00f3 entre los cuatro mejores de Am\u00e9rica, casi con holgura si se lo compara con la infartante serie de octavos ante Pe\u00f1arol.<\/p>\n<p>A la suerte hay que acompa\u00f1arla y, si Racing se llev\u00f3 un triunfo generoso del Jos\u00e9 Amalfitani en la ida, lo justific\u00f3 con creces este martes por la noche en el Presidente Per\u00f3n. Una actitud voraz de cada uno de sus jugadores impuso condiciones a la hora del roce y la presi\u00f3n. La l\u00ednea de tres delanteros, esta vez m\u00e1s definida con Conechny en lugar de Martirena, le complic\u00f3 la salida a V\u00e9lez casi siempre y, m\u00e1s adelantados que en la ida, Almendra y Nardoni -luego reemplazado por Zuculini- se hicieron de muchas recuperaciones en campo rival. Las situaciones de gol sobraron en la primera parte pero no entr\u00f3 ninguna, como para compensar el 100% de punter\u00eda que tuvo en\u00a0Liniers, lo que hac\u00eda prever un complemento complicado para el local.<\/p>\n<p>Y fueron diez minutos, m\u00e1s o menos, los que estuvo complicada la Academia. En el arranque de la segunda parte, cuando V\u00e9lez mejor\u00f3 con el ingreso de Lanzini. Pero Racing aplac\u00f3 el envi\u00f3n visitante y ni un segundo pas\u00f3 de esos diez minutos que ya estaba otra vez en control, an\u00edmico y futbol\u00edstico.<\/p>\n<p><iframe style=\"border: 0px; position: absolute; top: 0px; left: 0px; height: 100%;\" allowfullscreen=\"\" frameborder=\"0\" src=\"https:\/\/www.youtube.com\/embed\/zibPB_Cxs6M\"><\/iframe><\/p>\n<p>M\u00e1s de uno pensar\u00e1 que la \u00absuerte\u00bb del segundo p\u00e1rrafo volvi\u00f3 a aparecer a los 64 cuando a Cambeses se le fue un remate de Machuca por abajo del cuerpo y logr\u00f3 darse vuelta para detener una parte de la pelota sobre la l\u00ednea. Pero eso, m\u00e1s que suerte, se entrena y el entrenador de los unos acad\u00e9micos es Nacho Gonz\u00e1lez, casualidad o no, el arquero del Racing que se hab\u00eda metido en semis de Libertadores por \u00faltima vez, en 1997. Ojo, fueron momentos de zozobra en el Cilindro ya que el \u00e1rbitro se\u00f1al\u00f3 gol y hubo que esperar al VAR.<\/p>\n<p>Envalentonado por lo de Cambeses, creyente por todo lo que transmite su DT y confiado en sus condiciones, Racing fue a definir la historia de una vez por todas. A los 80, el \u00e1rbitro le mostr\u00f3 amarilla a Gabriel Rojas por demorar en un lateral, pero el zurdo, quiz\u00e1 dalt\u00f3nico, s\u00f3lo vio luz verde. Tras un rebote, le volvi\u00f3 la pelota y se mand\u00f3 un jugad\u00f3n de aquellos: dos en el camino para mandar un centro perfecto que sobrevivi\u00f3 al ara\u00f1azo de Marchiori y al cierre de Quir\u00f3s para llegar a Solari, el inesperado h\u00e9roe de esta Academia tan emotiva como copera, que tambi\u00e9n goz\u00f3 a la hora de defender gracias a los aportes valientes de Sosa, Pardo y Colombo, entre otros. En semis espera el vencedor de Flamengo-Estudiantes.<\/p>\n<p><b>Estadio:\u00a0<\/b>Racing.\u00a0<b>Arbitro:\u00a0<\/b>Esteban Ostojich (Uruguay).<b> Gol: <\/b>82m Solari (R). <b>Cambios:<\/b> 25m Zuculini por Nardoni (R); 46m Lanzini por Galv\u00e1n (V) y Andrada por Aliendro (V), 66m Zaracho por Almendra (R) e I. Rodr\u00edguez por Conechny (R), 68m B. Romero por Santos (V), 85m Balboa por Rojas (R) y Martirena por Solari (R), 88m Vald\u00e9s por Machuca (V) y Godoy por Lagos (V).<\/p>\n<p><!-- Live Blog Post --><\/div>\n<p><a href=\"https:\/\/www.pagina12.com.ar\/860217-racing-en-semis-de-libertadores-con-las-unas-de-cambeses-y-l\">source<\/a><\/p>\n","protected":false},"excerpt":{"rendered":"<p>Lo busc\u00f3, lo mereci\u00f3, lo sufri\u00f3 y, m\u00e1s importante a\u00fan, lo consigui\u00f3. Racing est\u00e1 en&#8230;<\/p>\n","protected":false},"author":3,"featured_media":24389,"comment_status":"closed","ping_status":"closed","sticky":false,"template":"","format":"standard","meta":{"footnotes":""},"categories":[21],"tags":[],"class_list":["post-24388","post","type-post","status-publish","format-standard","has-post-thumbnail","hentry","category-deportes"],"featured_image_urls":{"full":["https:\/\/fmamiga909.com.ar\/wp-content\/uploads\/2025\/09\/wp-header-logo-304.png",960,540,false],"thumbnail":["https:\/\/fmamiga909.com.ar\/wp-content\/uploads\/2025\/09\/wp-header-logo-304-150x150.png",150,150,true],"medium":["https:\/\/fmamiga909.com.ar\/wp-content\/uploads\/2025\/09\/wp-header-logo-304-300x169.png",300,169,true],"medium_large":["https:\/\/fmamiga909.com.ar\/wp-content\/uploads\/2025\/09\/wp-header-logo-304.png",960,540,false],"large":["https:\/\/fmamiga909.com.ar\/wp-content\/uploads\/2025\/09\/wp-header-logo-304.png",640,360,false],"1536x1536":["https:\/\/fmamiga909.com.ar\/wp-content\/uploads\/2025\/09\/wp-header-logo-304.png",960,540,false],"2048x2048":["https:\/\/fmamiga909.com.ar\/wp-content\/uploads\/2025\/09\/wp-header-logo-304.png",960,540,false],"newsium-slider-full":["https:\/\/fmamiga909.com.ar\/wp-content\/uploads\/2025\/09\/wp-header-logo-304.png",960,540,false],"newsium-featured":["https:\/\/fmamiga909.com.ar\/wp-content\/uploads\/2025\/09\/wp-header-logo-304.png",960,540,false],"newsium-medium":["https:\/\/fmamiga909.com.ar\/wp-content\/uploads\/2025\/09\/wp-header-logo-304-720x475.png",720,475,true]},"author_info":{"display_name":"Fredy Giuliano","author_link":"https:\/\/fmamiga909.com.ar\/?author=3"},"category_info":"<a href=\"https:\/\/fmamiga909.com.ar\/?cat=21\" rel=\"category\">Deportes<\/a>","tag_info":"Deportes","comment_count":"0","_links":{"self":[{"href":"https:\/\/fmamiga909.com.ar\/index.php?rest_route=\/wp\/v2\/posts\/24388","targetHints":{"allow":["GET"]}}],"collection":[{"href":"https:\/\/fmamiga909.com.ar\/index.php?rest_route=\/wp\/v2\/posts"}],"about":[{"href":"https:\/\/fmamiga909.com.ar\/index.php?rest_route=\/wp\/v2\/types\/post"}],"author":[{"embeddable":true,"href":"https:\/\/fmamiga909.com.ar\/index.php?rest_route=\/wp\/v2\/users\/3"}],"replies":[{"embeddable":true,"href":"https:\/\/fmamiga909.com.ar\/index.php?rest_route=%2Fwp%2Fv2%2Fcomments&post=24388"}],"version-history":[{"count":0,"href":"https:\/\/fmamiga909.com.ar\/index.php?rest_route=\/wp\/v2\/posts\/24388\/revisions"}],"wp:featuredmedia":[{"embeddable":true,"href":"https:\/\/fmamiga909.com.ar\/index.php?rest_route=\/wp\/v2\/media\/24389"}],"wp:attachment":[{"href":"https:\/\/fmamiga909.com.ar\/index.php?rest_route=%2Fwp%2Fv2%2Fmedia&parent=24388"}],"wp:term":[{"taxonomy":"category","embeddable":true,"href":"https:\/\/fmamiga909.com.ar\/index.php?rest_route=%2Fwp%2Fv2%2Fcategories&post=24388"},{"taxonomy":"post_tag","embeddable":true,"href":"https:\/\/fmamiga909.com.ar\/index.php?rest_route=%2Fwp%2Fv2%2Ftags&post=24388"}],"curies":[{"name":"wp","href":"https:\/\/api.w.org\/{rel}","templated":true}]}}