{"id":24403,"date":"2025-09-24T22:15:59","date_gmt":"2025-09-24T22:15:59","guid":{"rendered":"https:\/\/fmamiga909.com.ar\/?p=24403"},"modified":"2025-09-24T22:15:59","modified_gmt":"2025-09-24T22:15:59","slug":"russo-pasara-la-noche-internado-por-unos-chequeos","status":"publish","type":"post","link":"https:\/\/fmamiga909.com.ar\/?p=24403","title":{"rendered":"Russo pasar\u00e1 la noche internado por unos chequeos"},"content":{"rendered":"<div><!-- Body --><\/p>\n<p>Miguel \u00c1ngel Russo qued\u00f3 internado este mi\u00e9rcoles en un sanatorio de la Ciudad de Buenos Aires y pasar\u00e1 all\u00ed la noche para realizarse unos estudios m\u00e9dicos programados, por lo que de nuevo estuvo ausente en el entrenamiento de Boca.\u00a0<\/p>\n<p>El director t\u00e9cnico de 69 a\u00f1os pasar\u00e1 la noche en la cl\u00ednica y se espera que regrese este jueves a su domicilio. El director t\u00e9cnico ya hab\u00eda sido internado el lunes por una deshidrataci\u00f3n, que luego de ser tratada le permiti\u00f3 retirarse a su casa a las pocas horas. En cambio, en esta ocasi\u00f3n, los chequeos ya estaban pautados, por lo que no se trat\u00f3 de una urgencia m\u00e9dica.<\/p>\n<p>Russo hab\u00eda dirigido la pr\u00e1ctica del martes, pero este mi\u00e9rcoles no estuvo presente en la pr\u00e1ctica del primer equipo, donde el plantel se entren\u00f3 bajo las \u00f3rdenes de Claudio \u00dabeda y Juvenal Rodr\u00edguez.<\/p>\n<p>El estado de salud del entrenador viene siendo seguido de cerca en el club, ya que a comienzos de septiembre debi\u00f3 pasar una semana internado en Fleni a ra\u00edz de una infecci\u00f3n urinaria que complic\u00f3 su cuadro cl\u00ednico. Aquella internaci\u00f3n le impidi\u00f3 encabezar los trabajos con el plantel en su tercer ciclo al frente del equipo.\u00a0Tras recibir el alta el 5 de ese mes, la dirigencia decidi\u00f3 darle m\u00e1s d\u00edas de recuperaci\u00f3n y reci\u00e9n volvi\u00f3 a las pr\u00e1cticas el jueves siguiente, antes del viaje a Rosario para enfrentar a Central.<\/p>\n<p><!-- Live Blog Post --><\/div>\n<p><a href=\"https:\/\/www.pagina12.com.ar\/860453-russo-pasara-la-noche-internado-por-unos-chequeos\">source<\/a><\/p>\n","protected":false},"excerpt":{"rendered":"<p>Miguel \u00c1ngel Russo qued\u00f3 internado este mi\u00e9rcoles en un sanatorio de la Ciudad de Buenos&#8230;<\/p>\n","protected":false},"author":3,"featured_media":24404,"comment_status":"closed","ping_status":"closed","sticky":false,"template":"","format":"standard","meta":{"footnotes":""},"categories":[21],"tags":[],"class_list":["post-24403","post","type-post","status-publish","format-standard","has-post-thumbnail","hentry","category-deportes"],"featured_image_urls":{"full":["https:\/\/fmamiga909.com.ar\/wp-content\/uploads\/2025\/09\/wp-header-logo-309.png",960,540,false],"thumbnail":["https:\/\/fmamiga909.com.ar\/wp-content\/uploads\/2025\/09\/wp-header-logo-309-150x150.png",150,150,true],"medium":["https:\/\/fmamiga909.com.ar\/wp-content\/uploads\/2025\/09\/wp-header-logo-309-300x169.png",300,169,true],"medium_large":["https:\/\/fmamiga909.com.ar\/wp-content\/uploads\/2025\/09\/wp-header-logo-309.png",960,540,false],"large":["https:\/\/fmamiga909.com.ar\/wp-content\/uploads\/2025\/09\/wp-header-logo-309.png",640,360,false],"1536x1536":["https:\/\/fmamiga909.com.ar\/wp-content\/uploads\/2025\/09\/wp-header-logo-309.png",960,540,false],"2048x2048":["https:\/\/fmamiga909.com.ar\/wp-content\/uploads\/2025\/09\/wp-header-logo-309.png",960,540,false],"newsium-slider-full":["https:\/\/fmamiga909.com.ar\/wp-content\/uploads\/2025\/09\/wp-header-logo-309.png",960,540,false],"newsium-featured":["https:\/\/fmamiga909.com.ar\/wp-content\/uploads\/2025\/09\/wp-header-logo-309.png",960,540,false],"newsium-medium":["https:\/\/fmamiga909.com.ar\/wp-content\/uploads\/2025\/09\/wp-header-logo-309-720x475.png",720,475,true]},"author_info":{"display_name":"Fredy Giuliano","author_link":"https:\/\/fmamiga909.com.ar\/?author=3"},"category_info":"<a href=\"https:\/\/fmamiga909.com.ar\/?cat=21\" rel=\"category\">Deportes<\/a>","tag_info":"Deportes","comment_count":"0","_links":{"self":[{"href":"https:\/\/fmamiga909.com.ar\/index.php?rest_route=\/wp\/v2\/posts\/24403","targetHints":{"allow":["GET"]}}],"collection":[{"href":"https:\/\/fmamiga909.com.ar\/index.php?rest_route=\/wp\/v2\/posts"}],"about":[{"href":"https:\/\/fmamiga909.com.ar\/index.php?rest_route=\/wp\/v2\/types\/post"}],"author":[{"embeddable":true,"href":"https:\/\/fmamiga909.com.ar\/index.php?rest_route=\/wp\/v2\/users\/3"}],"replies":[{"embeddable":true,"href":"https:\/\/fmamiga909.com.ar\/index.php?rest_route=%2Fwp%2Fv2%2Fcomments&post=24403"}],"version-history":[{"count":0,"href":"https:\/\/fmamiga909.com.ar\/index.php?rest_route=\/wp\/v2\/posts\/24403\/revisions"}],"wp:featuredmedia":[{"embeddable":true,"href":"https:\/\/fmamiga909.com.ar\/index.php?rest_route=\/wp\/v2\/media\/24404"}],"wp:attachment":[{"href":"https:\/\/fmamiga909.com.ar\/index.php?rest_route=%2Fwp%2Fv2%2Fmedia&parent=24403"}],"wp:term":[{"taxonomy":"category","embeddable":true,"href":"https:\/\/fmamiga909.com.ar\/index.php?rest_route=%2Fwp%2Fv2%2Fcategories&post=24403"},{"taxonomy":"post_tag","embeddable":true,"href":"https:\/\/fmamiga909.com.ar\/index.php?rest_route=%2Fwp%2Fv2%2Ftags&post=24403"}],"curies":[{"name":"wp","href":"https:\/\/api.w.org\/{rel}","templated":true}]}}