{"id":24606,"date":"2025-09-30T17:13:41","date_gmt":"2025-09-30T17:13:41","guid":{"rendered":"https:\/\/fmamiga909.com.ar\/?p=24606"},"modified":"2025-09-30T17:13:41","modified_gmt":"2025-09-30T17:13:41","slug":"la-bronca-en-independiente-ahora-es-por-la-marca-de-ropa","status":"publish","type":"post","link":"https:\/\/fmamiga909.com.ar\/?p=24606","title":{"rendered":"La bronca en Independiente ahora es por la marca de ropa"},"content":{"rendered":"<div><!-- Body --><\/p>\n<p>La situaci\u00f3n institucional de <b>Independiente <\/b>volvi\u00f3 a encenderse tras una nueva reuni\u00f3n de Comisi\u00f3n Directiva en la que el presidente N\u00e9stor Grindetti tom\u00f3 la decisi\u00f3n de <b>firmar contrato con la marca Atomik y romper el v\u00ednculo con Puma, lo que gener\u00f3 un fuerte rechazo<\/b> tanto en otros miembros de la dirigencia como en socios e hinchas a trav\u00e9s de redes sociales.<\/p>\n<p>El malestar deriv\u00f3 en una autoconvocatoria de hinchas y socios para este martes a las 19 en la sede de Avenida Mitre, con el objetivo de manifestarse contra la salida de Puma luego de 16 a\u00f1os y reclamar que \u201cse escuche al socio\u201d. <b>La bronca de los hinchas es por la menor fama de Atomik, marca que desde a\u00f1o viste tambi\u00e9n a San Lorenzo<\/b>.<\/p>\n<p>Seg\u00fan trascendi\u00f3, <b>Grindetti avanz\u00f3 en un acuerdo con Atomik que comenzar\u00eda el 1\u00b0 de enero de 2026 y se extender\u00eda por seis a\u00f1os<\/b>, con un contrato econ\u00f3micamente m\u00e1s alto aunque por una diferencia de poco m\u00e1s de 100 mil d\u00f3lares anuales respecto a lo que ofrec\u00eda la empresa alemana.<\/p>\n<p><b>La oposici\u00f3n interna tambi\u00e9n sali\u00f3 al cruce<\/b> y Luciano Nakis, referente de la Lista Roja y protesorero de AFA, calific\u00f3 el acuerdo como \u201cdeplorable\u201d, a la vez que critic\u00f3 especialmente su duraci\u00f3n: <b>\u201cNing\u00fan contrato deber\u00eda exceder un mandato.<\/b> Si nos toca conducir el club analizaremos los compromisos que hipotecan el futuro y los disolveremos. Hay que escuchar y respetar al socio\u201d.<\/p>\n<p>El esc\u00e1ndalo se agrav\u00f3 con la difusi\u00f3n de un audio atribuido al periodista Renato Della Paolera, en el que se <b>acusa al directivo Daniel Seoane de haber negociado \u201cpor afuera\u201d con Atomik <\/b>para desplazar a Puma. En la grabaci\u00f3n se lo se\u00f1ala de tener <b>v\u00ednculos personales con los due\u00f1os de la firma deportiva nacional<\/b> y de haber dejado de lado la negociaci\u00f3n oficial del \u00e1rea de marketing, lo que dispar\u00f3 a\u00fan m\u00e1s las denuncias cruzadas dentro de la CD.<\/p>\n<p>De esta manera, Independiente atraviesa un nuevo cap\u00edtulo de su crisis institucional, potenciada por un <b>p\u00e9simo momento futbol\u00edstico, coronando el domingo pasado el peor arranque de su historia en un campeonato local, sin victorias en nueve fechas (cinco puntos).<\/b>\u00a0Adem\u00e1s, en el semestre ya qued\u00f3 afuera de la Copa Sudamericana y la Copa Argentina.<\/p>\n<p>Vale recordar que el Rojo tendr\u00e1 <b>elecciones reci\u00e9n en octubre de 2026<\/b>, mientras el pedido de comicios anticipados es m\u00e1s ruidoso. Las \u00faltimas se llevaron a cabo en 2022 y result\u00f3 vencedor el periodista <b>Fabi\u00e1n Doman<\/b>, quien renunci\u00f3 al poco tiempo en circunstancias poco claras y fue reemplazado por Grindetti.<\/p>\n<p><!-- Live Blog Post --><\/div>\n<p><a href=\"https:\/\/www.pagina12.com.ar\/861980-la-bronca-en-independiente-ahora-es-por-la-marca-de-ropa\">source<\/a><\/p>\n","protected":false},"excerpt":{"rendered":"<p>La situaci\u00f3n institucional de Independiente volvi\u00f3 a encenderse tras una nueva reuni\u00f3n de Comisi\u00f3n Directiva&#8230;<\/p>\n","protected":false},"author":3,"featured_media":24607,"comment_status":"closed","ping_status":"closed","sticky":false,"template":"","format":"standard","meta":{"footnotes":""},"categories":[21],"tags":[],"class_list":["post-24606","post","type-post","status-publish","format-standard","has-post-thumbnail","hentry","category-deportes"],"featured_image_urls":{"full":["https:\/\/fmamiga909.com.ar\/wp-content\/uploads\/2025\/09\/wp-header-logo-388.png",960,540,false],"thumbnail":["https:\/\/fmamiga909.com.ar\/wp-content\/uploads\/2025\/09\/wp-header-logo-388-150x150.png",150,150,true],"medium":["https:\/\/fmamiga909.com.ar\/wp-content\/uploads\/2025\/09\/wp-header-logo-388-300x169.png",300,169,true],"medium_large":["https:\/\/fmamiga909.com.ar\/wp-content\/uploads\/2025\/09\/wp-header-logo-388.png",960,540,false],"large":["https:\/\/fmamiga909.com.ar\/wp-content\/uploads\/2025\/09\/wp-header-logo-388.png",640,360,false],"1536x1536":["https:\/\/fmamiga909.com.ar\/wp-content\/uploads\/2025\/09\/wp-header-logo-388.png",960,540,false],"2048x2048":["https:\/\/fmamiga909.com.ar\/wp-content\/uploads\/2025\/09\/wp-header-logo-388.png",960,540,false],"newsium-slider-full":["https:\/\/fmamiga909.com.ar\/wp-content\/uploads\/2025\/09\/wp-header-logo-388.png",960,540,false],"newsium-featured":["https:\/\/fmamiga909.com.ar\/wp-content\/uploads\/2025\/09\/wp-header-logo-388.png",960,540,false],"newsium-medium":["https:\/\/fmamiga909.com.ar\/wp-content\/uploads\/2025\/09\/wp-header-logo-388-720x475.png",720,475,true]},"author_info":{"display_name":"Fredy Giuliano","author_link":"https:\/\/fmamiga909.com.ar\/?author=3"},"category_info":"<a href=\"https:\/\/fmamiga909.com.ar\/?cat=21\" rel=\"category\">Deportes<\/a>","tag_info":"Deportes","comment_count":"0","_links":{"self":[{"href":"https:\/\/fmamiga909.com.ar\/index.php?rest_route=\/wp\/v2\/posts\/24606","targetHints":{"allow":["GET"]}}],"collection":[{"href":"https:\/\/fmamiga909.com.ar\/index.php?rest_route=\/wp\/v2\/posts"}],"about":[{"href":"https:\/\/fmamiga909.com.ar\/index.php?rest_route=\/wp\/v2\/types\/post"}],"author":[{"embeddable":true,"href":"https:\/\/fmamiga909.com.ar\/index.php?rest_route=\/wp\/v2\/users\/3"}],"replies":[{"embeddable":true,"href":"https:\/\/fmamiga909.com.ar\/index.php?rest_route=%2Fwp%2Fv2%2Fcomments&post=24606"}],"version-history":[{"count":0,"href":"https:\/\/fmamiga909.com.ar\/index.php?rest_route=\/wp\/v2\/posts\/24606\/revisions"}],"wp:featuredmedia":[{"embeddable":true,"href":"https:\/\/fmamiga909.com.ar\/index.php?rest_route=\/wp\/v2\/media\/24607"}],"wp:attachment":[{"href":"https:\/\/fmamiga909.com.ar\/index.php?rest_route=%2Fwp%2Fv2%2Fmedia&parent=24606"}],"wp:term":[{"taxonomy":"category","embeddable":true,"href":"https:\/\/fmamiga909.com.ar\/index.php?rest_route=%2Fwp%2Fv2%2Fcategories&post=24606"},{"taxonomy":"post_tag","embeddable":true,"href":"https:\/\/fmamiga909.com.ar\/index.php?rest_route=%2Fwp%2Fv2%2Ftags&post=24606"}],"curies":[{"name":"wp","href":"https:\/\/api.w.org\/{rel}","templated":true}]}}