{"id":24608,"date":"2025-09-30T17:36:45","date_gmt":"2025-09-30T17:36:45","guid":{"rendered":"https:\/\/fmamiga909.com.ar\/?p=24608"},"modified":"2025-09-30T17:36:45","modified_gmt":"2025-09-30T17:36:45","slug":"simone-biles-visitara-argentina-por-primera-vez","status":"publish","type":"post","link":"https:\/\/fmamiga909.com.ar\/?p=24608","title":{"rendered":"Simone Biles visitar\u00e1 Argentina por primera vez"},"content":{"rendered":"<div><!-- Body --><\/p>\n<p>La m\u00faltiple campeona ol\u00edmpica y mundial de gimnasia art\u00edstica <b><a href=\"https:\/\/www.pagina12.com.ar\/tags\/21240-simone-biles?page=1\">Simone Biles<\/a> <\/b>viajar\u00e1 por primera vez a la <b>Ciudad Aut\u00f3noma de Buenos Aires<\/b>, donde brindar\u00e1 una charla motivacional y ofrecer\u00e1 una cl\u00ednica de gimnasia en el Parque Ol\u00edmpico de Villa Soldati.<\/p>\n<p>Con 11 medallas ol\u00edmpicas y 23 t\u00edtulos mundiales, Biles no solo se consolid\u00f3 en los \u00faltimos a\u00f1os como una leyenda del deporte, sino tambi\u00e9n como una<a href=\"https:\/\/www.pagina12.com.ar\/371267-simone-biles-solo-quiero-que-un-medico-me-diga-cuando-voy-a-\"> referente global en la defensa de la salud mental y el bienestar de los atletas<\/a>.<\/p>\n<p>El pr\u00f3ximo 8 de octubre, en el marco de la<b> designaci\u00f3n de Buenos Aires como Capital Mundial del Deporte 2027<\/b>, la gimnasta ofrecer\u00e1 en la Sede de Gobierno de la Ciudad una\u00a0<b>charla motivacional titulada \u201cEl poder de creer\u201d<\/b>, a partir de las 10 de la ma\u00f1ana. <\/p>\n<p>En la charla, la estadounidense, considerada como una de las mejores gimnastas de todos los tiempos, combinar\u00e1 su experiencia deportiva con un mensaje de superaci\u00f3n, resiliencia y liderazgo, dirigido a j\u00f3venes atletas y al p\u00fablico en general.<\/p>\n<p>Al d\u00eda siguiente, el jueves 9 de octubre a las 17 horas, encabezar\u00e1 junto a su entrenador una<b> cl\u00ednica de gimnasia en el Parque Ol\u00edmpico de Villa Soldati<\/b>, legado de los Juegos Ol\u00edmpicos de la Juventud 2018.\u00a0<\/p>\n<p>La cl\u00ednica estar\u00e1 dirigida a j\u00f3venes talentos locales, quienes tendr\u00e1n la oportunidad \u00fanica de aprender de la atleta m\u00e1s laureada de la historia.<\/p>\n<p>La participaci\u00f3n en ambas actividades ser\u00e1 <b>gratuita pero con cupo limitado<\/b>. Para asistir a la charla se deber\u00e1 enviar un correo a <b><a href=\"\/cdn-cgi\/l\/email-protection\" class=\"__cf_email__\" data-cfemail=\"e6858e87948a87958f8b898883848f8a8395a6818b878f8ac885898b\">[email\u00a0protected]<\/a><\/b>, mientras que para la cl\u00ednica en el Parque Ol\u00edmpico habr\u00e1 que inscribirse a trav\u00e9s de <b><a href=\"\/cdn-cgi\/l\/email-protection\" class=\"__cf_email__\" data-cfemail=\"ef8c838681868c8e9c868280818a8d86838a9caf88828e8683c18c8082\">[email\u00a0protected]<\/a>.\u00a0<\/b><\/p>\n<p>Seg\u00fan aclararon los organizadores, la inscripci\u00f3n no garantiza el acceso, sino que se deber\u00e1 esperar un mail de confirmaci\u00f3n con la invitaci\u00f3n para el evento.<\/p>\n<p><!-- Live Blog Post --><\/div>\n<p><a href=\"https:\/\/www.pagina12.com.ar\/861989-simone-biles-visitara-argentina-por-primera-vez\">source<\/a><\/p>\n","protected":false},"excerpt":{"rendered":"<p>La m\u00faltiple campeona ol\u00edmpica y mundial de gimnasia art\u00edstica Simone Biles viajar\u00e1 por primera vez&#8230;<\/p>\n","protected":false},"author":3,"featured_media":24609,"comment_status":"closed","ping_status":"closed","sticky":false,"template":"","format":"standard","meta":{"footnotes":""},"categories":[21],"tags":[],"class_list":["post-24608","post","type-post","status-publish","format-standard","has-post-thumbnail","hentry","category-deportes"],"featured_image_urls":{"full":["https:\/\/fmamiga909.com.ar\/wp-content\/uploads\/2025\/09\/wp-header-logo-389.png",960,540,false],"thumbnail":["https:\/\/fmamiga909.com.ar\/wp-content\/uploads\/2025\/09\/wp-header-logo-389-150x150.png",150,150,true],"medium":["https:\/\/fmamiga909.com.ar\/wp-content\/uploads\/2025\/09\/wp-header-logo-389-300x169.png",300,169,true],"medium_large":["https:\/\/fmamiga909.com.ar\/wp-content\/uploads\/2025\/09\/wp-header-logo-389.png",960,540,false],"large":["https:\/\/fmamiga909.com.ar\/wp-content\/uploads\/2025\/09\/wp-header-logo-389.png",640,360,false],"1536x1536":["https:\/\/fmamiga909.com.ar\/wp-content\/uploads\/2025\/09\/wp-header-logo-389.png",960,540,false],"2048x2048":["https:\/\/fmamiga909.com.ar\/wp-content\/uploads\/2025\/09\/wp-header-logo-389.png",960,540,false],"newsium-slider-full":["https:\/\/fmamiga909.com.ar\/wp-content\/uploads\/2025\/09\/wp-header-logo-389.png",960,540,false],"newsium-featured":["https:\/\/fmamiga909.com.ar\/wp-content\/uploads\/2025\/09\/wp-header-logo-389.png",960,540,false],"newsium-medium":["https:\/\/fmamiga909.com.ar\/wp-content\/uploads\/2025\/09\/wp-header-logo-389-720x475.png",720,475,true]},"author_info":{"display_name":"Fredy Giuliano","author_link":"https:\/\/fmamiga909.com.ar\/?author=3"},"category_info":"<a href=\"https:\/\/fmamiga909.com.ar\/?cat=21\" rel=\"category\">Deportes<\/a>","tag_info":"Deportes","comment_count":"0","_links":{"self":[{"href":"https:\/\/fmamiga909.com.ar\/index.php?rest_route=\/wp\/v2\/posts\/24608","targetHints":{"allow":["GET"]}}],"collection":[{"href":"https:\/\/fmamiga909.com.ar\/index.php?rest_route=\/wp\/v2\/posts"}],"about":[{"href":"https:\/\/fmamiga909.com.ar\/index.php?rest_route=\/wp\/v2\/types\/post"}],"author":[{"embeddable":true,"href":"https:\/\/fmamiga909.com.ar\/index.php?rest_route=\/wp\/v2\/users\/3"}],"replies":[{"embeddable":true,"href":"https:\/\/fmamiga909.com.ar\/index.php?rest_route=%2Fwp%2Fv2%2Fcomments&post=24608"}],"version-history":[{"count":0,"href":"https:\/\/fmamiga909.com.ar\/index.php?rest_route=\/wp\/v2\/posts\/24608\/revisions"}],"wp:featuredmedia":[{"embeddable":true,"href":"https:\/\/fmamiga909.com.ar\/index.php?rest_route=\/wp\/v2\/media\/24609"}],"wp:attachment":[{"href":"https:\/\/fmamiga909.com.ar\/index.php?rest_route=%2Fwp%2Fv2%2Fmedia&parent=24608"}],"wp:term":[{"taxonomy":"category","embeddable":true,"href":"https:\/\/fmamiga909.com.ar\/index.php?rest_route=%2Fwp%2Fv2%2Fcategories&post=24608"},{"taxonomy":"post_tag","embeddable":true,"href":"https:\/\/fmamiga909.com.ar\/index.php?rest_route=%2Fwp%2Fv2%2Ftags&post=24608"}],"curies":[{"name":"wp","href":"https:\/\/api.w.org\/{rel}","templated":true}]}}