{"id":24612,"date":"2025-09-30T21:28:32","date_gmt":"2025-09-30T21:28:32","guid":{"rendered":"https:\/\/fmamiga909.com.ar\/?p=24612"},"modified":"2025-09-30T21:28:32","modified_gmt":"2025-09-30T21:28:32","slug":"chiquito-romero-extrano-mucho-el-arco-de-boca-nunca-me-fui","status":"publish","type":"post","link":"https:\/\/fmamiga909.com.ar\/?p=24612","title":{"rendered":"&quot;Chiquito&quot; Romero: &quot;Extra\u00f1o mucho el arco de Boca; nunca me fui&quot;\u00a0"},"content":{"rendered":"<div><!-- Body --><\/p>\n<p>El arquero Sergio Romero vive un presente complejo en Boca y dej\u00f3 una pol\u00e9mica frase que gener\u00f3 revuelo en los hinchas al se\u00f1alar que \u00abnunca\u00bb se fue del arco del equipo de la Ribera.<\/p>\n<p>A sus 38 a\u00f1os, \u00abChiquito\u00bb Romero no suma minutos oficiales en lo que va del a\u00f1o y es considerado el cuarto en la lista del entrenador Miguel \u00c1ngel Russo, por detr\u00e1s de Agust\u00edn Marches\u00edn, Leandro Brey y Javier Garc\u00eda.<\/p>\n<p>En ese contexto, Romero dej\u00f3 una frase que r\u00e1pidamente levant\u00f3 polvareda, ya que, a la salida de los premios Mart\u00edn Fierro 2025, mientras buscaba a su esposa Eliana Guercio, un hincha le pidi\u00f3 su regreso al arco de Boca.<\/p>\n<p>\u00abExtra\u00f1o mucho el arco de Boca; nunca me fui\u00bb, respondi\u00f3 el ex arquero del Manchester United, en el que fue un mensaje breve, pero contundente y que pone sobre la mesa la inc\u00f3gnita sobre su verdadero rol en el plantel y la decisi\u00f3n del entrenador.<\/p>\n<p>Lo cierto es que el panorama en el arco del equipo de la Ribera es delicado porque Marches\u00edn est\u00e1 en duda por cuestiones f\u00edsicas y hay un bajo nivel colectivo que expone esa zona como uno de los puntos m\u00e1s d\u00e9biles del equipo.<\/p>\n<p>Aun as\u00ed, desde los pasillos de Boca se habla de que Romero no est\u00e1 \u00abborrado\u00bb como sucedi\u00f3 con Cristian Lema. El arquero se entrena a la par de sus compa\u00f1eros y no gener\u00f3 conflictos puertas adentro, lo cual lo mantiene todav\u00eda en el club.<\/p>\n<h2>Super\u00e1vit en el club<\/h2>\n<p>En el plano institucional, este martes se llev\u00f3 a cabo la reuni\u00f3n de Comisi\u00f3n Directiva de Boca\u00a0con la presencia del presidente del club, Juan Rom\u00e1n Riquelme. Durante el encuentro se trataron temas de relevancia institucional y econ\u00f3mica que marcar\u00e1n la agenda de la entidad en las pr\u00f3ximas semanas.<\/p>\n<p>El punto m\u00e1s destacado, seg\u00fan inform\u00f3 <i>Doble Amarilla<\/i>, fue la convocatoria a la Asamblea de Socios que\u00a0se celebrar\u00e1 el 29 de octubre, donde se presentar\u00e1 el balance anual y se someter\u00e1n a consideraci\u00f3n las cuentas de la instituci\u00f3n.<\/p>\n<p>Seg\u00fan lo informado oficialmente, el balance arroja un resultado superavitario de 30 millones de d\u00f3lares, un n\u00famero que refleja la solidez financiera del club en el \u00faltimo ejercicio. Este resultado positivo ser\u00e1 uno de los ejes centrales del debate con los socios en la pr\u00f3xima Asamblea.<\/p>\n<p>La conducci\u00f3n xeneize remarc\u00f3 que este super\u00e1vit millonario permite proyectar con mayor tranquilidad el futuro deportivo e institucional, en un contexto donde la econom\u00eda del f\u00fatbol argentino (y del pa\u00eds) atraviesa grandes dificultades.<\/p>\n<p>Con esta convocatoria formalizada, Boca se encamina a un mes clave en lo pol\u00edtico y econ\u00f3mico, con la mirada puesta en la continuidad de la gesti\u00f3n encabezada por Riquelme.<\/p>\n<p>En cuanto al f\u00fatbol y pese a la disoluci\u00f3n del Consejo, Riquelme resolvi\u00f3 no designar a un nuevo manager deportivo en el corto plazo.\u00a0<\/p>\n<p>La explicaci\u00f3n que dieron desde el entorno boquense se apoya en una raz\u00f3n estrat\u00e9gica: introducir una figura de peso en medio de la competencia, con el equipo peleando por la clasificaci\u00f3n a la Libertadores 2026, podr\u00eda alterar el delicado equilibrio interno.<\/p>\n<p>Adem\u00e1s, Riquelme se muestra conforme con el trabajo que Marcelo Delgado realiza en solitario. El \u00abChelo\u00bb logr\u00f3 sostener el d\u00eda a d\u00eda con solvencia y sin sobresaltos, lo que termin\u00f3 inclinando la balanza hacia la continuidad sin refuerzos jer\u00e1rquicos. As\u00ed, la planificaci\u00f3n para sumar un nuevo nombre se traslada, sin urgencias, al inicio de 2026.<\/p>\n<p><!-- Live Blog Post --><\/div>\n<p><a href=\"https:\/\/www.pagina12.com.ar\/862045-chiquito-romero-extrano-mucho-el-arco-de-boca-nunca-me-fui\">source<\/a><\/p>\n","protected":false},"excerpt":{"rendered":"<p>El arquero Sergio Romero vive un presente complejo en Boca y dej\u00f3 una pol\u00e9mica frase&#8230;<\/p>\n","protected":false},"author":3,"featured_media":24613,"comment_status":"closed","ping_status":"closed","sticky":false,"template":"","format":"standard","meta":{"footnotes":""},"categories":[21],"tags":[],"class_list":["post-24612","post","type-post","status-publish","format-standard","has-post-thumbnail","hentry","category-deportes"],"featured_image_urls":{"full":["https:\/\/fmamiga909.com.ar\/wp-content\/uploads\/2025\/09\/wp-header-logo-391.png",960,540,false],"thumbnail":["https:\/\/fmamiga909.com.ar\/wp-content\/uploads\/2025\/09\/wp-header-logo-391-150x150.png",150,150,true],"medium":["https:\/\/fmamiga909.com.ar\/wp-content\/uploads\/2025\/09\/wp-header-logo-391-300x169.png",300,169,true],"medium_large":["https:\/\/fmamiga909.com.ar\/wp-content\/uploads\/2025\/09\/wp-header-logo-391.png",960,540,false],"large":["https:\/\/fmamiga909.com.ar\/wp-content\/uploads\/2025\/09\/wp-header-logo-391.png",640,360,false],"1536x1536":["https:\/\/fmamiga909.com.ar\/wp-content\/uploads\/2025\/09\/wp-header-logo-391.png",960,540,false],"2048x2048":["https:\/\/fmamiga909.com.ar\/wp-content\/uploads\/2025\/09\/wp-header-logo-391.png",960,540,false],"newsium-slider-full":["https:\/\/fmamiga909.com.ar\/wp-content\/uploads\/2025\/09\/wp-header-logo-391.png",960,540,false],"newsium-featured":["https:\/\/fmamiga909.com.ar\/wp-content\/uploads\/2025\/09\/wp-header-logo-391.png",960,540,false],"newsium-medium":["https:\/\/fmamiga909.com.ar\/wp-content\/uploads\/2025\/09\/wp-header-logo-391-720x475.png",720,475,true]},"author_info":{"display_name":"Fredy Giuliano","author_link":"https:\/\/fmamiga909.com.ar\/?author=3"},"category_info":"<a href=\"https:\/\/fmamiga909.com.ar\/?cat=21\" rel=\"category\">Deportes<\/a>","tag_info":"Deportes","comment_count":"0","_links":{"self":[{"href":"https:\/\/fmamiga909.com.ar\/index.php?rest_route=\/wp\/v2\/posts\/24612","targetHints":{"allow":["GET"]}}],"collection":[{"href":"https:\/\/fmamiga909.com.ar\/index.php?rest_route=\/wp\/v2\/posts"}],"about":[{"href":"https:\/\/fmamiga909.com.ar\/index.php?rest_route=\/wp\/v2\/types\/post"}],"author":[{"embeddable":true,"href":"https:\/\/fmamiga909.com.ar\/index.php?rest_route=\/wp\/v2\/users\/3"}],"replies":[{"embeddable":true,"href":"https:\/\/fmamiga909.com.ar\/index.php?rest_route=%2Fwp%2Fv2%2Fcomments&post=24612"}],"version-history":[{"count":0,"href":"https:\/\/fmamiga909.com.ar\/index.php?rest_route=\/wp\/v2\/posts\/24612\/revisions"}],"wp:featuredmedia":[{"embeddable":true,"href":"https:\/\/fmamiga909.com.ar\/index.php?rest_route=\/wp\/v2\/media\/24613"}],"wp:attachment":[{"href":"https:\/\/fmamiga909.com.ar\/index.php?rest_route=%2Fwp%2Fv2%2Fmedia&parent=24612"}],"wp:term":[{"taxonomy":"category","embeddable":true,"href":"https:\/\/fmamiga909.com.ar\/index.php?rest_route=%2Fwp%2Fv2%2Fcategories&post=24612"},{"taxonomy":"post_tag","embeddable":true,"href":"https:\/\/fmamiga909.com.ar\/index.php?rest_route=%2Fwp%2Fv2%2Ftags&post=24612"}],"curies":[{"name":"wp","href":"https:\/\/api.w.org\/{rel}","templated":true}]}}