{"id":24624,"date":"2025-09-30T23:50:42","date_gmt":"2025-09-30T23:50:42","guid":{"rendered":"https:\/\/fmamiga909.com.ar\/?p=24624"},"modified":"2025-09-30T23:50:42","modified_gmt":"2025-09-30T23:50:42","slug":"puede-jugarse-el-mundial-en-ee-uu","status":"publish","type":"post","link":"https:\/\/fmamiga909.com.ar\/?p=24624","title":{"rendered":"\u00bfPuede jugarse el Mundial en EE.UU?"},"content":{"rendered":"<div><!-- Body --><\/p>\n<p>La pregunta no esquiva el bulto. Incluso hay m\u00e1s razones para hac\u00e9rsela si se compara al Mundial de la FIFA 2026 con los \u00faltimos dos, de Rusia y Qatar. \u00bfDeber\u00eda Estados Unidos organizar la Copa del pr\u00f3ximo a\u00f1o? La respuesta indicar\u00eda que no. Existen motivos de pol\u00edtica interna, sociales, geopol\u00edticos y adem\u00e1s deportivos. Sobran argumentos para sostener la negativa y podr\u00eda agregarse otro, aunque m\u00e1s discutible: el econ\u00f3mico. <b>El posible cierre del gobierno por falta de acuerdo <\/b>en el presupuesto entre republicanos y dem\u00f3cratas, el estancamiento del empleo y los altos aranceles, m\u00e1s la quita de impuestos a los m\u00e1s ricos, contrastan con el crecimiento de su PBI despu\u00e9s de la pandemia. EE.UU gastar\u00e1 un bill\u00f3n de d\u00f3lares en Defensa y recortar\u00e1 en salud, educaci\u00f3n y ciencia este a\u00f1o. Parecen razones inocuas para que los considere la poderosa organizaci\u00f3n que preside el suizo <b>Gianni Infantino,<\/b> pero describen el contexto en que se desarrollar\u00e1 el torneo. <\/p>\n<p>  A la ya compleja situaci\u00f3n del pa\u00eds, <b>Donald Trump,<\/b> un socio emp\u00e1tico con las necesidades de la FIFA pero impredecible, le agreg\u00f3 un problema extra. Acaba de advertir que podr\u00eda modificar sedes y partidos del torneo por razones de seguridad. No le gustan <b>Seattle y San Francisco.<\/b> Dijo que est\u00e1n \u201cmal administradas\u201d. No es casual. Se ubican en estados gobernados por los dem\u00f3cratas Bob Ferguson y Gavin Newsom, con quienes se lleva muy mal. <\/p>\n<p>  Todav\u00eda hoy, quiz\u00e1s suenen dulces aquellas palabras que le regal\u00f3 Infantino a Trump en la Casa Blanca durante su primer mandato, en agosto de 2018.   \u201cEstamos aqu\u00ed para organizar el mayor espect\u00e1culo del planeta. Y lo haremos juntos, se\u00f1or presidente\u201d. No hablaba todav\u00eda con el jefe de Estado que en su segundo gobierno iba a deportar inmigrantes en masa, ni con el que pretende anexionarse Groenlandia &#8211; territorio aut\u00f3nomo de Dinamarca -, <b>ni el que asedia a Venezuela y Cuba en el Caribe con la armada, <\/b>ni el que dio la orden de bombardear Ir\u00e1n sin ser atacado previamente o confraterniza y financia con armamento al genocida Benjam\u00edn Netanyahu. Son solo algunos hechos de su agresiva agenda que se destacan en los ocho meses y poco m\u00e1s de su gobierno.<\/p>\n<p>  A Rusia se la critic\u00f3 antes del Mundial 2018 por las sospechas de corrupci\u00f3n para obtener su sede, las pol\u00edticas homof\u00f3bicas y la forma en que apoy\u00f3 militarmente la autonom\u00eda de <b>Crimea y la regi\u00f3n del Donb\u00e1s<\/b> en su \u00e1rea de influencia. Fue despu\u00e9s de invadir Ucrania cuando en un tr\u00e1mite expr\u00e9s, la FIFA y la UEFA decidieron en cuatro d\u00edas sancionarla. Infantino declar\u00f3: \u201cMe he quedado impactado por lo que he visto. Estoy preocupado por esta situaci\u00f3n. La FIFA condena la utilizaci\u00f3n de la fuerza por parte de Rusia\u201d. <\/p>\n<p>  Para decirlo en una de las siete lenguas que domina, el italiano, hizo <b>\u201csilenzio stampa\u201d (un apag\u00f3n de prensa) desde que comenz\u00f3 la masacre en la Franja de Gaza.<\/b> Nada coment\u00f3 de una posible sanci\u00f3n a Israel para evitar que participe en el Mundial 2026. Aunque es dif\u00edcil que se clasifique en las eliminatorias europeas. Definir\u00e1 su suerte con Italia de visitante. <\/p>\n<p>  Resta esperar qu\u00e9 har\u00e1 la federaci\u00f3n con la \u00faltima recomendaci\u00f3n del <b>Consejo de Derechos Humanos de Naciones Unidas <\/b>que calific\u00f3 como \u201cgenocidio\u201d lo que sucede con el pueblo palestino. En un comunicado detallaron ocho expertos de la ONU: \u201cEl deporte debe rechazar la percepci\u00f3n de que todo sigue como de costumbre\u201d.  <\/p>\n<p>  A Qatar le hicieron imputaciones por las decenas de muertes de trabajadores en la construcci\u00f3n de los estadios del Mundial 2022, el r\u00e9gimen laboral draconiano que ten\u00eda el emirato, m\u00e1s acusaciones de <b>homofobia, misoginia y ataques contra la comunidad LGBT+. <\/b>Tambi\u00e9n fueron expl\u00edcitas las denuncias por pagos de sobornos para ser anfitri\u00f3n de la Copa. Estados Unidos estuvo detr\u00e1s porque hab\u00eda perdido la votaci\u00f3n en la FIFA para ser la sede que ahora tendr\u00e1 el a\u00f1o pr\u00f3ximo. <\/p>\n<p>  El Mundial coincidir\u00e1 con el <b>250\u00b0 aniversario de la independencia de EE.UU que con Trump tiene prevista una serie de actos conmemorativos. <\/b>La Copa de la FIFA encajar\u00e1 muy bien. Como se trata del anfitri\u00f3n, se prev\u00e9 que ser\u00e1 selectivo y no habr\u00e1 lugar en los estadios para el mill\u00f3n de migrantes que su gobierno espera deportar solo en 2025. El objetivo es alcanzar una cuota de 3 mil arrestados por d\u00eda hasta llegar a la cifra planteada. Es casi imposible que la logre este a\u00f1o. <\/p>\n<p>  Pero no conforme con su discurso de mano dura, la ret\u00f3rica de Trump y sus funcionarios lleg\u00f3 a l\u00edmites de perversi\u00f3n inocultable. <b>Su secretaria de Seguridad Nacional, Kristi Noem, <\/b>declar\u00f3 en agosto pasado que el gobierno empez\u00f3 a pintar de negro el muro que se levanta en la frontera con M\u00e9xico, para que su superficie se caliente m\u00e1s con altas temperaturas y resulte muy dif\u00edcil ser escalado. En X escribi\u00f3 despu\u00e9s de visitar el lugar: \u201cEste muro es parte del cambio. Demasiado alto para escalarlo. Demasiado estrecho para atravesarlo. Y ahora, tan caliente al tacto que los delincuentes extranjeros ilegales ni siquiera lo intentar\u00e1n\u201d. <\/p>\n<p>  Es una se\u00f1al de lo que podr\u00eda ocurrir en la frontera y tambi\u00e9n puertas adentro. En los pantanos de la Florida, el gobierno republicano ide\u00f3 otro disuasivo antiinmigrantes. Una c\u00e1rcel para extranjeros que EE.UU considera indocumentados. Trump se pavone\u00f3 cuando la visit\u00f3: <b>\u201cLes vamos a ense\u00f1ar a huir de un caim\u00e1n, \u00bfde acuerdo? Si escapan de la prisi\u00f3n, a huir. <\/b>No corran en l\u00ednea recta. Corran as\u00ed (lo dijo mientras mov\u00eda la mano en zigzag) \u00bfY saben qu\u00e9? Sus posibilidades aumentar\u00e1n aproximadamente un 1 por ciento\u201d. Al centro de detenci\u00f3n lo bautizaron \u201cAlligator (Caim\u00e1n) Alcatraz\u201d. Est\u00e1 rodeado de reptiles de buen porte.<\/p>\n<p>  \u00bfQu\u00e9 pasar\u00e1 con la selecci\u00f3n de Ir\u00e1n, ya clasificada al Mundial y cuyos ciudadanos tienen prohibido el acceso a la tierra del <i>American dream<\/i>?<i> <\/i><b>Se estudia la posibilidad de que la fase de grupos la juegue en M\u00e9xico \u2013 coanfitri\u00f3n de la Copa junto a Canad\u00e1 \u2013<\/b> y se evite un cortocircuito con el gobierno de Trump. Pero hay una excepci\u00f3n que podr\u00eda aplicarse a jugadores, cuerpo t\u00e9cnico o familiares de los equipos que participan en el Mundial.\u00a0\u00a0<\/p>\n<p>En Estados Unidos un extranjero es observado con lupa. Y m\u00e1s cuando hay razones pol\u00edticas de por medio. Se le cancel\u00f3 la visa al presidente de Colombia, Gustavo Petro y antes hab\u00eda sucedido lo mismo con el juez del <b>Supremo Tribunal Federal de  Brasil, Alexandre de Moraes. <\/b>Los dos pa\u00edses se clasificaron a la Copa 2026. Pero si ambos quisieran viajar a ver un partido no se les permitir\u00e1 la entrada. Netanyahu podr\u00eda en el hipot\u00e9tico caso que se clasificara Israel. Aunque la FIFA y la UEFA eval\u00faan en estas horas una sanci\u00f3n tard\u00eda como la que se le aplic\u00f3 a Rusia.\u00a0\u00a0<\/p>\n<p><a href=\"\/cdn-cgi\/l\/email-protection\" class=\"__cf_email__\" data-cfemail=\"6f08190a06080e2f1f0e0806010e5e5d410c0002410e1d\">[email\u00a0protected]<\/a><\/p>\n<p><!-- Live Blog Post --><\/div>\n<p><a href=\"https:\/\/www.pagina12.com.ar\/862107-puede-jugarse-el-mundial-en-ee-uu\">source<\/a><\/p>\n","protected":false},"excerpt":{"rendered":"<p>La pregunta no esquiva el bulto. Incluso hay m\u00e1s razones para hac\u00e9rsela si se compara&#8230;<\/p>\n","protected":false},"author":3,"featured_media":24625,"comment_status":"closed","ping_status":"closed","sticky":false,"template":"","format":"standard","meta":{"footnotes":""},"categories":[21],"tags":[],"class_list":["post-24624","post","type-post","status-publish","format-standard","has-post-thumbnail","hentry","category-deportes"],"featured_image_urls":{"full":["https:\/\/fmamiga909.com.ar\/wp-content\/uploads\/2025\/09\/wp-header-logo-397.png",960,540,false],"thumbnail":["https:\/\/fmamiga909.com.ar\/wp-content\/uploads\/2025\/09\/wp-header-logo-397-150x150.png",150,150,true],"medium":["https:\/\/fmamiga909.com.ar\/wp-content\/uploads\/2025\/09\/wp-header-logo-397-300x169.png",300,169,true],"medium_large":["https:\/\/fmamiga909.com.ar\/wp-content\/uploads\/2025\/09\/wp-header-logo-397.png",960,540,false],"large":["https:\/\/fmamiga909.com.ar\/wp-content\/uploads\/2025\/09\/wp-header-logo-397.png",640,360,false],"1536x1536":["https:\/\/fmamiga909.com.ar\/wp-content\/uploads\/2025\/09\/wp-header-logo-397.png",960,540,false],"2048x2048":["https:\/\/fmamiga909.com.ar\/wp-content\/uploads\/2025\/09\/wp-header-logo-397.png",960,540,false],"newsium-slider-full":["https:\/\/fmamiga909.com.ar\/wp-content\/uploads\/2025\/09\/wp-header-logo-397.png",960,540,false],"newsium-featured":["https:\/\/fmamiga909.com.ar\/wp-content\/uploads\/2025\/09\/wp-header-logo-397.png",960,540,false],"newsium-medium":["https:\/\/fmamiga909.com.ar\/wp-content\/uploads\/2025\/09\/wp-header-logo-397-720x475.png",720,475,true]},"author_info":{"display_name":"Fredy Giuliano","author_link":"https:\/\/fmamiga909.com.ar\/?author=3"},"category_info":"<a href=\"https:\/\/fmamiga909.com.ar\/?cat=21\" rel=\"category\">Deportes<\/a>","tag_info":"Deportes","comment_count":"0","_links":{"self":[{"href":"https:\/\/fmamiga909.com.ar\/index.php?rest_route=\/wp\/v2\/posts\/24624","targetHints":{"allow":["GET"]}}],"collection":[{"href":"https:\/\/fmamiga909.com.ar\/index.php?rest_route=\/wp\/v2\/posts"}],"about":[{"href":"https:\/\/fmamiga909.com.ar\/index.php?rest_route=\/wp\/v2\/types\/post"}],"author":[{"embeddable":true,"href":"https:\/\/fmamiga909.com.ar\/index.php?rest_route=\/wp\/v2\/users\/3"}],"replies":[{"embeddable":true,"href":"https:\/\/fmamiga909.com.ar\/index.php?rest_route=%2Fwp%2Fv2%2Fcomments&post=24624"}],"version-history":[{"count":0,"href":"https:\/\/fmamiga909.com.ar\/index.php?rest_route=\/wp\/v2\/posts\/24624\/revisions"}],"wp:featuredmedia":[{"embeddable":true,"href":"https:\/\/fmamiga909.com.ar\/index.php?rest_route=\/wp\/v2\/media\/24625"}],"wp:attachment":[{"href":"https:\/\/fmamiga909.com.ar\/index.php?rest_route=%2Fwp%2Fv2%2Fmedia&parent=24624"}],"wp:term":[{"taxonomy":"category","embeddable":true,"href":"https:\/\/fmamiga909.com.ar\/index.php?rest_route=%2Fwp%2Fv2%2Fcategories&post=24624"},{"taxonomy":"post_tag","embeddable":true,"href":"https:\/\/fmamiga909.com.ar\/index.php?rest_route=%2Fwp%2Fv2%2Ftags&post=24624"}],"curies":[{"name":"wp","href":"https:\/\/api.w.org\/{rel}","templated":true}]}}