{"id":24642,"date":"2025-10-01T23:19:51","date_gmt":"2025-10-01T23:19:51","guid":{"rendered":"https:\/\/fmamiga909.com.ar\/?p=24642"},"modified":"2025-10-01T23:19:51","modified_gmt":"2025-10-01T23:19:51","slug":"paratleistmo-fernado-vazquez-se-consagro-campeon-del-mundo-en-salto-en-largo","status":"publish","type":"post","link":"https:\/\/fmamiga909.com.ar\/?p=24642","title":{"rendered":"Paratleistmo: Fernado V\u00e1zquez se consagr\u00f3 campe\u00f3n del mundo en salto en largo"},"content":{"rendered":"<div><!-- Body --><\/p>\n<p>El paratletismo argentino celebra un hito hist\u00f3rico. El atleta cordob\u00e9s Fernando V\u00e1zquez, de 25 a\u00f1os, <a href=\"https:\/\/drive.google.com\/drive\/u\/0\/folders\/1rTrCgHmXX3tHJFM8pcELVHmtnbTzsfMc\" target=\"_blank\">se consagr\u00f3 campe\u00f3n mundial en la prueba de salto en largo T12 en el Campeonato Mundial de Paratletismo que se disputa en Nueva Delhi<\/a>, India. Representando a la Federaci\u00f3n Argentina de Deportes para Ciegos (FADeC), V\u00e1zquez se colg\u00f3 la medalla de oro con un impresionante salto de 7.01 metros, su mejor registro de la temporada.<\/p>\n<p><b>Este triunfo no solo representa la cima de su carrera hasta el momento, sino que tambi\u00e9n confirma la enorme proyecci\u00f3n de un atleta que ya hab\u00eda demostrado su val\u00eda en la escena internacional<\/b> al obtener la medalla de bronce en los Juegos Paral\u00edmpicos de Par\u00eds. Su actuaci\u00f3n en Nueva Delhi es una ratificaci\u00f3n de su talento, disciplina y un enorme potencial de cara al futuro.<\/p>\n<p><b>El \u00e9xito de V\u00e1zquez es inseparable del trabajo en equipo y la perfecta sincron\u00eda con su gu\u00eda, Bruno Zanacchi<\/b>. La dupla ha demostrado, una vez m\u00e1s, que la confianza y la compenetraci\u00f3n son claves para alcanzar la excelencia en el m\u00e1s alto nivel competitivo.<\/p>\n<p>Con este oro mundial, <b>Fernando no solo trae una medalla a casa, sino que se convierte en una figura de inspiraci\u00f3n para las nuevas generaciones de atletas y en un referente del deporte adaptado en Argentina<\/b>. Su brillante presente augura un futuro a\u00fan m\u00e1s prometedor en el ciclo paral\u00edmpico.<\/p>\n<p><b>\u201cEstamos inmensamente felices, es un sue\u00f1o hecho realidad. Este oro es el resultado de a\u00f1os de esfuerzo, de no bajar los brazos nunca<\/b>. Quiero agradecer a mi gu\u00eda, Bruno, que es fundamental en cada salto, y a toda la FADeC por el apoyo constante. Es un orgullo llevar esta medalla para C\u00f3rdoba y para toda Argentina\u00bb, coment\u00f3 V\u00e1zquez.<\/p>\n<p>Por su parte, David Peralta, presidente de FADeC, agreg\u00f3: \u00ab<b>El triunfo de Fernando es un orgullo para toda la federaci\u00f3n y para el deporte adaptado argentino<\/b>. \u00c9l representa los valores de la superaci\u00f3n, la constancia y el trabajo en equipo. Su medalla no solo es un logro personal, sino una inspiraci\u00f3n para much\u00edsimos atletas que vienen detr\u00e1s. Tiene un presente brillante y un futuro enorme por delante\u00bb.<\/p>\n<p><!-- Live Blog Post --><\/div>\n<p><a href=\"https:\/\/www.pagina12.com.ar\/862411-paratleistmo-fernado-vazquez-se-consagro-campeon-del-mundo-e\">source<\/a><\/p>\n","protected":false},"excerpt":{"rendered":"<p>El paratletismo argentino celebra un hito hist\u00f3rico. El atleta cordob\u00e9s Fernando V\u00e1zquez, de 25 a\u00f1os,&#8230;<\/p>\n","protected":false},"author":3,"featured_media":24643,"comment_status":"closed","ping_status":"closed","sticky":false,"template":"","format":"standard","meta":{"footnotes":""},"categories":[21],"tags":[],"class_list":["post-24642","post","type-post","status-publish","format-standard","has-post-thumbnail","hentry","category-deportes"],"featured_image_urls":{"full":["https:\/\/fmamiga909.com.ar\/wp-content\/uploads\/2025\/10\/wp-header-logo-6.png",960,540,false],"thumbnail":["https:\/\/fmamiga909.com.ar\/wp-content\/uploads\/2025\/10\/wp-header-logo-6-150x150.png",150,150,true],"medium":["https:\/\/fmamiga909.com.ar\/wp-content\/uploads\/2025\/10\/wp-header-logo-6-300x169.png",300,169,true],"medium_large":["https:\/\/fmamiga909.com.ar\/wp-content\/uploads\/2025\/10\/wp-header-logo-6.png",960,540,false],"large":["https:\/\/fmamiga909.com.ar\/wp-content\/uploads\/2025\/10\/wp-header-logo-6.png",640,360,false],"1536x1536":["https:\/\/fmamiga909.com.ar\/wp-content\/uploads\/2025\/10\/wp-header-logo-6.png",960,540,false],"2048x2048":["https:\/\/fmamiga909.com.ar\/wp-content\/uploads\/2025\/10\/wp-header-logo-6.png",960,540,false],"newsium-slider-full":["https:\/\/fmamiga909.com.ar\/wp-content\/uploads\/2025\/10\/wp-header-logo-6.png",960,540,false],"newsium-featured":["https:\/\/fmamiga909.com.ar\/wp-content\/uploads\/2025\/10\/wp-header-logo-6.png",960,540,false],"newsium-medium":["https:\/\/fmamiga909.com.ar\/wp-content\/uploads\/2025\/10\/wp-header-logo-6-720x475.png",720,475,true]},"author_info":{"display_name":"Fredy Giuliano","author_link":"https:\/\/fmamiga909.com.ar\/?author=3"},"category_info":"<a href=\"https:\/\/fmamiga909.com.ar\/?cat=21\" rel=\"category\">Deportes<\/a>","tag_info":"Deportes","comment_count":"0","_links":{"self":[{"href":"https:\/\/fmamiga909.com.ar\/index.php?rest_route=\/wp\/v2\/posts\/24642","targetHints":{"allow":["GET"]}}],"collection":[{"href":"https:\/\/fmamiga909.com.ar\/index.php?rest_route=\/wp\/v2\/posts"}],"about":[{"href":"https:\/\/fmamiga909.com.ar\/index.php?rest_route=\/wp\/v2\/types\/post"}],"author":[{"embeddable":true,"href":"https:\/\/fmamiga909.com.ar\/index.php?rest_route=\/wp\/v2\/users\/3"}],"replies":[{"embeddable":true,"href":"https:\/\/fmamiga909.com.ar\/index.php?rest_route=%2Fwp%2Fv2%2Fcomments&post=24642"}],"version-history":[{"count":0,"href":"https:\/\/fmamiga909.com.ar\/index.php?rest_route=\/wp\/v2\/posts\/24642\/revisions"}],"wp:featuredmedia":[{"embeddable":true,"href":"https:\/\/fmamiga909.com.ar\/index.php?rest_route=\/wp\/v2\/media\/24643"}],"wp:attachment":[{"href":"https:\/\/fmamiga909.com.ar\/index.php?rest_route=%2Fwp%2Fv2%2Fmedia&parent=24642"}],"wp:term":[{"taxonomy":"category","embeddable":true,"href":"https:\/\/fmamiga909.com.ar\/index.php?rest_route=%2Fwp%2Fv2%2Fcategories&post=24642"},{"taxonomy":"post_tag","embeddable":true,"href":"https:\/\/fmamiga909.com.ar\/index.php?rest_route=%2Fwp%2Fv2%2Ftags&post=24642"}],"curies":[{"name":"wp","href":"https:\/\/api.w.org\/{rel}","templated":true}]}}