{"id":24662,"date":"2025-10-02T19:14:15","date_gmt":"2025-10-02T19:14:15","guid":{"rendered":"https:\/\/fmamiga909.com.ar\/?p=24662"},"modified":"2025-10-02T19:14:15","modified_gmt":"2025-10-02T19:14:15","slug":"kopa-el-futbolista-que-dejo-la-mina","status":"publish","type":"post","link":"https:\/\/fmamiga909.com.ar\/?p=24662","title":{"rendered":"Kopa, el futbolista que dej\u00f3 la mina"},"content":{"rendered":"<div><!-- Body --><\/p>\n<p><b>Raymond Kopa<\/b>, el franc\u00e9s de origen polaco que supo deslumbrar al mundo en aquel m\u00edtico Real Madrid que hizo historia con estrellas como \u00e9l o el argentino Alfredo Di St\u00e9fano, lleg\u00f3 al f\u00fatbol intentando ver la luz y dejando atr\u00e1s una peligrosa oscuridad. Era un ni\u00f1o todav\u00eda cuando empez\u00f3 a trabajar \u2013como su familia\u2013 en una mina de carb\u00f3n al norte de Francia, en N\u0153ux-les-Mines, all\u00ed donde naci\u00f3. Hasta que encontr\u00f3 en el deporte la oportunidad para permanecer en la superficie y no tener que volver a esas miserables profundidades. No solo se aferr\u00f3 a la pelota: nunca la solt\u00f3. Y se invent\u00f3 a s\u00ed mismo un nuevo camino, al sol. <b>\u00abCada vez que saltaba al campo de juego, me dec\u00eda: \u2018\u00a1Ay, Raymond, qu\u00e9 suerte tienes de tener un trabajo tan extraordinario! \u00a1Qu\u00e9 bastardo con suerte eres! Imag\u00ednate estar en las tribunas viendo a dos equipos mientras esperas para ir a la mina. \u00bfTe das cuenta de la suerte que tendr\u00edas?\u2019.<\/b> Y yo era perfectamente consciente de ello\u2026\u00bb, record\u00f3 alguna vez el franc\u00e9s, quien perdi\u00f3 dos falanges en un accidente laboral durante sus d\u00edas de minero, en el libro <i>Raymond Kopa: D&#8217;hier et d&#8217;aujourd&#8217;hui<\/i>, publicado por el periodista Bernard Verret en 1980.<\/p>\n<p>Nacido el 13 de octubre de 1931 bajo el apellido Kopaszewski, la futura estrella merengue jug\u00f3 varios a\u00f1os en el club amateur que lleva el nombre de su ciudad natal \u2013y todav\u00eda existe\u2013, pero fue reci\u00e9n en 1949 cuando empez\u00f3 a proyectarse su carrera en el deporte. La idea de aventurarse en el f\u00fatbol lleg\u00f3 luego de varios fracasos en sus b\u00fasquedas laborales intentando salirse del trabajo en la mina, ese que en su familia llevaba varias generaciones. \u00ab<b>Comprend\u00ed que me hab\u00edan rechazado. Que un hijo de polacos estaba hecho para la mina y para nada m\u00e1s. Que se hab\u00eda acabado. Que ten\u00eda que resignarme\u00bb<\/b>, cont\u00f3 en <i>Mon football<\/i>, la autobiograf\u00eda que public\u00f3 en 1972, luego de un frustrado intento de conseguir trabajo como electricista.<\/p>\n<div class=\"iframely-embed medium-embedded-content\" data-html=\"Jmx0O2Jsb2NrcXVvdGUgY2xhc3M9InR3aXR0ZXItdHdlZXQiIGRhdGEtZG50PSJ0cnVlIiBhbGlnbj0iY2VudGVyIiZndDsmbHQ7cCBsYW5nPSJmciIgZGlyPSJsdHIiJmd0O1VuIHZpc2FnZSBkJmFtcDsjMzk7YW5nZSBwb3VyIHVuIHRhbGVudCBkaXZpbi4gTW9uc2lldXIgUmF5bW9uZCBLb3BhLiAmbHQ7YSBocmVmPSJodHRwczovL3QuY28vSHN6bUhReTZrOCImZ3Q7cGljLnR3aXR0ZXIuY29tL0hzem1IUXk2azgmbHQ7L2EmZ3Q7Jmx0Oy9wJmd0OyZhbXA7bWRhc2g7IFN0YWRlIGRlIFJlaW1zIChAU3RhZGVEZVJlaW1zKSAmbHQ7YSBocmVmPSJodHRwczovL3R3aXR0ZXIuY29tL1N0YWRlRGVSZWltcy9zdGF0dXMvODM3NjEzNjc5MzI3NzA3MTM3P3JlZl9zcmM9dHdzcmMlNUV0ZnciJmd0O01hcmNoIDMsIDIwMTcmbHQ7L2EmZ3Q7Jmx0Oy9ibG9ja3F1b3RlJmd0OwombHQ7c2NyaXB0IGFzeW5jIHNyYz0iaHR0cHM6Ly9wbGF0Zm9ybS50d2l0dGVyLmNvbS93aWRnZXRzLmpzIiBjaGFyc2V0PSJ1dGYtOCImZ3Q7Jmx0Oy9zY3JpcHQmZ3Q7CgombHQ7ZGl2IGNsYXNzPSJtZWRpdW0taW5zZXJ0LWVtYmVkcy1tZXRhIiZndDsmbHQ7c2NyaXB0IHR5cGU9InRleHQvanNvbiImZ3Q7eyJ1cmwiOiJodHRwczovL3R3aXR0ZXIuY29tL1N0YWRlRGVSZWltcy9zdGF0dXMvODM3NjEzNjc5MzI3NzA3MTM3IiwidHlwZSI6InJpY2giLCJ2ZXJzaW9uIjoiMS4wIiwidGl0bGUiOiJTdGFkZSBkZSBSZWltcyBvbiBUd2l0dGVyIC8gWCIsImF1dGhvciI6IlN0YWRlIGRlIFJlaW1zIiwiYXV0aG9yX3VybCI6Imh0dHBzOi8vdHdpdHRlci5jb20vU3RhZGVEZVJlaW1zIiwicHJvdmlkZXJfbmFtZSI6IlR3aXR0ZXIiLCJkZXNjcmlwdGlvbiI6IlVuIHZpc2FnZSBkJ2FuZ2UgcG91ciB1biB0YWxlbnQgZGl2aW4uIE1vbnNpZXVyIFJheW1vbmQgS29wYS4gcGljLnR3aXR0ZXIuY29tL0hzem1IUXk2azjigJQgU3RhZGUgZGUgUmVpbXMgKEBTdGFkZURlUmVpbXMpIE1hcmNoIDMsIDIwMTdcblxuXG4iLCJ0aHVtYm5haWxfdXJsIjoiaHR0cHM6Ly9wYnMudHdpbWcuY29tL21lZGlhL0M1X05NdEFXY0FJNHQtUi5qcGc6bGFyZ2UiLCJ0aHVtYm5haWxfd2lkdGgiOjU0NCwidGh1bWJuYWlsX2hlaWdodCI6MzY1LCJjYWNoZV9hZ2UiOjg2NDAwLCJvcHRpb25zIjp7Il9oaWRlX21lZGlhIjp7ImxhYmVsIjoiSGlkZSBwaG90b3MsIHZpZGVvcywgYW5kIGNhcmRzIiwidmFsdWUiOmZhbHNlfSwiX3RoZW1lIjp7InZhbHVlIjoiIiwidmFsdWVzIjp7ImRhcmsiOiJVc2UgZGFyayB0aGVtZSJ9fSwiX21heHdpZHRoIjp7InZhbHVlIjoiIiwibGFiZWwiOiJBZGp1c3Qgd2lkdGgiLCJwbGFjZWhvbGRlciI6IjIyMC01NTAsIGluIHB4In19fSZsdDsvc2NyaXB0Jmd0OyZsdDsvZGl2Jmd0Ow==\">\n                <a data-iframely-url=\"\" href=\"https:\/\/twitter.com\/StadeDeReims\/status\/837613679327707137\">https:\/\/twitter.com\/StadeDeReims\/status\/837613679327707137<\/a>\n              <\/div>\n<p><b>Fue una prueba para j\u00f3venes franceses la que impuls\u00f3 a Kopa en el mundo del f\u00fatbol.<\/b> El jugador que ganar\u00eda t\u00edtulos y fan\u00e1ticos gracias a su gambeta endiablada ten\u00eda en 1949 toda la frescura y potencia de sus 18 a\u00f1os y fue fichado por el SCO Angers, club que le hizo su primer contrato profesional. \u00abCre\u00ed que fichar\u00eda por alguno de los grandes de Francia: Lille OSC, RC Lens, Valenciennes o Roubaix&#8230; As\u00ed que me llev\u00e9 una gran decepci\u00f3n cuando el \u00fanico equipo que me hizo una oferta fue uno de la segunda divisi\u00f3n del oeste de Francia\u00bb, se sincerar\u00eda tiempo despu\u00e9s el m\u00e1s fiel creyente de su calidad futbol\u00edstica. Y ten\u00eda raz\u00f3n. <b>Hab\u00eda un motivo que tiraba atr\u00e1s a los buscadores de talentos; deslumbrados ante su destreza, desconfiaban de su porte: Kopa med\u00eda 1,68 metros y era considerado un jugador \u00abmuy peque\u00f1o\u00bb<\/b>, seg\u00fan \u00e9l mismo recordaba. Para tomar dimensi\u00f3n: el franc\u00e9s, que jugaba de delantero o mediocampista ofensivo, era apenas dos cent\u00edmetros m\u00e1s alto que Diego Armando Maradona y dos cent\u00edmetros m\u00e1s bajo que Lionel Messi.<\/p>\n<p>Dos temporadas despu\u00e9s de jugar con el SCO Angers \u2013que, desde su muerte en 2017, rebautiz\u00f3 su estadio bajo su nombre\u2013, Kopa recal\u00f3 finalmente en la primera divisi\u00f3n de su pa\u00eds con el Stade de Reims, aquel donde hab\u00eda so\u00f1ado jugar desde un principio y que es conocido en nuestras tierras porque supo brillar con sus colores el argentino Carlos Bianchi durante la d\u00e9cada del \u201870. All\u00ed, el franc\u00e9s se volvi\u00f3 una figura trascendental: <b>contribuy\u00f3 con su f\u00fatbol a conquistar los dos \u00faltimos t\u00edtulos locales de la historia del club de Reims, con el que jug\u00f3 m\u00e1s de 400 partidos (anot\u00f3 m\u00e1s de 80 goles) y al que llev\u00f3 a disputar la primera final de la Copa de Europa en 1956.<\/b> En aquella definici\u00f3n el conjunto galo cay\u00f3 por 4-3 ante el Real Madrid de Di St\u00e9fano (quien marc\u00f3 el primer gol), pero la instituci\u00f3n merengue hab\u00eda quedado deslumbrada con su calidad mucho antes, as\u00ed que lo fich\u00f3 unos d\u00edas antes de la final y, ya con \u00e9l desde la temporada siguiente, <b>repiti\u00f3 su consagraci\u00f3n en las ediciones 1956\/57, 1957\/58 y 1958\/59 de la vieja Champions League.<\/b> Uno de los mejores a\u00f1os de Kopa fue 1958, cuando llev\u00f3 a su seleccionado hasta semifinales del Mundial de Suecia (Francia termin\u00f3 tercera, actuaci\u00f3n que igual\u00f3 en M\u00e9xico 1986 y super\u00f3 reci\u00e9n con el t\u00edtulo de 1998) y adem\u00e1s <b>gan\u00f3 el Bal\u00f3n de Oro, convirti\u00e9ndose en el primer jugador franc\u00e9s en conquistarlo<\/b>; luego lo ganar\u00edan Michel Platini (tres veces), Jean-Pierre Papin, Zinedine Zidane, Karim Benzema y, este 2025, Ousmane Demb\u00e9l\u00e9.<\/p>\n<div class=\"iframely-embed medium-embedded-content\" data-html=\"Jmx0O2Jsb2NrcXVvdGUgY2xhc3M9InR3aXR0ZXItdHdlZXQiIGRhdGEtZG50PSJ0cnVlIiBhbGlnbj0iY2VudGVyIiZndDsmbHQ7cCBsYW5nPSJlcyIgZGlyPSJsdHIiJmd0O1NlIGN1bXBsZW4gY3VhdHJvIGHDsW9zIGRlbCBmYWxsZWNpbWllbnRvIGRlIGxhIGxleWVuZGEgZGVsICZsdDthIGhyZWY9Imh0dHBzOi8vdHdpdHRlci5jb20vaGFzaHRhZy9SZWFsTWFkcmlkP3NyYz1oYXNoJmFtcDthbXA7cmVmX3NyYz10d3NyYyU1RXRmdyImZ3Q7I1JlYWxNYWRyaWQmbHQ7L2EmZ3Q7IFJheW1vbmQgS29wYS4gJmx0O2EgaHJlZj0iaHR0cHM6Ly90LmNvL3prN1JjQ3ExbEkiJmd0O3BpYy50d2l0dGVyLmNvbS96azdSY0NxMWxJJmx0Oy9hJmd0OyZsdDsvcCZndDsmYW1wO21kYXNoOyBSZWFsIE1hZHJpZCBDLkYuIChAcmVhbG1hZHJpZCkgJmx0O2EgaHJlZj0iaHR0cHM6Ly90d2l0dGVyLmNvbS9yZWFsbWFkcmlkL3N0YXR1cy8xMzY3MDQyMDYwNDAyOTEzMjg0P3JlZl9zcmM9dHdzcmMlNUV0ZnciJmd0O01hcmNoIDMsIDIwMjEmbHQ7L2EmZ3Q7Jmx0Oy9ibG9ja3F1b3RlJmd0OwombHQ7c2NyaXB0IGFzeW5jIHNyYz0iaHR0cHM6Ly9wbGF0Zm9ybS50d2l0dGVyLmNvbS93aWRnZXRzLmpzIiBjaGFyc2V0PSJ1dGYtOCImZ3Q7Jmx0Oy9zY3JpcHQmZ3Q7CgombHQ7ZGl2IGNsYXNzPSJtZWRpdW0taW5zZXJ0LWVtYmVkcy1tZXRhIiZndDsmbHQ7c2NyaXB0IHR5cGU9InRleHQvanNvbiImZ3Q7eyJ1cmwiOiJodHRwczovL3R3aXR0ZXIuY29tL3JlYWxtYWRyaWQvc3RhdHVzLzEzNjcwNDIwNjA0MDI5MTMyODQiLCJ0eXBlIjoicmljaCIsInZlcnNpb24iOiIxLjAiLCJ0aXRsZSI6IlJlYWwgTWFkcmlkIEMuRi4gb24gVHdpdHRlciAvIFgiLCJhdXRob3IiOiJSZWFsIE1hZHJpZCBDLkYuIiwiYXV0aG9yX3VybCI6Imh0dHBzOi8vdHdpdHRlci5jb20vcmVhbG1hZHJpZCIsInByb3ZpZGVyX25hbWUiOiJUd2l0dGVyIiwiZGVzY3JpcHRpb24iOiJTZSBjdW1wbGVuIGN1YXRybyBhw7FvcyBkZWwgZmFsbGVjaW1pZW50byBkZSBsYSBsZXllbmRhIGRlbCAjUmVhbE1hZHJpZCBSYXltb25kIEtvcGEuIHBpYy50d2l0dGVyLmNvbS96azdSY0NxMWxJ4oCUIFJlYWwgTWFkcmlkIEMuRi4gKEByZWFsbWFkcmlkKSBNYXJjaCAzLCAyMDIxXG5cblxuIiwidGh1bWJuYWlsX3VybCI6Imh0dHBzOi8vcGJzLnR3aW1nLmNvbS9tZWRpYS9Fdml5YTNDWE1BTTRhQVMuanBnOmxhcmdlIiwidGh1bWJuYWlsX3dpZHRoIjo3MjAsInRodW1ibmFpbF9oZWlnaHQiOjcyMCwiY2FjaGVfYWdlIjo4NjQwMCwib3B0aW9ucyI6eyJfaGlkZV9tZWRpYSI6eyJsYWJlbCI6IkhpZGUgcGhvdG9zLCB2aWRlb3MsIGFuZCBjYXJkcyIsInZhbHVlIjpmYWxzZX0sIl90aGVtZSI6eyJ2YWx1ZSI6IiIsInZhbHVlcyI6eyJkYXJrIjoiVXNlIGRhcmsgdGhlbWUifX0sIl9tYXh3aWR0aCI6eyJ2YWx1ZSI6IiIsImxhYmVsIjoiQWRqdXN0IHdpZHRoIiwicGxhY2Vob2xkZXIiOiIyMjAtNTUwLCBpbiBweCJ9fX0mbHQ7L3NjcmlwdCZndDsmbHQ7L2RpdiZndDs=\">\n                <a data-iframely-url=\"\" href=\"https:\/\/twitter.com\/realmadrid\/status\/1367042060402913284\">https:\/\/twitter.com\/realmadrid\/status\/1367042060402913284<\/a>\n              <\/div>\n<p>Kopa, quien tras aquel triplete y la obtenci\u00f3n de dos ligas espa\u00f1olas volvi\u00f3 al Stade de Reims, se retir\u00f3 a lo grande del f\u00fatbol. <b>La conciencia de su pasado minero \u2013y de lo diferente que pudo haber sido todo\u2013 pareci\u00f3 dejar en \u00e9l una huella<\/b> que motoriz\u00f3 unos cambios colectivos que fueron vanguardia en la disciplina por aquellos a\u00f1os. Si en 1969 se aboli\u00f3 en su pa\u00eds el contrato vitalicio que ataba a los jugadores a los clubes y Francia se convirti\u00f3 en la primera naci\u00f3n del mundo en establecer un acuerdo laboral de duraci\u00f3n determinada para los futbolistas profesionales, aquello fue posible porque, seis a\u00f1os antes, <b>Kopa, la s\u00faper estrella del f\u00fatbol galo, hab\u00eda alzado la voz y denunciado: \u00ab\u00a1Los futbolistas son esclavos!\u00bb<\/b>. Su grito lleg\u00f3 a los titulares de los diarios y el eco de su protesta devino en una lucha que logr\u00f3 la nueva legislaci\u00f3n. \u00abS\u00ed, los futbolistas eran esclavos de verdad. Nunca tuvieron voz ni voto&#8230; As\u00ed que finalmente hab\u00eda que escucharlos. Actu\u00e9 por la comunidad y nunca me he arrepentido de haber reaccionado as\u00ed\u00bb, record\u00f3 el \u00eddolo franc\u00e9s, quien en aquel momento fue sancionado con seis meses de suspensi\u00f3n. \u00abYo no necesitaba ayuda \u2013dijo Kopa en una entrevista publicada por la revista <i>Panenka<\/i>\u2013, pero creo que hay que ayudar a los dem\u00e1s. Hoy en d\u00eda, con los agentes, est\u00e1n m\u00e1s tranquilos, pero a veces el futbolista tiene que entrar en el juego\u00bb.<\/p>\n<p><b>El galard\u00f3n que hace una semana levantaron Lamine Yamal y Vicky L\u00f3pez, ambos futbolistas espa\u00f1oles, lleva el nombre de Kopa y premia en la ceremonia del Bal\u00f3n de Oro a las j\u00f3venes promesas<\/b>, esas y esos que se lucen con menos de 21 a\u00f1os. A esa edad, el m\u00edtico jugador franc\u00e9s apenas llevaba una temporada en la primera divisi\u00f3n de su pa\u00eds, pero ya hab\u00eda torcido su destino y en unos a\u00f1os se encargar\u00eda de ayudar a edificar con mayor justicia el de miles que quisieran dedicarse al f\u00fatbol. Lo que celebraba esos d\u00edas Raymond Kopa era que hab\u00eda logrado salir de la mina para no volver nunca m\u00e1s.<\/p>\n<div class=\"iframely-embed medium-embedded-content\" data-html=\"Jmx0O2Jsb2NrcXVvdGUgY2xhc3M9InR3aXR0ZXItdHdlZXQiIGRhdGEtZG50PSJ0cnVlIiBhbGlnbj0iY2VudGVyIiZndDsmbHQ7cCBsYW5nPSJlbiIgZGlyPSJsdHIiJmd0OzE5NTggd2FzIGZvciB0aGUgZnJlbmNobWFuLCBSYXltb25kIEtvcGEgISDinKjwn4er8J+HtyZsdDthIGhyZWY9Imh0dHBzOi8vdHdpdHRlci5jb20vaGFzaHRhZy9iYWxsb25kb3I\/c3JjPWhhc2gmYW1wO2FtcDtyZWZfc3JjPXR3c3JjJTVFdGZ3IiZndDsjYmFsbG9uZG9yJmx0Oy9hJmd0OyAmbHQ7YSBocmVmPSJodHRwczovL3QuY28vbmdWbmtNYmxqcSImZ3Q7cGljLnR3aXR0ZXIuY29tL25nVm5rTWJsanEmbHQ7L2EmZ3Q7Jmx0Oy9wJmd0OyZhbXA7bWRhc2g7IEJhbGxvbiBkJmFtcDsjMzk7T3IgKEBiYWxsb25kb3IpICZsdDthIGhyZWY9Imh0dHBzOi8vdHdpdHRlci5jb20vYmFsbG9uZG9yL3N0YXR1cy8xODEzNTk0NTIwNzUzMTg0ODg3P3JlZl9zcmM9dHdzcmMlNUV0ZnciJmd0O0p1bHkgMTcsIDIwMjQmbHQ7L2EmZ3Q7Jmx0Oy9ibG9ja3F1b3RlJmd0OwombHQ7c2NyaXB0IGFzeW5jIHNyYz0iaHR0cHM6Ly9wbGF0Zm9ybS50d2l0dGVyLmNvbS93aWRnZXRzLmpzIiBjaGFyc2V0PSJ1dGYtOCImZ3Q7Jmx0Oy9zY3JpcHQmZ3Q7CgombHQ7ZGl2IGNsYXNzPSJtZWRpdW0taW5zZXJ0LWVtYmVkcy1tZXRhIiZndDsmbHQ7c2NyaXB0IHR5cGU9InRleHQvanNvbiImZ3Q7eyJ1cmwiOiJodHRwczovL3R3aXR0ZXIuY29tL2JhbGxvbmRvci9zdGF0dXMvMTgxMzU5NDUyMDc1MzE4NDg4NyIsInR5cGUiOiJyaWNoIiwidmVyc2lvbiI6IjEuMCIsInRpdGxlIjoiQmFsbG9uIGQnT3Igb24gVHdpdHRlciAvIFgiLCJhdXRob3IiOiJCYWxsb24gZCdPciIsImF1dGhvcl91cmwiOiJodHRwczovL3R3aXR0ZXIuY29tL2JhbGxvbmRvciIsInByb3ZpZGVyX25hbWUiOiJUd2l0dGVyIiwiZGVzY3JpcHRpb24iOiIxOTU4IHdhcyBmb3IgdGhlIGZyZW5jaG1hbiwgUmF5bW9uZCBLb3BhICEg4pyo8J+Hq\/Cfh7cjYmFsbG9uZG9yIHBpYy50d2l0dGVyLmNvbS9uZ1Zua01ibGpx4oCUIEJhbGxvbiBkJ09yIChAYmFsbG9uZG9yKSBKdWx5IDE3LCAyMDI0XG5cblxuIiwidGh1bWJuYWlsX3VybCI6Imh0dHBzOi8vcGJzLnR3aW1nLmNvbS9tZWRpYS9HU3N1bXZEVzRBQVNtTkEuanBnOmxhcmdlIiwidGh1bWJuYWlsX3dpZHRoIjoxMDgwLCJ0aHVtYm5haWxfaGVpZ2h0IjoxMzUwLCJjYWNoZV9hZ2UiOjg2NDAwLCJvcHRpb25zIjp7Il9oaWRlX21lZGlhIjp7ImxhYmVsIjoiSGlkZSBwaG90b3MsIHZpZGVvcywgYW5kIGNhcmRzIiwidmFsdWUiOmZhbHNlfSwiX3RoZW1lIjp7InZhbHVlIjoiIiwidmFsdWVzIjp7ImRhcmsiOiJVc2UgZGFyayB0aGVtZSJ9fSwiX21heHdpZHRoIjp7InZhbHVlIjoiIiwibGFiZWwiOiJBZGp1c3Qgd2lkdGgiLCJwbGFjZWhvbGRlciI6IjIyMC01NTAsIGluIHB4In19fSZsdDsvc2NyaXB0Jmd0OyZsdDsvZGl2Jmd0Ow==\">\n                <a data-iframely-url=\"\" href=\"https:\/\/twitter.com\/ballondor\/status\/1813594520753184887\">https:\/\/twitter.com\/ballondor\/status\/1813594520753184887<\/a>\n              <\/div>\n<p>            <!-- Live Blog Post --><\/div>\n<p><script async src=\"\/\/platform.twitter.com\/widgets.js\" charset=\"utf-8\"><\/script><br \/><a href=\"https:\/\/www.pagina12.com.ar\/862644-kopa-el-futbolista-que-dejo-la-mina\">source<\/a><\/p>\n","protected":false},"excerpt":{"rendered":"<p>Raymond Kopa, el franc\u00e9s de origen polaco que supo deslumbrar al mundo en aquel m\u00edtico&#8230;<\/p>\n","protected":false},"author":3,"featured_media":24663,"comment_status":"closed","ping_status":"closed","sticky":false,"template":"","format":"standard","meta":{"footnotes":""},"categories":[21],"tags":[],"class_list":["post-24662","post","type-post","status-publish","format-standard","has-post-thumbnail","hentry","category-deportes"],"featured_image_urls":{"full":["https:\/\/fmamiga909.com.ar\/wp-content\/uploads\/2025\/10\/wp-header-logo-13.png",960,540,false],"thumbnail":["https:\/\/fmamiga909.com.ar\/wp-content\/uploads\/2025\/10\/wp-header-logo-13-150x150.png",150,150,true],"medium":["https:\/\/fmamiga909.com.ar\/wp-content\/uploads\/2025\/10\/wp-header-logo-13-300x169.png",300,169,true],"medium_large":["https:\/\/fmamiga909.com.ar\/wp-content\/uploads\/2025\/10\/wp-header-logo-13.png",960,540,false],"large":["https:\/\/fmamiga909.com.ar\/wp-content\/uploads\/2025\/10\/wp-header-logo-13.png",640,360,false],"1536x1536":["https:\/\/fmamiga909.com.ar\/wp-content\/uploads\/2025\/10\/wp-header-logo-13.png",960,540,false],"2048x2048":["https:\/\/fmamiga909.com.ar\/wp-content\/uploads\/2025\/10\/wp-header-logo-13.png",960,540,false],"newsium-slider-full":["https:\/\/fmamiga909.com.ar\/wp-content\/uploads\/2025\/10\/wp-header-logo-13.png",960,540,false],"newsium-featured":["https:\/\/fmamiga909.com.ar\/wp-content\/uploads\/2025\/10\/wp-header-logo-13.png",960,540,false],"newsium-medium":["https:\/\/fmamiga909.com.ar\/wp-content\/uploads\/2025\/10\/wp-header-logo-13-720x475.png",720,475,true]},"author_info":{"display_name":"Fredy Giuliano","author_link":"https:\/\/fmamiga909.com.ar\/?author=3"},"category_info":"<a href=\"https:\/\/fmamiga909.com.ar\/?cat=21\" rel=\"category\">Deportes<\/a>","tag_info":"Deportes","comment_count":"0","_links":{"self":[{"href":"https:\/\/fmamiga909.com.ar\/index.php?rest_route=\/wp\/v2\/posts\/24662","targetHints":{"allow":["GET"]}}],"collection":[{"href":"https:\/\/fmamiga909.com.ar\/index.php?rest_route=\/wp\/v2\/posts"}],"about":[{"href":"https:\/\/fmamiga909.com.ar\/index.php?rest_route=\/wp\/v2\/types\/post"}],"author":[{"embeddable":true,"href":"https:\/\/fmamiga909.com.ar\/index.php?rest_route=\/wp\/v2\/users\/3"}],"replies":[{"embeddable":true,"href":"https:\/\/fmamiga909.com.ar\/index.php?rest_route=%2Fwp%2Fv2%2Fcomments&post=24662"}],"version-history":[{"count":0,"href":"https:\/\/fmamiga909.com.ar\/index.php?rest_route=\/wp\/v2\/posts\/24662\/revisions"}],"wp:featuredmedia":[{"embeddable":true,"href":"https:\/\/fmamiga909.com.ar\/index.php?rest_route=\/wp\/v2\/media\/24663"}],"wp:attachment":[{"href":"https:\/\/fmamiga909.com.ar\/index.php?rest_route=%2Fwp%2Fv2%2Fmedia&parent=24662"}],"wp:term":[{"taxonomy":"category","embeddable":true,"href":"https:\/\/fmamiga909.com.ar\/index.php?rest_route=%2Fwp%2Fv2%2Fcategories&post=24662"},{"taxonomy":"post_tag","embeddable":true,"href":"https:\/\/fmamiga909.com.ar\/index.php?rest_route=%2Fwp%2Fv2%2Ftags&post=24662"}],"curies":[{"name":"wp","href":"https:\/\/api.w.org\/{rel}","templated":true}]}}