{"id":24697,"date":"2025-10-03T17:25:12","date_gmt":"2025-10-03T17:25:12","guid":{"rendered":"https:\/\/fmamiga909.com.ar\/?p=24697"},"modified":"2025-10-03T17:25:12","modified_gmt":"2025-10-03T17:25:12","slug":"milei-se-trago-un-anda-pa-ya-de-messi","status":"publish","type":"post","link":"https:\/\/fmamiga909.com.ar\/?p=24697","title":{"rendered":"Milei se trag\u00f3 un &#039;And\u00e1 pa ya&#039; de Messi"},"content":{"rendered":"<div><!-- Body --><\/p>\n<p>Cada ma\u00f1ana, al leer o escuchar las noticias me estrello con la \u00abimportancia\u00bb de una estupidez. En la informaci\u00f3n diaria siempre hubo espacio para asuntos ligeros, fr\u00edvolos o la tonter\u00eda del d\u00eda, pero se los trataba como tal. Ahora tienen un ins\u00f3lito protagonismo. Antes eran perlas rec\u00f3nditas, pero ahora son titulares que van en serio, como el del caracol Ned. \u00bfNo saben qui\u00e9n es? No siguen ustedes la actualidad. Una se\u00f1ora de Nueva Zelanda se top\u00f3 con un caracol sorprendente: tiene la espiral de la caracola al rev\u00e9s. Las consecuencias es que no puede reproducirse y eso que los caracoles son hemafroditas y le dan a todo. La noticia recorri\u00f3 el planeta. Es que lo tiene todo: sexo, cancelaci\u00f3n, minor\u00edas, cuernos. Uno se va a dormir tranquilo pensando que cuanto peor est\u00e1 el mundo m\u00e1s estupideces se publican.<\/p>\n<p>El titular inventado m\u00e1s exagerado que se nos ocurra puede convertirse en real en poco tiempo: \u00abNetanyahun bombardea una casa en Ciudadela por un pasacalle incorrecto: &#8216;Ham\u00e1s nos rendiremos&#8230;.. amor\u00bb, \u00abKarina cree que los marcianos ya est\u00e1n entre nosotros y considera que es  momento de &#8216;tarifarle&#8217; el 3%\u201d. La hip\u00e9rbole puede ser una herramienta al servicio de la s\u00e1tira, y la s\u00e1tira una terapia para las desgracias cotidianas. Volviendo a lo nuestro, hace pocos d\u00edas salt\u00f3 otra noticia que capt\u00f3 mi fr\u00e1gil atenci\u00f3n. Durante su estancia en Estados Unidos por la Asamblea de la ONU, Javier Milei intent\u00f3 dise\u00f1ar un encuentro Leo Messi, con la idea de fortalecer su imagen de cara a las elecciones del 26 de octubre. El capit\u00e1n argentino se neg\u00f3, justificando de agenda apretada, aunque algunas fuentes apuntan al deseo del jugador de despegarse p\u00fablicamente del presidente. Messi y su familia se quedaron \u00abmuy calientes\u00bb con la terquedad del mandatario. Tanta obstinaci\u00f3n dej\u00f3 picando un \u00ab<i>and\u00e1 p\u00e1&#8217; ya, bobo<\/i>\u00ab. Una frase que hoy ya sirve para todo, tanto para un roto como para un descosido. <\/p>\n<p>El pasado no es solo historia, es tambi\u00e9n memoria. \u00bfFue un gui\u00f1o pol\u00edtico o una decisi\u00f3n tomada de forma unilateral por los Mas Canosa la entrega de unas de camisetas firmadas \u00abcon cari\u00f1o\u00bb por Messi a los hermanos Milei? Muchos de nuestros desencantos nacen del lugar donde ubicamos la utop\u00eda. Hoy, uno necesita creer que Messi le niega una foto al presidente por estar pose\u00eddo por un odio salvaje, por asociar pedof\u00edlia con homosexualidad, abuso infantil con ideolog\u00eda de g\u00e9nero, por legitimar la deshumanizaci\u00f3n del otro, los discursos de miedo, de violencia, por negar el cambio clim\u00e1tico, los cr\u00edmenes de la dictadura, la violencia sexual y el abuso en un contexto de poder y de dominio basado en la desigualdad de g\u00e9nero, de clase, de raza que las posibilitan. Por ser profeta del insulto, de la infamia, de la injuria, de la difamaci\u00f3n, del linchamiento; enemigo de la cultura, del arte, del cine, del f\u00fatbol sin privatizar, de todo lo p\u00fablico, lo colectivo, de lo que nos hace m\u00e1s humanos. Necesitamos creer que Messi niega a Milei por todo esto. <\/p>\n<p>No basta con  se\u00f1alar el dolor, hay que dejar de esconderlo para poder, de verdad, acompa\u00f1ar a los que carecen de voz. Hay que emplearse en la construcci\u00f3n de un nosotros, que no es la suma de un yo m\u00e1s otro yo, sino la consecuencia de la transformaci\u00f3n de esas dos identidades singulares en otra plural. Esa capacidad de transformar un pa\u00eds hostil, lleno de m\u00e1rgenes y periferias, en un lugar habitable, en un nuevo horizonte de esperanza e identidad colectiva.<\/p>\n<p><!-- Live Blog Post --><\/div>\n<p><a href=\"https:\/\/www.pagina12.com.ar\/862939-milei-se-trago-un-anda-pa-ya-bobo\">source<\/a><\/p>\n","protected":false},"excerpt":{"rendered":"<p>Cada ma\u00f1ana, al leer o escuchar las noticias me estrello con la \u00abimportancia\u00bb de una&#8230;<\/p>\n","protected":false},"author":3,"featured_media":24698,"comment_status":"closed","ping_status":"closed","sticky":false,"template":"","format":"standard","meta":{"footnotes":""},"categories":[21],"tags":[],"class_list":["post-24697","post","type-post","status-publish","format-standard","has-post-thumbnail","hentry","category-deportes"],"featured_image_urls":{"full":["https:\/\/fmamiga909.com.ar\/wp-content\/uploads\/2025\/10\/wp-header-logo-29.png",960,540,false],"thumbnail":["https:\/\/fmamiga909.com.ar\/wp-content\/uploads\/2025\/10\/wp-header-logo-29-150x150.png",150,150,true],"medium":["https:\/\/fmamiga909.com.ar\/wp-content\/uploads\/2025\/10\/wp-header-logo-29-300x169.png",300,169,true],"medium_large":["https:\/\/fmamiga909.com.ar\/wp-content\/uploads\/2025\/10\/wp-header-logo-29.png",960,540,false],"large":["https:\/\/fmamiga909.com.ar\/wp-content\/uploads\/2025\/10\/wp-header-logo-29.png",640,360,false],"1536x1536":["https:\/\/fmamiga909.com.ar\/wp-content\/uploads\/2025\/10\/wp-header-logo-29.png",960,540,false],"2048x2048":["https:\/\/fmamiga909.com.ar\/wp-content\/uploads\/2025\/10\/wp-header-logo-29.png",960,540,false],"newsium-slider-full":["https:\/\/fmamiga909.com.ar\/wp-content\/uploads\/2025\/10\/wp-header-logo-29.png",960,540,false],"newsium-featured":["https:\/\/fmamiga909.com.ar\/wp-content\/uploads\/2025\/10\/wp-header-logo-29.png",960,540,false],"newsium-medium":["https:\/\/fmamiga909.com.ar\/wp-content\/uploads\/2025\/10\/wp-header-logo-29-720x475.png",720,475,true]},"author_info":{"display_name":"Fredy Giuliano","author_link":"https:\/\/fmamiga909.com.ar\/?author=3"},"category_info":"<a href=\"https:\/\/fmamiga909.com.ar\/?cat=21\" rel=\"category\">Deportes<\/a>","tag_info":"Deportes","comment_count":"0","_links":{"self":[{"href":"https:\/\/fmamiga909.com.ar\/index.php?rest_route=\/wp\/v2\/posts\/24697","targetHints":{"allow":["GET"]}}],"collection":[{"href":"https:\/\/fmamiga909.com.ar\/index.php?rest_route=\/wp\/v2\/posts"}],"about":[{"href":"https:\/\/fmamiga909.com.ar\/index.php?rest_route=\/wp\/v2\/types\/post"}],"author":[{"embeddable":true,"href":"https:\/\/fmamiga909.com.ar\/index.php?rest_route=\/wp\/v2\/users\/3"}],"replies":[{"embeddable":true,"href":"https:\/\/fmamiga909.com.ar\/index.php?rest_route=%2Fwp%2Fv2%2Fcomments&post=24697"}],"version-history":[{"count":0,"href":"https:\/\/fmamiga909.com.ar\/index.php?rest_route=\/wp\/v2\/posts\/24697\/revisions"}],"wp:featuredmedia":[{"embeddable":true,"href":"https:\/\/fmamiga909.com.ar\/index.php?rest_route=\/wp\/v2\/media\/24698"}],"wp:attachment":[{"href":"https:\/\/fmamiga909.com.ar\/index.php?rest_route=%2Fwp%2Fv2%2Fmedia&parent=24697"}],"wp:term":[{"taxonomy":"category","embeddable":true,"href":"https:\/\/fmamiga909.com.ar\/index.php?rest_route=%2Fwp%2Fv2%2Fcategories&post=24697"},{"taxonomy":"post_tag","embeddable":true,"href":"https:\/\/fmamiga909.com.ar\/index.php?rest_route=%2Fwp%2Fv2%2Ftags&post=24697"}],"curies":[{"name":"wp","href":"https:\/\/api.w.org\/{rel}","templated":true}]}}