{"id":24703,"date":"2025-10-03T21:11:18","date_gmt":"2025-10-03T21:11:18","guid":{"rendered":"https:\/\/fmamiga909.com.ar\/?p=24703"},"modified":"2025-10-03T21:11:18","modified_gmt":"2025-10-03T21:11:18","slug":"seleccion-argentina-scaloni-dio-una-lista-con-novedades-y-confirmaciones","status":"publish","type":"post","link":"https:\/\/fmamiga909.com.ar\/?p=24703","title":{"rendered":"Selecci\u00f3n Argentina: Scaloni dio una lista con novedades y confirmaciones"},"content":{"rendered":"<div><!-- Body --><\/p>\n<p>El t\u00e9cnico de la Selecci\u00f3n Argentina, <b>Lionel Scaloni<\/b>, <b>dio una lista para los amistosos del pr\u00f3ximo viernes 10 ante Venezuela en Miami y el lunes 13 ante Puerto Rico en Chicago<\/b> en la que conviven la mayor\u00eda de los jugadores habituales del plantel con <b>las primeras citaciones de Facundo Cambeses (Racing), Lautaro Rivero (River) y An\u00edbal Moreno (Palmeiras),<\/b>\u00a0la ratificaci\u00f3n de<b> Jos\u00e9 Manuel L\u00f3pez<\/b> <b>(Palmeiras)<\/b> entre los delanteros y el regreso de <b>Marcos Senesi<\/b> <b>(Bournemouth).<\/b> En total, Scaloni llam\u00f3 28 futbolistas entre los que se incluye al capit\u00e1n <b>Lionel Messi<\/b> y a <b>Franco Mastantuono, <\/b>de auspicioso arranque en Real Madrid.<\/p>\n<p>Aunque el t\u00e9cnico parece tener encaminada m\u00e1s de la mitad de la lista que ir\u00e1 al Mundial tripartito del a\u00f1o venidero, la ocasi\u00f3n parece propicia para seguir haciendo algunos ensayos. O por lo menos ver de cerca algunos futbolistas. Aunque <b>los tres arqueros parecen estar definidos (\u00abDibu\u00bb Mart\u00ednez, Ger\u00f3nimo Rulli y Walter Ben\u00edtez)<\/b>, la convocatoria a <b>Cambeses<\/b> no solo reconoce su buen momento en el arco de Racing, de cuya titularidad reemplaz\u00f3 a Gabriel Arias. <b>Tambi\u00e9n transparenta que el cuerpo t\u00e9cnico eval\u00faa llevar cuatro guardavallas a la Copa del Mundo. Y que Cambeses entr\u00f3 en el radar del seleccionado.<\/b><\/p>\n<p>Rivero, por su parte, es una de las revelaciones de la temporada del f\u00fatbol local.<b> Central o lateral zurdo de 22 a\u00f1os, con car\u00e1cter y buen manejo de la pelota, <\/b>tambi\u00e9n parece haberse afirmado en el fondo de River qued\u00e1ndose con el puesto del chileno Paulo D\u00edaz. Por lo que Scaloni le dar\u00e1 su chance. Seg\u00fan dicen, con buenas chances de quedarse si llegara a cubrir las expectativas del cuerpo t\u00e9cnico. <b>En los pasillos del Monumental se rumore\u00f3 esta semana que Rivero, quien tiene firmada una cl\u00e1usula de rescisi\u00f3n de 100 millones de euros, podr\u00eda salir a fin de a\u00f1o a un club importante de la Premier League inglesa.<\/b><\/p>\n<div class=\"iframely-embed medium-embedded-content\" data-html=\"Jmx0O2Jsb2NrcXVvdGUgY2xhc3M9InR3aXR0ZXItdHdlZXQiIGRhdGEtZG50PSJ0cnVlIiBhbGlnbj0iY2VudGVyIiZndDsmbHQ7cCBsYW5nPSJlcyIgZGlyPSJsdHIiJmd0OyZsdDthIGhyZWY9Imh0dHBzOi8vdHdpdHRlci5jb20vaGFzaHRhZy9TZWxlY2NpJUMzJUIzbk1heW9yP3NyYz1oYXNoJmFtcDthbXA7cmVmX3NyYz10d3NyYyU1RXRmdyImZ3Q7I1NlbGVjY2nDs25NYXlvciZsdDsvYSZndDsgTGlzdGEgZGUgY29udm9jYWRvcyBwb3IgTGlvbmVsIFNjYWxvbmkgcGFyYSBsb3MgYW1pc3Rvc29zIGEgZGlzcHV0YXJzZSBlbiBFc3RhZG9zIFVuaWRvcy4gJmx0O2EgaHJlZj0iaHR0cHM6Ly90LmNvL2pDOHlrNFVRVE8iJmd0O3BpYy50d2l0dGVyLmNvbS9qQzh5azRVUVRPJmx0Oy9hJmd0OyZsdDsvcCZndDsmYW1wO21kYXNoOyDwn4em8J+HtyBTZWxlY2Npw7NuIEFyZ2VudGluYSDirZDirZDirZAgKEBBcmdlbnRpbmEpICZsdDthIGhyZWY9Imh0dHBzOi8vdHdpdHRlci5jb20vQXJnZW50aW5hL3N0YXR1cy8xOTc0MTM5OTExNzA1MDk2MzM0P3JlZl9zcmM9dHdzcmMlNUV0ZnciJmd0O09jdG9iZXIgMywgMjAyNSZsdDsvYSZndDsmbHQ7L2Jsb2NrcXVvdGUmZ3Q7CiZsdDtzY3JpcHQgYXN5bmMgc3JjPSJodHRwczovL3BsYXRmb3JtLnR3aXR0ZXIuY29tL3dpZGdldHMuanMiIGNoYXJzZXQ9InV0Zi04IiZndDsmbHQ7L3NjcmlwdCZndDsKCiZsdDtkaXYgY2xhc3M9Im1lZGl1bS1pbnNlcnQtZW1iZWRzLW1ldGEiJmd0OyZsdDtzY3JpcHQgdHlwZT0idGV4dC9qc29uIiZndDt7InVybCI6Imh0dHBzOi8vdHdpdHRlci5jb20vQXJnZW50aW5hL3N0YXR1cy8xOTc0MTM5OTExNzA1MDk2MzM0IiwidHlwZSI6InJpY2giLCJ2ZXJzaW9uIjoiMS4wIiwidGl0bGUiOiLwn4em8J+HtyBTZWxlY2Npw7NuIEFyZ2VudGluYSDirZDirZDirZAgb24gVHdpdHRlciAvIFgiLCJhdXRob3IiOiLwn4em8J+HtyBTZWxlY2Npw7NuIEFyZ2VudGluYSDirZDirZDirZAiLCJhdXRob3JfdXJsIjoiaHR0cHM6Ly90d2l0dGVyLmNvbS9BcmdlbnRpbmEiLCJwcm92aWRlcl9uYW1lIjoiVHdpdHRlciIsImRlc2NyaXB0aW9uIjoiI1NlbGVjY2nDs25NYXlvciBMaXN0YSBkZSBjb252b2NhZG9zIHBvciBMaW9uZWwgU2NhbG9uaSBwYXJhIGxvcyBhbWlzdG9zb3MgYSBkaXNwdXRhcnNlIGVuIEVzdGFkb3MgVW5pZG9zLiBwaWMudHdpdHRlci5jb20vakM4eWs0VVFUT+KAlCDwn4em8J+HtyBTZWxlY2Npw7NuIEFyZ2VudGluYSDirZDirZDirZAgKEBBcmdlbnRpbmEpIE9jdG9iZXIgMywgMjAyNVxuXG5cbiIsInRodW1ibmFpbF91cmwiOiJodHRwczovL3Bicy50d2ltZy5jb20vbWVkaWEvRzJXTnVLX1dNQUFjV3RtLmpwZzpsYXJnZSIsInRodW1ibmFpbF93aWR0aCI6MTA4MCwidGh1bWJuYWlsX2hlaWdodCI6MTA4MCwiY2FjaGVfYWdlIjo2MCwib3B0aW9ucyI6eyJfaGlkZV9tZWRpYSI6eyJsYWJlbCI6IkhpZGUgcGhvdG9zLCB2aWRlb3MsIGFuZCBjYXJkcyIsInZhbHVlIjpmYWxzZX0sIl90aGVtZSI6eyJ2YWx1ZSI6IiIsInZhbHVlcyI6eyJkYXJrIjoiVXNlIGRhcmsgdGhlbWUifX0sIl9tYXh3aWR0aCI6eyJ2YWx1ZSI6IiIsImxhYmVsIjoiQWRqdXN0IHdpZHRoIiwicGxhY2Vob2xkZXIiOiIyMjAtNTUwLCBpbiBweCJ9fX0mbHQ7L3NjcmlwdCZndDsmbHQ7L2RpdiZndDs=\">\n                <a data-iframely-url=\"\" href=\"https:\/\/twitter.com\/Argentina\/status\/1974139911705096334\">https:\/\/twitter.com\/Argentina\/status\/1974139911705096334<\/a>\n              <\/div>\n<p>A su vez, el exSanLorenzo\u00a0<b>Marcos Senesi<\/b> regresa a la Selecci\u00f3n luego de haber sido tenido en cuenta en gran parte del proceso previo al Mundial de Qatar y de haber estado incluso en el plantel que le gan\u00f3 a Italia la Finalissima de campeones continentales en el estadio de Wembley. Al final, no fue a la Copa del Mundo y despu\u00e9s, dej\u00f3 de ser tenido en cuenta por algunas lesiones. Por su parte,<b> An\u00edbal Moreno<\/b>, exNewell&#8217;s y Rcing de titularidad indiscutida en Palmeiras, tendr\u00e1 que dar pelea en un puesto de volante central que la Selecci\u00f3n tiene bien cubierto con <b>Enzo Fern\u00e1ndez<\/b> (Chelsea),<b> Alexis Mac Allister<\/b> (Liverpool) y <b>Leandro Paredes<\/b> (Boca).\u00a0 \u00a0<\/p>\n<p>La presencia del <b>\u00abFlaco\u00bb L\u00f3pez,<\/b> de gran temporada en Palmeiras (21 goles en 50 partidos este a\u00f1o), lo instala como una tercera variante en el centro del ataque por detr\u00e1s de los inamovibles <b>Lautaro Mart\u00ednez<\/b> y <b>Juli\u00e1n Alvarez.<\/b> Y la de <b>Franco Mastantuono,<\/b> titular en la mayor\u00eda de los partidos del Madrid, revela que si sigue en este nivel y con esta participaci\u00f3n, ir\u00e1 sin dudas a la Copa del Mundo. Al igual que <b>Nico\u00a0Paz,<\/b> muy consolidado en el Como de Italia.<\/p>\n<p>Despu\u00e9s de estos dos compromisos, <b>habr\u00e1 una nueva fecha FIFA entre el 10 y el 18 de noviembre <\/b>en la que la Selecci\u00f3n campeona del mundo y bicampeona de Am\u00e9rica ir\u00e1 a Angola y a la India a jugar otra tanda de amistosos ante rivales a designar. <b>Y el viernes 5 de diciembre se sortear\u00e1 el programa del Mundial en Washington <\/b>con la presencia del presidente estadounidense Donald Trump. La ventana de marzo de 2026 ser\u00e1 la \u00faltima antes del Mundial y se negocia jugar all\u00ed la Finalissima ante Espa\u00f1a.<\/p>\n<p><!-- Live Blog Post --><\/div>\n<p><script async src=\"\/\/platform.twitter.com\/widgets.js\" charset=\"utf-8\"><\/script><br \/><a href=\"https:\/\/www.pagina12.com.ar\/862997-seleccion-argentina-scaloni-dio-una-lista-con-novedades-y-co\">source<\/a><\/p>\n","protected":false},"excerpt":{"rendered":"<p>El t\u00e9cnico de la Selecci\u00f3n Argentina, Lionel Scaloni, dio una lista para los amistosos del&#8230;<\/p>\n","protected":false},"author":3,"featured_media":24704,"comment_status":"closed","ping_status":"closed","sticky":false,"template":"","format":"standard","meta":{"footnotes":""},"categories":[21],"tags":[],"class_list":["post-24703","post","type-post","status-publish","format-standard","has-post-thumbnail","hentry","category-deportes"],"featured_image_urls":{"full":["https:\/\/fmamiga909.com.ar\/wp-content\/uploads\/2025\/10\/wp-header-logo-32.png",960,540,false],"thumbnail":["https:\/\/fmamiga909.com.ar\/wp-content\/uploads\/2025\/10\/wp-header-logo-32-150x150.png",150,150,true],"medium":["https:\/\/fmamiga909.com.ar\/wp-content\/uploads\/2025\/10\/wp-header-logo-32-300x169.png",300,169,true],"medium_large":["https:\/\/fmamiga909.com.ar\/wp-content\/uploads\/2025\/10\/wp-header-logo-32.png",960,540,false],"large":["https:\/\/fmamiga909.com.ar\/wp-content\/uploads\/2025\/10\/wp-header-logo-32.png",640,360,false],"1536x1536":["https:\/\/fmamiga909.com.ar\/wp-content\/uploads\/2025\/10\/wp-header-logo-32.png",960,540,false],"2048x2048":["https:\/\/fmamiga909.com.ar\/wp-content\/uploads\/2025\/10\/wp-header-logo-32.png",960,540,false],"newsium-slider-full":["https:\/\/fmamiga909.com.ar\/wp-content\/uploads\/2025\/10\/wp-header-logo-32.png",960,540,false],"newsium-featured":["https:\/\/fmamiga909.com.ar\/wp-content\/uploads\/2025\/10\/wp-header-logo-32.png",960,540,false],"newsium-medium":["https:\/\/fmamiga909.com.ar\/wp-content\/uploads\/2025\/10\/wp-header-logo-32-720x475.png",720,475,true]},"author_info":{"display_name":"Fredy Giuliano","author_link":"https:\/\/fmamiga909.com.ar\/?author=3"},"category_info":"<a href=\"https:\/\/fmamiga909.com.ar\/?cat=21\" rel=\"category\">Deportes<\/a>","tag_info":"Deportes","comment_count":"0","_links":{"self":[{"href":"https:\/\/fmamiga909.com.ar\/index.php?rest_route=\/wp\/v2\/posts\/24703","targetHints":{"allow":["GET"]}}],"collection":[{"href":"https:\/\/fmamiga909.com.ar\/index.php?rest_route=\/wp\/v2\/posts"}],"about":[{"href":"https:\/\/fmamiga909.com.ar\/index.php?rest_route=\/wp\/v2\/types\/post"}],"author":[{"embeddable":true,"href":"https:\/\/fmamiga909.com.ar\/index.php?rest_route=\/wp\/v2\/users\/3"}],"replies":[{"embeddable":true,"href":"https:\/\/fmamiga909.com.ar\/index.php?rest_route=%2Fwp%2Fv2%2Fcomments&post=24703"}],"version-history":[{"count":0,"href":"https:\/\/fmamiga909.com.ar\/index.php?rest_route=\/wp\/v2\/posts\/24703\/revisions"}],"wp:featuredmedia":[{"embeddable":true,"href":"https:\/\/fmamiga909.com.ar\/index.php?rest_route=\/wp\/v2\/media\/24704"}],"wp:attachment":[{"href":"https:\/\/fmamiga909.com.ar\/index.php?rest_route=%2Fwp%2Fv2%2Fmedia&parent=24703"}],"wp:term":[{"taxonomy":"category","embeddable":true,"href":"https:\/\/fmamiga909.com.ar\/index.php?rest_route=%2Fwp%2Fv2%2Fcategories&post=24703"},{"taxonomy":"post_tag","embeddable":true,"href":"https:\/\/fmamiga909.com.ar\/index.php?rest_route=%2Fwp%2Fv2%2Ftags&post=24703"}],"curies":[{"name":"wp","href":"https:\/\/api.w.org\/{rel}","templated":true}]}}