{"id":25131,"date":"2025-10-17T23:08:47","date_gmt":"2025-10-17T23:08:47","guid":{"rendered":"https:\/\/fmamiga909.com.ar\/?p=25131"},"modified":"2025-10-17T23:08:48","modified_gmt":"2025-10-17T23:08:48","slug":"concurso-fotografico","status":"publish","type":"post","link":"https:\/\/fmamiga909.com.ar\/?p=25131","title":{"rendered":"Concurso Fotogr\u00e1fico"},"content":{"rendered":"\n<p>El \u00e1rea de Cultura de la Comuna local realiz\u00f3 un concurso fotogr\u00e1fico con la tem\u00e1tica \u00abPrimavera en Hersilia\u00bb<\/p>\n\n\n\n<p>Se presentaron 22 fotograf\u00edas y se eligieron un Primer y un Segundo puesto, pero el jurado decidi\u00f3 realizar dos menciones especiales por la calidad de los trabajos presentados.<\/p>\n\n\n\n<p><img loading=\"lazy\" decoding=\"async\" height=\"16\" width=\"16\" alt=\"\ud83c\udfc6\" src=\"https:\/\/static.xx.fbcdn.net\/images\/emoji.php\/v9\/tbe\/1\/16\/1f3c6.png\"> Ganadores:<\/p>\n\n\n\n<p><img loading=\"lazy\" decoding=\"async\" height=\"16\" width=\"16\" alt=\"\ud83e\udd47\" src=\"https:\/\/static.xx.fbcdn.net\/images\/emoji.php\/v9\/t94\/1\/16\/1f947.png\"> 1\u00b0 Premio: Miris Cantone<\/p>\n\n\n\n<p><img loading=\"lazy\" decoding=\"async\" height=\"16\" width=\"16\" alt=\"\ud83e\udd48\" src=\"https:\/\/static.xx.fbcdn.net\/images\/emoji.php\/v9\/t15\/1\/16\/1f948.png\"> 2\u00b0 Premio: Micela Carnevale<\/p>\n\n\n\n<p><img loading=\"lazy\" decoding=\"async\" height=\"16\" width=\"16\" alt=\"\ud83c\udf1f\" src=\"https:\/\/static.xx.fbcdn.net\/images\/emoji.php\/v9\/te0\/1\/16\/1f31f.png\"> Menciones Especiales: Gabriel Karlen y Milagros Soria<\/p>\n\n\n\n<p><img loading=\"lazy\" decoding=\"async\" height=\"16\" width=\"16\" alt=\"\ud83e\udd1d\" src=\"https:\/\/static.xx.fbcdn.net\/images\/emoji.php\/v9\/t64\/1\/16\/1f91d.png\"> Agradecemos a todos los participantes por sumarse con tanto entusiasmo y por mostrar, desde cada rinc\u00f3n, la esencia de nuestra comunidad.<\/p>\n\n\n\n<p><img loading=\"lazy\" decoding=\"async\" height=\"16\" width=\"16\" alt=\"\ud83d\ude4c\" src=\"https:\/\/static.xx.fbcdn.net\/images\/emoji.php\/v9\/tfd\/1\/16\/1f64c.png\"> Tambi\u00e9n un especial agradecimiento al jurado integrado por Alina Giuliano, Liliana Sereno y Rub\u00e9n Villalba por su compromiso y dedicaci\u00f3n<\/p>\n\n\n\n<figure class=\"wp-block-embed is-type-video is-provider-youtube wp-block-embed-youtube wp-embed-aspect-16-9 wp-has-aspect-ratio\"><div class=\"wp-block-embed__wrapper\">\n<iframe loading=\"lazy\" title=\"Concurso fotogr\u00e1fico\" width=\"640\" height=\"360\" src=\"https:\/\/www.youtube.com\/embed\/MIcfvr4E5EQ?feature=oembed\" frameborder=\"0\" allow=\"accelerometer; autoplay; clipboard-write; encrypted-media; gyroscope; picture-in-picture; web-share\" referrerpolicy=\"strict-origin-when-cross-origin\" allowfullscreen><\/iframe>\n<\/div><\/figure>\n\n\n\n<p><\/p>\n","protected":false},"excerpt":{"rendered":"<p>El \u00e1rea de Cultura de la Comuna local realiz\u00f3 un concurso fotogr\u00e1fico con la tem\u00e1tica&#8230;<\/p>\n","protected":false},"author":3,"featured_media":25134,"comment_status":"closed","ping_status":"closed","sticky":false,"template":"","format":"standard","meta":{"footnotes":""},"categories":[20,1],"tags":[],"class_list":["post-25131","post","type-post","status-publish","format-standard","has-post-thumbnail","hentry","category-entrevistas","category-uncategorized"],"featured_image_urls":{"full":["https:\/\/fmamiga909.com.ar\/wp-content\/uploads\/2025\/10\/WhatsApp-Image-2025-10-16-at-09.33.09.jpeg",1446,1600,false],"thumbnail":["https:\/\/fmamiga909.com.ar\/wp-content\/uploads\/2025\/10\/WhatsApp-Image-2025-10-16-at-09.33.09-150x150.jpeg",150,150,true],"medium":["https:\/\/fmamiga909.com.ar\/wp-content\/uploads\/2025\/10\/WhatsApp-Image-2025-10-16-at-09.33.09-271x300.jpeg",271,300,true],"medium_large":["https:\/\/fmamiga909.com.ar\/wp-content\/uploads\/2025\/10\/WhatsApp-Image-2025-10-16-at-09.33.09.jpeg",1446,1600,false],"large":["https:\/\/fmamiga909.com.ar\/wp-content\/uploads\/2025\/10\/WhatsApp-Image-2025-10-16-at-09.33.09-925x1024.jpeg",640,708,true],"1536x1536":["https:\/\/fmamiga909.com.ar\/wp-content\/uploads\/2025\/10\/WhatsApp-Image-2025-10-16-at-09.33.09-1388x1536.jpeg",1388,1536,true],"2048x2048":["https:\/\/fmamiga909.com.ar\/wp-content\/uploads\/2025\/10\/WhatsApp-Image-2025-10-16-at-09.33.09.jpeg",1446,1600,false],"newsium-slider-full":["https:\/\/fmamiga909.com.ar\/wp-content\/uploads\/2025\/10\/WhatsApp-Image-2025-10-16-at-09.33.09-1280x845.jpeg",1280,845,true],"newsium-featured":["https:\/\/fmamiga909.com.ar\/wp-content\/uploads\/2025\/10\/WhatsApp-Image-2025-10-16-at-09.33.09-1024x1133.jpeg",1024,1133,true],"newsium-medium":["https:\/\/fmamiga909.com.ar\/wp-content\/uploads\/2025\/10\/WhatsApp-Image-2025-10-16-at-09.33.09-720x475.jpeg",720,475,true]},"author_info":{"display_name":"Fredy Giuliano","author_link":"https:\/\/fmamiga909.com.ar\/?author=3"},"category_info":"<a href=\"https:\/\/fmamiga909.com.ar\/?cat=20\" rel=\"category\">Entrevistas<\/a> <a href=\"https:\/\/fmamiga909.com.ar\/?cat=1\" rel=\"category\">La radio<\/a>","tag_info":"La radio","comment_count":"0","_links":{"self":[{"href":"https:\/\/fmamiga909.com.ar\/index.php?rest_route=\/wp\/v2\/posts\/25131","targetHints":{"allow":["GET"]}}],"collection":[{"href":"https:\/\/fmamiga909.com.ar\/index.php?rest_route=\/wp\/v2\/posts"}],"about":[{"href":"https:\/\/fmamiga909.com.ar\/index.php?rest_route=\/wp\/v2\/types\/post"}],"author":[{"embeddable":true,"href":"https:\/\/fmamiga909.com.ar\/index.php?rest_route=\/wp\/v2\/users\/3"}],"replies":[{"embeddable":true,"href":"https:\/\/fmamiga909.com.ar\/index.php?rest_route=%2Fwp%2Fv2%2Fcomments&post=25131"}],"version-history":[{"count":1,"href":"https:\/\/fmamiga909.com.ar\/index.php?rest_route=\/wp\/v2\/posts\/25131\/revisions"}],"predecessor-version":[{"id":25135,"href":"https:\/\/fmamiga909.com.ar\/index.php?rest_route=\/wp\/v2\/posts\/25131\/revisions\/25135"}],"wp:featuredmedia":[{"embeddable":true,"href":"https:\/\/fmamiga909.com.ar\/index.php?rest_route=\/wp\/v2\/media\/25134"}],"wp:attachment":[{"href":"https:\/\/fmamiga909.com.ar\/index.php?rest_route=%2Fwp%2Fv2%2Fmedia&parent=25131"}],"wp:term":[{"taxonomy":"category","embeddable":true,"href":"https:\/\/fmamiga909.com.ar\/index.php?rest_route=%2Fwp%2Fv2%2Fcategories&post=25131"},{"taxonomy":"post_tag","embeddable":true,"href":"https:\/\/fmamiga909.com.ar\/index.php?rest_route=%2Fwp%2Fv2%2Ftags&post=25131"}],"curies":[{"name":"wp","href":"https:\/\/api.w.org\/{rel}","templated":true}]}}