{"id":25270,"date":"2025-10-22T21:33:55","date_gmt":"2025-10-22T21:33:55","guid":{"rendered":"https:\/\/fmamiga909.com.ar\/?p=25270"},"modified":"2025-10-22T21:33:55","modified_gmt":"2025-10-22T21:33:55","slug":"sinner-comenzo-con-exito-en-el-atp-de-viena","status":"publish","type":"post","link":"https:\/\/fmamiga909.com.ar\/?p=25270","title":{"rendered":"Sinner comenz\u00f3 con \u00e9xito en el ATP de Viena"},"content":{"rendered":"<div><!-- Body --><\/p>\n<p>El tenista italiano Jannik Sinner, actual n\u00famero 2 del mundo, tuvo un arranque inmejorable en el ATP 500 de Viena, donde aplast\u00f3 al alem\u00e1n Daniel Altmaier. Sinner, que va en busca de su 22\u00b0 t\u00edtulo como profesional, se impuso con un contundente 6-0, 6-2, luego de solo 58 minutos de juego.<\/p>\n<p>El encuentro fue el cuarto entre ambos tenistas, donde Sinner lideraba 2-1 en el historial. La \u00faltima vez que se hab\u00edan cruzado fue hace pocas semanas, en la segunda ronda del Masters 1000 de Shangh\u00e1i, con triunfo para el italiano por doble 6-3.<\/p>\n<p>Sinner, que tendr\u00e1 como principales desaf\u00edos en esta recta final de la temporada este torneo en Viena, el Masters 1000 de Par\u00eds y el ATP Finals, deber\u00e1 ganar todas estas competiciones y esperar que el espa\u00f1ol Carlos Alcaraz coseche flojos resultados, para as\u00ed arrebatarle el n\u00famero 1 del mundo.<\/p>\n<p>El rival de Sinner en los octavos de final ser\u00e1 su compatriota Flavio Cobolli, que m\u00e1s temprano venci\u00f3 al checo Tomas Machac por 7-6(6) y 6-2.<\/p>\n<p>Otro de los candidatos en Viena es el ruso Daniil Medvedev, quien viene de ganar el ATP 250 de Almaty, que le sirvi\u00f3 para cortar con la sequ\u00eda de dos a\u00f1os y medio sin t\u00edtulos. En su debut en este torneo, el moscovita venci\u00f3 en tres parciales al portugu\u00e9s Nuno Borges (6-4, 6-7 y 6-2).<\/p>\n<p>El ATP 500 de Viena cuenta con la presencia de dos argentinos en los octavos de final. Se trata de Francisco Cer\u00fandolo y Tom\u00e1s Etcheverry, quienes jugar\u00e1n este jueves ante el kazajo Aleksandr Bublik y el italiano Lorenzo Musetti, respectivamente.<\/p>\n<p><!-- Live Blog Post --><\/div>\n<p><a href=\"https:\/\/www.pagina12.com.ar\/867824-sinner-comenzo-con-exito-en-el-atp-de-viena\">source<\/a><\/p>\n","protected":false},"excerpt":{"rendered":"<p>El tenista italiano Jannik Sinner, actual n\u00famero 2 del mundo, tuvo un arranque inmejorable en&#8230;<\/p>\n","protected":false},"author":3,"featured_media":25271,"comment_status":"closed","ping_status":"closed","sticky":false,"template":"","format":"standard","meta":{"footnotes":""},"categories":[21],"tags":[],"class_list":["post-25270","post","type-post","status-publish","format-standard","has-post-thumbnail","hentry","category-deportes"],"featured_image_urls":{"full":["https:\/\/fmamiga909.com.ar\/wp-content\/uploads\/2025\/10\/wp-header-logo-306.png",960,540,false],"thumbnail":["https:\/\/fmamiga909.com.ar\/wp-content\/uploads\/2025\/10\/wp-header-logo-306-150x150.png",150,150,true],"medium":["https:\/\/fmamiga909.com.ar\/wp-content\/uploads\/2025\/10\/wp-header-logo-306-300x169.png",300,169,true],"medium_large":["https:\/\/fmamiga909.com.ar\/wp-content\/uploads\/2025\/10\/wp-header-logo-306.png",960,540,false],"large":["https:\/\/fmamiga909.com.ar\/wp-content\/uploads\/2025\/10\/wp-header-logo-306.png",640,360,false],"1536x1536":["https:\/\/fmamiga909.com.ar\/wp-content\/uploads\/2025\/10\/wp-header-logo-306.png",960,540,false],"2048x2048":["https:\/\/fmamiga909.com.ar\/wp-content\/uploads\/2025\/10\/wp-header-logo-306.png",960,540,false],"newsium-slider-full":["https:\/\/fmamiga909.com.ar\/wp-content\/uploads\/2025\/10\/wp-header-logo-306.png",960,540,false],"newsium-featured":["https:\/\/fmamiga909.com.ar\/wp-content\/uploads\/2025\/10\/wp-header-logo-306.png",960,540,false],"newsium-medium":["https:\/\/fmamiga909.com.ar\/wp-content\/uploads\/2025\/10\/wp-header-logo-306-720x475.png",720,475,true]},"author_info":{"display_name":"Fredy Giuliano","author_link":"https:\/\/fmamiga909.com.ar\/?author=3"},"category_info":"<a href=\"https:\/\/fmamiga909.com.ar\/?cat=21\" rel=\"category\">Deportes<\/a>","tag_info":"Deportes","comment_count":"0","_links":{"self":[{"href":"https:\/\/fmamiga909.com.ar\/index.php?rest_route=\/wp\/v2\/posts\/25270","targetHints":{"allow":["GET"]}}],"collection":[{"href":"https:\/\/fmamiga909.com.ar\/index.php?rest_route=\/wp\/v2\/posts"}],"about":[{"href":"https:\/\/fmamiga909.com.ar\/index.php?rest_route=\/wp\/v2\/types\/post"}],"author":[{"embeddable":true,"href":"https:\/\/fmamiga909.com.ar\/index.php?rest_route=\/wp\/v2\/users\/3"}],"replies":[{"embeddable":true,"href":"https:\/\/fmamiga909.com.ar\/index.php?rest_route=%2Fwp%2Fv2%2Fcomments&post=25270"}],"version-history":[{"count":0,"href":"https:\/\/fmamiga909.com.ar\/index.php?rest_route=\/wp\/v2\/posts\/25270\/revisions"}],"wp:featuredmedia":[{"embeddable":true,"href":"https:\/\/fmamiga909.com.ar\/index.php?rest_route=\/wp\/v2\/media\/25271"}],"wp:attachment":[{"href":"https:\/\/fmamiga909.com.ar\/index.php?rest_route=%2Fwp%2Fv2%2Fmedia&parent=25270"}],"wp:term":[{"taxonomy":"category","embeddable":true,"href":"https:\/\/fmamiga909.com.ar\/index.php?rest_route=%2Fwp%2Fv2%2Fcategories&post=25270"},{"taxonomy":"post_tag","embeddable":true,"href":"https:\/\/fmamiga909.com.ar\/index.php?rest_route=%2Fwp%2Fv2%2Ftags&post=25270"}],"curies":[{"name":"wp","href":"https:\/\/api.w.org\/{rel}","templated":true}]}}