{"id":25439,"date":"2025-10-29T04:23:35","date_gmt":"2025-10-29T04:23:35","guid":{"rendered":"https:\/\/fmamiga909.com.ar\/?p=25439"},"modified":"2025-10-29T04:23:35","modified_gmt":"2025-10-29T04:23:35","slug":"comenzo-el-pre-registro-para-las-entradas-de-la-final-de-la-copa-libertadores-2025","status":"publish","type":"post","link":"https:\/\/fmamiga909.com.ar\/?p=25439","title":{"rendered":"Comenz\u00f3 el pre-registro para las entradas de la Final de la Copa Libertadores 2025"},"content":{"rendered":"<div><!-- Body --><\/p>\n<p>La Conmebol anunci\u00f3 que ya est\u00e1 habilitado el pre-registro oficial para la compra de entradas de la Final de la Copa Libertadores 2025. El tr\u00e1mite podr\u00e1 realizarse a trav\u00e9s del sitio de la Conmebol y permanecer\u00e1 disponible hasta las 23:59 del jueves 30 de octubre, apenas unas horas despu\u00e9s de que se conozca el resultado de la serie de semifinales que definir\u00e1n en el Cilindro de Avellaneda el local Racing y Flamengo, y del cierre de la otra semifinal del certamen que disputar\u00e1n el jueves en Brasil Palmeiras y Liga de Quito.\u00a0<\/p>\n<p>Este proceso permitir\u00e1 a los fan\u00e1ticos registrar su inter\u00e9s y recibir con anticipaci\u00f3n el aviso sobre la apertura de la venta de entradas, una instancia que busca optimizar el acceso y evitar la saturaci\u00f3n de la plataforma durante la venta oficial. La medida responde a la enorme expectativa que genera cada edici\u00f3n del certamen, en especial por la gran demanda que suele haber para asistir al duelo decisivo cuyo ganador alzar\u00e1 la codiciada Copa Libertadores de Am\u00e9rica, \u00abLa Gloria Eterna\u00bb.<\/p>\n<p>La final \u00fanica de la Conmebol Libertadores 2025 se jugar\u00e1 el s\u00e1bado 29 de noviembre en el Estadio Monumental U de Lima, Per\u00fa, un escenario con capacidad para m\u00e1s de 80 mil espectadores y una de las sedes m\u00e1s imponentes del continente. Ser\u00e1 la segunda vez que el estadio lime\u00f1o reciba la definici\u00f3n del torneo, tras la recordada final de 2019 entre Flamengo y River.<\/p>\n<p>La Conmebol invit\u00f3 a todos los fan\u00e1ticos del f\u00fatbol sudamericano a realizar el pre-registro cuanto antes para no perder la oportunidad de vivir una jornada hist\u00f3rica. \u00abLa Final de la Libertadores 2025 promete ser un espect\u00e1culo inolvidable\u00bb, se\u00f1al\u00f3 el comunicado del organismo rector del f\u00fatbol sudamericano, que trabaja junto a las autoridades locales para garantizar una experiencia segura y organizada para los asistentes a la final del certamen continental.<\/p>\n<p><!-- Live Blog Post --><\/div>\n<p><a href=\"https:\/\/www.pagina12.com.ar\/869631-comenzo-el-pre-registro-para-las-entradas-de-la-final-de-la-\">source<\/a><\/p>\n","protected":false},"excerpt":{"rendered":"<p>La Conmebol anunci\u00f3 que ya est\u00e1 habilitado el pre-registro oficial para la compra de entradas&#8230;<\/p>\n","protected":false},"author":3,"featured_media":25440,"comment_status":"closed","ping_status":"closed","sticky":false,"template":"","format":"standard","meta":{"footnotes":""},"categories":[21],"tags":[],"class_list":["post-25439","post","type-post","status-publish","format-standard","has-post-thumbnail","hentry","category-deportes"],"featured_image_urls":{"full":["https:\/\/fmamiga909.com.ar\/wp-content\/uploads\/2025\/10\/wp-header-logo-382.png",960,540,false],"thumbnail":["https:\/\/fmamiga909.com.ar\/wp-content\/uploads\/2025\/10\/wp-header-logo-382-150x150.png",150,150,true],"medium":["https:\/\/fmamiga909.com.ar\/wp-content\/uploads\/2025\/10\/wp-header-logo-382-300x169.png",300,169,true],"medium_large":["https:\/\/fmamiga909.com.ar\/wp-content\/uploads\/2025\/10\/wp-header-logo-382.png",960,540,false],"large":["https:\/\/fmamiga909.com.ar\/wp-content\/uploads\/2025\/10\/wp-header-logo-382.png",640,360,false],"1536x1536":["https:\/\/fmamiga909.com.ar\/wp-content\/uploads\/2025\/10\/wp-header-logo-382.png",960,540,false],"2048x2048":["https:\/\/fmamiga909.com.ar\/wp-content\/uploads\/2025\/10\/wp-header-logo-382.png",960,540,false],"newsium-slider-full":["https:\/\/fmamiga909.com.ar\/wp-content\/uploads\/2025\/10\/wp-header-logo-382.png",960,540,false],"newsium-featured":["https:\/\/fmamiga909.com.ar\/wp-content\/uploads\/2025\/10\/wp-header-logo-382.png",960,540,false],"newsium-medium":["https:\/\/fmamiga909.com.ar\/wp-content\/uploads\/2025\/10\/wp-header-logo-382-720x475.png",720,475,true]},"author_info":{"display_name":"Fredy Giuliano","author_link":"https:\/\/fmamiga909.com.ar\/?author=3"},"category_info":"<a href=\"https:\/\/fmamiga909.com.ar\/?cat=21\" rel=\"category\">Deportes<\/a>","tag_info":"Deportes","comment_count":"0","_links":{"self":[{"href":"https:\/\/fmamiga909.com.ar\/index.php?rest_route=\/wp\/v2\/posts\/25439","targetHints":{"allow":["GET"]}}],"collection":[{"href":"https:\/\/fmamiga909.com.ar\/index.php?rest_route=\/wp\/v2\/posts"}],"about":[{"href":"https:\/\/fmamiga909.com.ar\/index.php?rest_route=\/wp\/v2\/types\/post"}],"author":[{"embeddable":true,"href":"https:\/\/fmamiga909.com.ar\/index.php?rest_route=\/wp\/v2\/users\/3"}],"replies":[{"embeddable":true,"href":"https:\/\/fmamiga909.com.ar\/index.php?rest_route=%2Fwp%2Fv2%2Fcomments&post=25439"}],"version-history":[{"count":0,"href":"https:\/\/fmamiga909.com.ar\/index.php?rest_route=\/wp\/v2\/posts\/25439\/revisions"}],"wp:featuredmedia":[{"embeddable":true,"href":"https:\/\/fmamiga909.com.ar\/index.php?rest_route=\/wp\/v2\/media\/25440"}],"wp:attachment":[{"href":"https:\/\/fmamiga909.com.ar\/index.php?rest_route=%2Fwp%2Fv2%2Fmedia&parent=25439"}],"wp:term":[{"taxonomy":"category","embeddable":true,"href":"https:\/\/fmamiga909.com.ar\/index.php?rest_route=%2Fwp%2Fv2%2Fcategories&post=25439"},{"taxonomy":"post_tag","embeddable":true,"href":"https:\/\/fmamiga909.com.ar\/index.php?rest_route=%2Fwp%2Fv2%2Ftags&post=25439"}],"curies":[{"name":"wp","href":"https:\/\/api.w.org\/{rel}","templated":true}]}}