{"id":25559,"date":"2025-11-04T00:32:47","date_gmt":"2025-11-04T00:32:47","guid":{"rendered":"https:\/\/fmamiga909.com.ar\/?p=25559"},"modified":"2025-11-04T00:32:47","modified_gmt":"2025-11-04T00:32:47","slug":"stefano-di-carlo-asumio-en-river-no-hay-que-confundirse","status":"publish","type":"post","link":"https:\/\/fmamiga909.com.ar\/?p=25559","title":{"rendered":"Stefano Di Carlo asumi\u00f3 en River: &quot;No hay que confundirse&quot;"},"content":{"rendered":"<div><!-- Body --><\/p>\n<p>Stefano Di Carlo asumi\u00f3 como presidente de River este lunes por la tarde y no pudo evitar referirse al complicado presente futbol\u00edstico del primer equipo, que sum\u00f3 un nuevo golpazo el domingo por la noche.<\/p>\n<p>\u201cHoy no estamos en un buen momento deportivo, no nos gusta y no nos representa. Pero no hay que confundirse. Los proyectos tienen momentos, pero no pueden hacernos perder de vista los objetivos y el camino\u201d, expres\u00f3 el dirigente de apenas 36 a\u00f1os.<\/p>\n<p>Di Carlo fue electo el s\u00e1bado como nuevo mandam\u00e1s millonario con el 61,77% de los votos en la que fue la elecci\u00f3n con m\u00e1s participaci\u00f3n de la historia del club (concurrieron 25890 socios, casi el 30% del padr\u00f3n).<\/p>\n<p>\u201cTenemos muy claro lo que tenemos que hacer, tenemos un plan. Este proceso que empez\u00f3 con (Rodolfo) D\u2019Onofrio va a seguir y no hay que confundirnos. Es importante entender de d\u00f3nde venimos y ad\u00f3nde vamos\u201d, busc\u00f3 tranquilizar al inquieto Mundo River.<\/p>\n<p>En otro pasaje del protocolar acto, donde estuvo presente el presidente de la AFA, Claudio \u00abChiqui\u00bb Tapia, Di Carlo se anim\u00f3 a hablar de pol\u00edtica nacional, aunque a puro amague: \u201cSiempre digo, cuando me preguntan, que River es peronista, radical, libertario\u2026 pero cuando entramos ac\u00e1, siempre hablamos de River\u201d.<\/p>\n<p><!-- Live Blog Post --><\/div>\n<p><a href=\"https:\/\/www.pagina12.com.ar\/871048-stefano-di-carlo-asumio-en-river-no-hay-que-confundirse\">source<\/a><\/p>\n","protected":false},"excerpt":{"rendered":"<p>Stefano Di Carlo asumi\u00f3 como presidente de River este lunes por la tarde y no&#8230;<\/p>\n","protected":false},"author":3,"featured_media":25560,"comment_status":"closed","ping_status":"closed","sticky":false,"template":"","format":"standard","meta":{"footnotes":""},"categories":[21],"tags":[],"class_list":["post-25559","post","type-post","status-publish","format-standard","has-post-thumbnail","hentry","category-deportes"],"featured_image_urls":{"full":["https:\/\/fmamiga909.com.ar\/wp-content\/uploads\/2025\/11\/wp-header-logo-29.png",960,540,false],"thumbnail":["https:\/\/fmamiga909.com.ar\/wp-content\/uploads\/2025\/11\/wp-header-logo-29-150x150.png",150,150,true],"medium":["https:\/\/fmamiga909.com.ar\/wp-content\/uploads\/2025\/11\/wp-header-logo-29-300x169.png",300,169,true],"medium_large":["https:\/\/fmamiga909.com.ar\/wp-content\/uploads\/2025\/11\/wp-header-logo-29.png",960,540,false],"large":["https:\/\/fmamiga909.com.ar\/wp-content\/uploads\/2025\/11\/wp-header-logo-29.png",640,360,false],"1536x1536":["https:\/\/fmamiga909.com.ar\/wp-content\/uploads\/2025\/11\/wp-header-logo-29.png",960,540,false],"2048x2048":["https:\/\/fmamiga909.com.ar\/wp-content\/uploads\/2025\/11\/wp-header-logo-29.png",960,540,false],"newsium-slider-full":["https:\/\/fmamiga909.com.ar\/wp-content\/uploads\/2025\/11\/wp-header-logo-29.png",960,540,false],"newsium-featured":["https:\/\/fmamiga909.com.ar\/wp-content\/uploads\/2025\/11\/wp-header-logo-29.png",960,540,false],"newsium-medium":["https:\/\/fmamiga909.com.ar\/wp-content\/uploads\/2025\/11\/wp-header-logo-29-720x475.png",720,475,true]},"author_info":{"display_name":"Fredy Giuliano","author_link":"https:\/\/fmamiga909.com.ar\/?author=3"},"category_info":"<a href=\"https:\/\/fmamiga909.com.ar\/?cat=21\" rel=\"category\">Deportes<\/a>","tag_info":"Deportes","comment_count":"0","_links":{"self":[{"href":"https:\/\/fmamiga909.com.ar\/index.php?rest_route=\/wp\/v2\/posts\/25559","targetHints":{"allow":["GET"]}}],"collection":[{"href":"https:\/\/fmamiga909.com.ar\/index.php?rest_route=\/wp\/v2\/posts"}],"about":[{"href":"https:\/\/fmamiga909.com.ar\/index.php?rest_route=\/wp\/v2\/types\/post"}],"author":[{"embeddable":true,"href":"https:\/\/fmamiga909.com.ar\/index.php?rest_route=\/wp\/v2\/users\/3"}],"replies":[{"embeddable":true,"href":"https:\/\/fmamiga909.com.ar\/index.php?rest_route=%2Fwp%2Fv2%2Fcomments&post=25559"}],"version-history":[{"count":0,"href":"https:\/\/fmamiga909.com.ar\/index.php?rest_route=\/wp\/v2\/posts\/25559\/revisions"}],"wp:featuredmedia":[{"embeddable":true,"href":"https:\/\/fmamiga909.com.ar\/index.php?rest_route=\/wp\/v2\/media\/25560"}],"wp:attachment":[{"href":"https:\/\/fmamiga909.com.ar\/index.php?rest_route=%2Fwp%2Fv2%2Fmedia&parent=25559"}],"wp:term":[{"taxonomy":"category","embeddable":true,"href":"https:\/\/fmamiga909.com.ar\/index.php?rest_route=%2Fwp%2Fv2%2Fcategories&post=25559"},{"taxonomy":"post_tag","embeddable":true,"href":"https:\/\/fmamiga909.com.ar\/index.php?rest_route=%2Fwp%2Fv2%2Ftags&post=25559"}],"curies":[{"name":"wp","href":"https:\/\/api.w.org\/{rel}","templated":true}]}}