{"id":25567,"date":"2025-11-04T19:45:26","date_gmt":"2025-11-04T19:45:26","guid":{"rendered":"https:\/\/fmamiga909.com.ar\/?p=25567"},"modified":"2025-11-04T19:45:26","modified_gmt":"2025-11-04T19:45:26","slug":"diego-armando-maradona-un-universo-inabarcable","status":"publish","type":"post","link":"https:\/\/fmamiga909.com.ar\/?p=25567","title":{"rendered":"Diego Armando Maradona, un universo inabarcable"},"content":{"rendered":"<div><!-- Body --><\/p>\n<p><b> Hablar de f\u00fatbol no se puede supeditar a recordar jugadas<\/b>, grandes goles ni partidos con finales que ni a Fellini o Scorsese se le hubiesen ocurrido. \u00abHay quienes sostienen que el f\u00fatbol no tiene nada que ver con la vida del hombre&#8230; con sus cosas m\u00e1s esenciales. Desconozco cu\u00e1nto sabe esa gente de la vida, pero de algo estoy seguro: no saben nada de f\u00fatbol\u201d, dijo Eduardo Sacheri. <b>El espect\u00e1culo ha trascendido los l\u00edmites del campo de juego y ocup\u00f3 territorios pol\u00edticos y culturales<\/b>.<\/p>\n<p>\u201cHoy el modelo vigente en el mundo nos propone que los pa\u00edses funcionen como empresas, con l\u00f3gica de empresa capitalista salvaje y objetivos medidos en t\u00e9rminos de cuenta de resultados: y no es, no debe ser as\u00ed. <b>La prioridad de un pa\u00eds no es dar ganancia. Si un pa\u00eds es una f\u00e1brica, lo primero -lo \u00fanico- que debe producir es gente sana y feliz. Y un club de f\u00fatbol debe producir buen f\u00fatbol. Y no es precisamente lo que pasa\u201d, recuerda Juan Sasturain<\/b> en su libro -grandioso, por cierto- <i>Gracias por el juego<\/i>.<\/p>\n<p>Lo que se hace en y con este deporte, es una postura ante la vida y una caja de herramientas para explorar las cualidades humanas. El ejemplo m\u00e1s trascendental y quiz\u00e1s, el punto de partida para muchos es, fue y ser\u00e1 <b>Diego Maradona. Sin\u00f3nimo de felicidad, controversia y soledad. <\/b>El hombre de la Diez en la espalda, responsable de los goles a Inglaterra y portador de una zurda universal que combin\u00f3 las diabluras de sus pies con el compromiso de <b>un discurso que nunca se olvid\u00f3 de los nadies<\/b>.<\/p>\n<p>Alrededor de su figura se escribieron infinidad de libros, se hicieron pel\u00edculas, documentales, ponencias, investigaciones y hasta la universidad de Oxford, en 1995 lo invit\u00f3 a dar una charla a la que se acerc\u00f3 sin t\u00edtulos de nobleza y convirti\u00f3 su experiencia de guerrero y<b> \u00e1ngel con las alas heridas<\/b>, en un tratado filos\u00f3fico que dej\u00f3 boquiabiertos a docentes y estudiantes. Maradona no es una persona cualquiera, dec\u00eda Andr\u00e9s Calamaro. Y vaya si el hombre de las canciones indiscretas no tuvo raz\u00f3n, que ahora se ha llegado a la instancia de recorrer y <b>analizar la figura de \u201cPelusa\u201d en un primer Congreso Internacional que se har\u00e1 en la Facultad de Ciencias Sociales de la UBA<\/b>.  <\/p>\n<p>Una actividad que contar\u00e1 con<b> tres jornadas (6, 7 y 8 de noviembre)<\/b>, en la que habr\u00e1 mesas de debate, ponencias y referentes del campo popular, <b>organizada por la Revista <i>META <\/i>y la C\u00e1tedra \u201cDiegolog\u00edas\u201d que se lleva adelante en la Facultad.<\/b> \u201cSurge como iniciativa de abordar a Diego de distintas disciplinas: desde la literatura, desde el debate con los g\u00e9neros y feminismos, desde el legado que dej\u00f3 en los clubes. Su vinculaci\u00f3n con la historia argentina\u201d, dice Fabi\u00e1n D\u2019Aloisio, escritor, periodista y uno de los organizadores del encuentro, a<b> P\u00e1gina\/12<\/b>.<\/p>\n<p>\u201cEn principio lo reconocemos as\u00ed: <i><b><a href=\"https:\/\/revistametasentidos.com.ar\/congreso-internacional-sobre-diego-maradona\/inscripcion-al-congreso\/\" target=\"_blank\">Congreso internacional sobre Diego Armando Maradona: aproximaciones a un universo inabarcable<\/a><\/b><\/i>. Estamos frente a una figura que trascendi\u00f3 lo deportivo. Una figura social, pol\u00edtica y cultural, muy vinculada al arte. Hay m\u00e1s de 200 libros escritos sobre \u00e9l, en todos los barrios populares hay murales de Maradona y festividades para recordarlo. Est\u00e1 presente todos los d\u00edas del a\u00f1o en distintos lugares de nuestro pa\u00eds\u201d, sostiene.<\/p>\n<p>A partir de Maradona, se ensancha la posibilidad de pensar el v\u00ednculo de la<b> cultura popular <\/b>con su figura y lo que representa su persona en una tribuna de pensamiento, desplegada nada m\u00e1s y nada menos que en una <b>universidad p\u00fablica<\/b>. \u00c1mbito que no dej\u00f3 de estar en boca del astro del f\u00fatbol, cuando en 1995 se hizo presente en la Facultad de Arquitectura, Dise\u00f1o y Urbanismo de la UBA para apoyar la lucha contra los recortes presupuestarios del gobierno de Carlos Menem y en defensa de los derechos de los estudiantes.<b> \u00abQueremos reconocer al Maradona social, al que tantas veces se enfrent\u00f3 al poder constituido, al que pudo cumplir su sue\u00f1o, aunque proven\u00eda de los lugares m\u00e1s marginados\u00bb<\/b>, destacaron en aquel momento.<\/p>\n<p>\u201cEn alg\u00fan momento era el Che, ahora se sum\u00f3 la figura de Diego. Es muy llamativo, tambi\u00e9n, como aparece en las luchas populares o ciertos reclamos de derechos. El caso de los jubilados, la salud p\u00fablica, la educaci\u00f3n p\u00fablica. <b>Los \u00faltimos a\u00f1os, lo que viene apareciendo es un Diego m\u00e1s pol\u00edtico. Si recorr\u00e9s las redes, lo que aparecen son frases o encuentro con pol\u00edticos de todo el mundo o entrevistas y ya no tanto jugadas ni goles.<\/b> La gente ya lo empieza a leer en su significado cultural\u201d, dice D\u2019Aloisio en torno a esta iniciativa del congreso sobre Maradona.<\/p>\n<p>Y concluye: \u201cLas mesas y los trabajos de investigaci\u00f3n est\u00e1n pensados para <b>provocar el debate. Aproximaciones a un universo inabarcable<\/b> que tienen que ver con crear un \u00e1mbito de discusi\u00f3n sobre tem\u00e1ticas donde hay mucho para decir.<b> No pretendemos una apolog\u00eda maradoniana sino justamente dar cuenta de su dimensi\u00f3n<\/b>. Y eso tiene que ver con la diversidad, con la multiplicidad de voces y disciplinas que lo abordaron\u2026 rescatar ese Diego humano, ponerlo en el centro de la escena, como eje conducente, tiene que ver con nuestra cultura y nuestra sociedad\u00bb.<\/p>\n<p><!-- Live Blog Post --><\/div>\n<p><a href=\"https:\/\/www.pagina12.com.ar\/871197-diego-armando-maradona-un-universo-inabarcable\">source<\/a><\/p>\n","protected":false},"excerpt":{"rendered":"<p>Hablar de f\u00fatbol no se puede supeditar a recordar jugadas, grandes goles ni partidos con&#8230;<\/p>\n","protected":false},"author":3,"featured_media":25568,"comment_status":"closed","ping_status":"closed","sticky":false,"template":"","format":"standard","meta":{"footnotes":""},"categories":[21],"tags":[],"class_list":["post-25567","post","type-post","status-publish","format-standard","has-post-thumbnail","hentry","category-deportes"],"featured_image_urls":{"full":["https:\/\/fmamiga909.com.ar\/wp-content\/uploads\/2025\/11\/wp-header-logo-33.png",960,540,false],"thumbnail":["https:\/\/fmamiga909.com.ar\/wp-content\/uploads\/2025\/11\/wp-header-logo-33-150x150.png",150,150,true],"medium":["https:\/\/fmamiga909.com.ar\/wp-content\/uploads\/2025\/11\/wp-header-logo-33-300x169.png",300,169,true],"medium_large":["https:\/\/fmamiga909.com.ar\/wp-content\/uploads\/2025\/11\/wp-header-logo-33.png",960,540,false],"large":["https:\/\/fmamiga909.com.ar\/wp-content\/uploads\/2025\/11\/wp-header-logo-33.png",640,360,false],"1536x1536":["https:\/\/fmamiga909.com.ar\/wp-content\/uploads\/2025\/11\/wp-header-logo-33.png",960,540,false],"2048x2048":["https:\/\/fmamiga909.com.ar\/wp-content\/uploads\/2025\/11\/wp-header-logo-33.png",960,540,false],"newsium-slider-full":["https:\/\/fmamiga909.com.ar\/wp-content\/uploads\/2025\/11\/wp-header-logo-33.png",960,540,false],"newsium-featured":["https:\/\/fmamiga909.com.ar\/wp-content\/uploads\/2025\/11\/wp-header-logo-33.png",960,540,false],"newsium-medium":["https:\/\/fmamiga909.com.ar\/wp-content\/uploads\/2025\/11\/wp-header-logo-33-720x475.png",720,475,true]},"author_info":{"display_name":"Fredy Giuliano","author_link":"https:\/\/fmamiga909.com.ar\/?author=3"},"category_info":"<a href=\"https:\/\/fmamiga909.com.ar\/?cat=21\" rel=\"category\">Deportes<\/a>","tag_info":"Deportes","comment_count":"0","_links":{"self":[{"href":"https:\/\/fmamiga909.com.ar\/index.php?rest_route=\/wp\/v2\/posts\/25567","targetHints":{"allow":["GET"]}}],"collection":[{"href":"https:\/\/fmamiga909.com.ar\/index.php?rest_route=\/wp\/v2\/posts"}],"about":[{"href":"https:\/\/fmamiga909.com.ar\/index.php?rest_route=\/wp\/v2\/types\/post"}],"author":[{"embeddable":true,"href":"https:\/\/fmamiga909.com.ar\/index.php?rest_route=\/wp\/v2\/users\/3"}],"replies":[{"embeddable":true,"href":"https:\/\/fmamiga909.com.ar\/index.php?rest_route=%2Fwp%2Fv2%2Fcomments&post=25567"}],"version-history":[{"count":0,"href":"https:\/\/fmamiga909.com.ar\/index.php?rest_route=\/wp\/v2\/posts\/25567\/revisions"}],"wp:featuredmedia":[{"embeddable":true,"href":"https:\/\/fmamiga909.com.ar\/index.php?rest_route=\/wp\/v2\/media\/25568"}],"wp:attachment":[{"href":"https:\/\/fmamiga909.com.ar\/index.php?rest_route=%2Fwp%2Fv2%2Fmedia&parent=25567"}],"wp:term":[{"taxonomy":"category","embeddable":true,"href":"https:\/\/fmamiga909.com.ar\/index.php?rest_route=%2Fwp%2Fv2%2Fcategories&post=25567"},{"taxonomy":"post_tag","embeddable":true,"href":"https:\/\/fmamiga909.com.ar\/index.php?rest_route=%2Fwp%2Fv2%2Ftags&post=25567"}],"curies":[{"name":"wp","href":"https:\/\/api.w.org\/{rel}","templated":true}]}}