{"id":25569,"date":"2025-11-04T22:33:33","date_gmt":"2025-11-04T22:33:33","guid":{"rendered":"https:\/\/fmamiga909.com.ar\/?p=25569"},"modified":"2025-11-04T22:33:33","modified_gmt":"2025-11-04T22:33:33","slug":"gustavo-costas-cerca-de-renovar-en-racing","status":"publish","type":"post","link":"https:\/\/fmamiga909.com.ar\/?p=25569","title":{"rendered":"Gustavo Costas, cerca de renovar en Racing"},"content":{"rendered":"<div><!-- Body --><\/p>\n<p>Racing y Gustavo Costas ya iniciaron conversaciones para la renovaci\u00f3n de su contrato, que termina a fines de diciembre. \u00abNos juntamos con Sebasti\u00e1n Saja (director deportivo) y Gustavo y le ofrecimos seguir un a\u00f1o m\u00e1s en el club. Creemos que est\u00e1 haciendo las cosas muy bien y que es \u00e9l quien tiene que seguir en la instituci\u00f3n. Estamos muy conformes. L\u00f3gico que no nos dio ninguna respuesta porque ahora est\u00e1 enfocado en el presente\u00bb, anticip\u00f3 el presidente acad\u00e9mico, Diego Milito, en una entrevista televisiva durante la previa del empate ante Central C\u00f3rdoba en Santiago del Estero.<\/p>\n<p>Costas se refiri\u00f3 al tema en la conferencia de prensa post partido, aunque evit\u00f3 dar definiciones, priorizando la lucha actual del equipo, por ahora afuera de los playoffs del Clausura. \u00abQuedamos entre los cuatro mejores de Am\u00e9rica y fuimos el \u00fanico argentino en semifinales, pero no nos conformamos. \u00c9ramos los primeros que quer\u00edamos ganarla. Le agradec\u00ed de coraz\u00f3n a Diego por ofrecerme continuar en el cargo\u00bb, declar\u00f3 el \u00eddolo e hincha que oficia de DT de Racing desde hace un par de a\u00f1os y ya levant\u00f3 la Sudamericana 2024 y la Recopa 2025.<\/p>\n<p>Por lo pronto, nadie duda de la continuidad de Costas, aunque desde el lado del DT har\u00e1n lo posible para, antes de la firma, comprometer a la dirigencia a una inversi\u00f3n importante en el pr\u00f3ximo mercado de pases.<\/p>\n<p><!-- Live Blog Post --><\/div>\n<p><a href=\"https:\/\/www.pagina12.com.ar\/871248-gustavo-costas-cerca-de-renovar-en-racing\">source<\/a><\/p>\n","protected":false},"excerpt":{"rendered":"<p>Racing y Gustavo Costas ya iniciaron conversaciones para la renovaci\u00f3n de su contrato, que termina&#8230;<\/p>\n","protected":false},"author":3,"featured_media":25570,"comment_status":"closed","ping_status":"closed","sticky":false,"template":"","format":"standard","meta":{"footnotes":""},"categories":[21],"tags":[],"class_list":["post-25569","post","type-post","status-publish","format-standard","has-post-thumbnail","hentry","category-deportes"],"featured_image_urls":{"full":["https:\/\/fmamiga909.com.ar\/wp-content\/uploads\/2025\/11\/wp-header-logo-34.png",960,540,false],"thumbnail":["https:\/\/fmamiga909.com.ar\/wp-content\/uploads\/2025\/11\/wp-header-logo-34-150x150.png",150,150,true],"medium":["https:\/\/fmamiga909.com.ar\/wp-content\/uploads\/2025\/11\/wp-header-logo-34-300x169.png",300,169,true],"medium_large":["https:\/\/fmamiga909.com.ar\/wp-content\/uploads\/2025\/11\/wp-header-logo-34.png",960,540,false],"large":["https:\/\/fmamiga909.com.ar\/wp-content\/uploads\/2025\/11\/wp-header-logo-34.png",640,360,false],"1536x1536":["https:\/\/fmamiga909.com.ar\/wp-content\/uploads\/2025\/11\/wp-header-logo-34.png",960,540,false],"2048x2048":["https:\/\/fmamiga909.com.ar\/wp-content\/uploads\/2025\/11\/wp-header-logo-34.png",960,540,false],"newsium-slider-full":["https:\/\/fmamiga909.com.ar\/wp-content\/uploads\/2025\/11\/wp-header-logo-34.png",960,540,false],"newsium-featured":["https:\/\/fmamiga909.com.ar\/wp-content\/uploads\/2025\/11\/wp-header-logo-34.png",960,540,false],"newsium-medium":["https:\/\/fmamiga909.com.ar\/wp-content\/uploads\/2025\/11\/wp-header-logo-34-720x475.png",720,475,true]},"author_info":{"display_name":"Fredy Giuliano","author_link":"https:\/\/fmamiga909.com.ar\/?author=3"},"category_info":"<a href=\"https:\/\/fmamiga909.com.ar\/?cat=21\" rel=\"category\">Deportes<\/a>","tag_info":"Deportes","comment_count":"0","_links":{"self":[{"href":"https:\/\/fmamiga909.com.ar\/index.php?rest_route=\/wp\/v2\/posts\/25569","targetHints":{"allow":["GET"]}}],"collection":[{"href":"https:\/\/fmamiga909.com.ar\/index.php?rest_route=\/wp\/v2\/posts"}],"about":[{"href":"https:\/\/fmamiga909.com.ar\/index.php?rest_route=\/wp\/v2\/types\/post"}],"author":[{"embeddable":true,"href":"https:\/\/fmamiga909.com.ar\/index.php?rest_route=\/wp\/v2\/users\/3"}],"replies":[{"embeddable":true,"href":"https:\/\/fmamiga909.com.ar\/index.php?rest_route=%2Fwp%2Fv2%2Fcomments&post=25569"}],"version-history":[{"count":0,"href":"https:\/\/fmamiga909.com.ar\/index.php?rest_route=\/wp\/v2\/posts\/25569\/revisions"}],"wp:featuredmedia":[{"embeddable":true,"href":"https:\/\/fmamiga909.com.ar\/index.php?rest_route=\/wp\/v2\/media\/25570"}],"wp:attachment":[{"href":"https:\/\/fmamiga909.com.ar\/index.php?rest_route=%2Fwp%2Fv2%2Fmedia&parent=25569"}],"wp:term":[{"taxonomy":"category","embeddable":true,"href":"https:\/\/fmamiga909.com.ar\/index.php?rest_route=%2Fwp%2Fv2%2Fcategories&post=25569"},{"taxonomy":"post_tag","embeddable":true,"href":"https:\/\/fmamiga909.com.ar\/index.php?rest_route=%2Fwp%2Fv2%2Ftags&post=25569"}],"curies":[{"name":"wp","href":"https:\/\/api.w.org\/{rel}","templated":true}]}}