{"id":25695,"date":"2025-11-10T00:10:04","date_gmt":"2025-11-10T00:10:04","guid":{"rendered":"https:\/\/fmamiga909.com.ar\/?p=25695"},"modified":"2025-11-10T00:10:04","modified_gmt":"2025-11-10T00:10:04","slug":"quien-es-zeballos-la-figura-del-superclasico-vital-para-el-triunfo-de-boca","status":"publish","type":"post","link":"https:\/\/fmamiga909.com.ar\/?p=25695","title":{"rendered":"Qui\u00e9n es Zeballos, la figura del Supercl\u00e1sico, vital para el triunfo de Boca\u00a0"},"content":{"rendered":"<div><!-- Body --><\/p>\n<p><b>Oscar Exequiel Zeballos, la figura del <a href=\"https:\/\/www.pagina12.com.ar\/872355-boca-festejo-ante-river-saco-pasaje-a-la-libertadores-y-hund\">Supercl\u00e1sico<\/a>\u00a0ante River en la Bombonera, <\/b>con un gol y una asistencia, es uno de los mayores talentos de Boca Juniors. A sus 23 a\u00f1os, <b>el \u00abChanguito\u00bb no solo brilla por su habilidad, sino por su historia de superaci\u00f3n.<\/b><\/p>\n<div class=\"iframely-embed medium-embedded-content\" data-html=\"Jmx0O2RpdiZndDsmbHQ7ZGl2IHN0eWxlPSJsZWZ0OiAwOyB3aWR0aDogMTAwJTsgaGVpZ2h0OiAwOyBwb3NpdGlvbjogcmVsYXRpdmU7IHBhZGRpbmctYm90dG9tOiA1Ni4wNDE3JTsiJmd0OyZsdDtpZnJhbWUgc3JjPSJodHRwczovL2lmcmFtZWx5LnBhZ2luYTEyLmNvbS5hci9hcGkvaWZyYW1lP2NsaWNrX3RvX3BsYXk9MSZhbXA7dXJsPWh0dHBzJTNBJTJGJTJGZ2VvLmRhaWx5bW90aW9uLmNvbSUyRnBsYXllciUyRnh0NWVlLmh0bWwlM0Z2aWRlbyUzRHg5dGlnbmEmYW1wO2tleT00Njc2YjVmZGMwODMyNTdlYTg3ZjcxNjA4Yzc0ZTlmZSIgc3R5bGU9InRvcDogMDsgbGVmdDogMDsgd2lkdGg6IDEwMCU7IGhlaWdodDogMTAwJTsgcG9zaXRpb246IGFic29sdXRlOyBib3JkZXI6IDA7IiBhbGxvd2Z1bGxzY3JlZW4gc2Nyb2xsaW5nPSJubyIgYWxsb3c9ImVuY3J5cHRlZC1tZWRpYSAqOyImZ3Q7Jmx0Oy9pZnJhbWUmZ3Q7Jmx0Oy9kaXYmZ3Q7Jmx0Oy9kaXYmZ3Q7Jmx0O2RpdiBjbGFzcz0ibWVkaXVtLWluc2VydC1lbWJlZHMtbWV0YSImZ3Q7Jmx0O3NjcmlwdCB0eXBlPSJ0ZXh0L2pzb24iJmd0O3sidXJsIjoiaHR0cHM6Ly9nZW8uZGFpbHltb3Rpb24uY29tL3BsYXllci94dDVlZS5odG1sP3ZpZGVvPXg5dGlnbmEiLCJ0eXBlIjoidmlkZW8iLCJ2ZXJzaW9uIjoiMS4wIiwidGl0bGUiOiJHb2wgZGUgWmViYWxsb3MgZW4gZWwgU3VwZXJjbMOhc2ljbyIsImF1dGhvciI6IlDDoWdpbmExMiIsImF1dGhvcl91cmwiOiJodHRwczovL3d3dy5kYWlseW1vdGlvbi5jb20vUGFnaW5hMTIiLCJwcm92aWRlcl9uYW1lIjoiRGFpbHltb3Rpb24iLCJ0aHVtYm5haWxfdXJsIjoiaHR0cHM6Ly9zMi5kbWNkbi5uZXQvdi9aUDJONjFmNElTWnBza2VRaS94MjQwIiwidGh1bWJuYWlsX3dpZHRoIjo0MjcsInRodW1ibmFpbF9oZWlnaHQiOjI0MCwiY2FjaGVfYWdlIjo4NjQwMH0mbHQ7L3NjcmlwdCZndDsmbHQ7L2RpdiZndDs=\">\n                <a data-iframely-url=\"\" href=\"https:\/\/geo.dailymotion.com\/player\/xt5ee.html?video=x9tigna\">https:\/\/geo.dailymotion.com\/player\/xt5ee.html?video=x9tigna<\/a>\n              <\/div>\n<p><b>Nacido en La Banda, Santiago del Estero, <\/b>Zeballos dio sus primeros pasos en el Club Atl\u00e9tico Sarmiento de La Banda. Fue descubierto por un captador de Boca a los 11 a\u00f1os y en 2016 se mud\u00f3 a la pensi\u00f3n del club.<\/p>\n<h3\/>\n<p>Firm\u00f3 su primer contrato profesional en 2018 e <b>hizo su debut oficial el 29 de noviembre de 2020.<\/b><\/p>\n<h2>Una carrera de ascenso con lesiones graves<\/h2>\n<p>Cuando su carrera iba en ascenso, el destino le jug\u00f3 una mala pasada: en poco m\u00e1s de un a\u00f1o, <b>sufri\u00f3 tres lesiones graves que pusieron en jaque su continuidad.<\/b><\/p>\n<div class=\"iframely-embed medium-embedded-content\" data-html=\"Jmx0O2RpdiZndDsmbHQ7ZGl2IHN0eWxlPSJsZWZ0OiAwOyB3aWR0aDogMTAwJTsgaGVpZ2h0OiAwOyBwb3NpdGlvbjogcmVsYXRpdmU7IHBhZGRpbmctYm90dG9tOiA1Ni4wNDE3JTsiJmd0OyZsdDtpZnJhbWUgc3JjPSJodHRwczovL2lmcmFtZWx5LnBhZ2luYTEyLmNvbS5hci9hcGkvaWZyYW1lP2NsaWNrX3RvX3BsYXk9MSZhbXA7dXJsPWh0dHBzJTNBJTJGJTJGZ2VvLmRhaWx5bW90aW9uLmNvbSUyRnBsYXllciUyRnh0NWVlLmh0bWwlM0Z2aWRlbyUzRHg5dGlncTImYW1wO2tleT00Njc2YjVmZGMwODMyNTdlYTg3ZjcxNjA4Yzc0ZTlmZSIgc3R5bGU9InRvcDogMDsgbGVmdDogMDsgd2lkdGg6IDEwMCU7IGhlaWdodDogMTAwJTsgcG9zaXRpb246IGFic29sdXRlOyBib3JkZXI6IDA7IiBhbGxvd2Z1bGxzY3JlZW4gc2Nyb2xsaW5nPSJubyIgYWxsb3c9ImVuY3J5cHRlZC1tZWRpYSAqOyImZ3Q7Jmx0Oy9pZnJhbWUmZ3Q7Jmx0Oy9kaXYmZ3Q7Jmx0Oy9kaXYmZ3Q7Jmx0O2RpdiBjbGFzcz0ibWVkaXVtLWluc2VydC1lbWJlZHMtbWV0YSImZ3Q7Jmx0O3NjcmlwdCB0eXBlPSJ0ZXh0L2pzb24iJmd0O3sidXJsIjoiaHR0cHM6Ly9nZW8uZGFpbHltb3Rpb24uY29tL3BsYXllci94dDVlZS5odG1sP3ZpZGVvPXg5dGlncTIiLCJ0eXBlIjoidmlkZW8iLCJ2ZXJzaW9uIjoiMS4wIiwidGl0bGUiOiJMYSBlbW9jacOzbiBkZSBaZWJhbGxvcyBkZXNwdcOpcyBkZSBzZXIgb3ZhY2lvbmFkbyBlbiBsYSBCb21ib25lcmEiLCJhdXRob3IiOiJQw6FnaW5hMTIiLCJhdXRob3JfdXJsIjoiaHR0cHM6Ly93d3cuZGFpbHltb3Rpb24uY29tL1BhZ2luYTEyIiwicHJvdmlkZXJfbmFtZSI6IkRhaWx5bW90aW9uIiwiZGVzY3JpcHRpb24iOiJWZXIgTGEgZW1vY2nDs24gZGUgWmViYWxsb3MgZGVzcHXDqXMgZGUgc2VyIG92YWNpb25hZG8gZW4gbGEgQm9tYm9uZXJhIC0gUMOhZ2luYTEyIGVuIERhaWx5bW90aW9uIiwidGh1bWJuYWlsX3VybCI6Imh0dHBzOi8vczIuZG1jZG4ubmV0L3YvWlAyT2cxZjRJVW1LYkMwUS0veDcyMCIsInRodW1ibmFpbF93aWR0aCI6MTI4MCwidGh1bWJuYWlsX2hlaWdodCI6NzIwLCJjYWNoZV9hZ2UiOjg2NDAwfSZsdDsvc2NyaXB0Jmd0OyZsdDsvZGl2Jmd0Ow==\">\n                <a data-iframely-url=\"\" href=\"https:\/\/geo.dailymotion.com\/player\/xt5ee.html?video=x9tigq2\">https:\/\/geo.dailymotion.com\/player\/xt5ee.html?video=x9tigq2<\/a>\n              <\/div>\n<p><b>La primera fue en agosto 2022, en un partido de Copa Argentina contra Agropecuario,<\/b>\u00a0cuando sufri\u00f3 una \u00absindesmosis tibioperonea distal con lesi\u00f3n del ligamento deltoideo\u00bb en el tobillo derecho, tras una dura falta de Milton Leyendeker.<\/p>\n<p><b>La segunda en febrero 2023, Zeballos padeci\u00f3 una rotura del menisco externo de la rodilla izquierda.<\/b><\/p>\n<h3\/>\n<p>Finalmente, en octubre 2023, cuando parec\u00eda recuperarse, una nueva lesi\u00f3n lo sorprendi\u00f3: siete minutos despu\u00e9s de asistir a Miguel Merentiel contra Belgrano, <b>se rompi\u00f3 los ligamentos cruzados y el menisco externo de la rodilla derecha.<\/b><\/p>\n<p>Tras ello, estuvo ausente gran parte de la temporada 2024 y volvi\u00f3 a intensificar entrenamientos reci\u00e9n en mayo de este a\u00f1o.<\/p>\n<h2>La revancha del \u00abChanguito\u00bb<\/h2>\n<p>Pero como el f\u00fatbol siempre da revancha, el \u00abChanguito\u00bb tuvo la suya: <b>este domingo brill\u00f3 en el Supercl\u00e1sico, donde anot\u00f3 un gol y asisti\u00f3 a otro en la victoria de Boca por 2-0.\u00a0<\/b><\/p>\n<h3\/>\n<p>Su actuaci\u00f3n fue destacada por su habilidad y su capacidad para generar goles, lo que no solo fue crucial para la victoria, sino que tambi\u00e9n marc\u00f3 un hito en su carrera.<\/p>\n<p>A poco minutos del final, el t\u00e9cnico Xeneize, Claudio \u00dabeda, decidi\u00f3 sacarlo y <b>Zeballos se llev\u00f3 todos los aplausos. La Bombonera lo ovacion\u00f3 de pie, y en sus ojos &#8211; conmovido hasta las l\u00e1grimas- se reflej\u00f3 la emoci\u00f3n por este buen presente<\/b>, que construy\u00f3 a base de resiliencia.\u00a0<\/p>\n<p><!-- Live Blog Post --><\/div>\n<p><a href=\"https:\/\/www.pagina12.com.ar\/872399-quien-es-zeballos-la-figura-del-superclasico-vital-para-el-t\">source<\/a><\/p>\n","protected":false},"excerpt":{"rendered":"<p>Oscar Exequiel Zeballos, la figura del Supercl\u00e1sico\u00a0ante River en la Bombonera, con un gol y&#8230;<\/p>\n","protected":false},"author":3,"featured_media":25696,"comment_status":"closed","ping_status":"closed","sticky":false,"template":"","format":"standard","meta":{"footnotes":""},"categories":[21],"tags":[],"class_list":["post-25695","post","type-post","status-publish","format-standard","has-post-thumbnail","hentry","category-deportes"],"featured_image_urls":{"full":["https:\/\/fmamiga909.com.ar\/wp-content\/uploads\/2025\/11\/wp-header-logo-94.png",960,540,false],"thumbnail":["https:\/\/fmamiga909.com.ar\/wp-content\/uploads\/2025\/11\/wp-header-logo-94-150x150.png",150,150,true],"medium":["https:\/\/fmamiga909.com.ar\/wp-content\/uploads\/2025\/11\/wp-header-logo-94-300x169.png",300,169,true],"medium_large":["https:\/\/fmamiga909.com.ar\/wp-content\/uploads\/2025\/11\/wp-header-logo-94.png",960,540,false],"large":["https:\/\/fmamiga909.com.ar\/wp-content\/uploads\/2025\/11\/wp-header-logo-94.png",640,360,false],"1536x1536":["https:\/\/fmamiga909.com.ar\/wp-content\/uploads\/2025\/11\/wp-header-logo-94.png",960,540,false],"2048x2048":["https:\/\/fmamiga909.com.ar\/wp-content\/uploads\/2025\/11\/wp-header-logo-94.png",960,540,false],"newsium-slider-full":["https:\/\/fmamiga909.com.ar\/wp-content\/uploads\/2025\/11\/wp-header-logo-94.png",960,540,false],"newsium-featured":["https:\/\/fmamiga909.com.ar\/wp-content\/uploads\/2025\/11\/wp-header-logo-94.png",960,540,false],"newsium-medium":["https:\/\/fmamiga909.com.ar\/wp-content\/uploads\/2025\/11\/wp-header-logo-94-720x475.png",720,475,true]},"author_info":{"display_name":"Fredy Giuliano","author_link":"https:\/\/fmamiga909.com.ar\/?author=3"},"category_info":"<a href=\"https:\/\/fmamiga909.com.ar\/?cat=21\" rel=\"category\">Deportes<\/a>","tag_info":"Deportes","comment_count":"0","_links":{"self":[{"href":"https:\/\/fmamiga909.com.ar\/index.php?rest_route=\/wp\/v2\/posts\/25695","targetHints":{"allow":["GET"]}}],"collection":[{"href":"https:\/\/fmamiga909.com.ar\/index.php?rest_route=\/wp\/v2\/posts"}],"about":[{"href":"https:\/\/fmamiga909.com.ar\/index.php?rest_route=\/wp\/v2\/types\/post"}],"author":[{"embeddable":true,"href":"https:\/\/fmamiga909.com.ar\/index.php?rest_route=\/wp\/v2\/users\/3"}],"replies":[{"embeddable":true,"href":"https:\/\/fmamiga909.com.ar\/index.php?rest_route=%2Fwp%2Fv2%2Fcomments&post=25695"}],"version-history":[{"count":0,"href":"https:\/\/fmamiga909.com.ar\/index.php?rest_route=\/wp\/v2\/posts\/25695\/revisions"}],"wp:featuredmedia":[{"embeddable":true,"href":"https:\/\/fmamiga909.com.ar\/index.php?rest_route=\/wp\/v2\/media\/25696"}],"wp:attachment":[{"href":"https:\/\/fmamiga909.com.ar\/index.php?rest_route=%2Fwp%2Fv2%2Fmedia&parent=25695"}],"wp:term":[{"taxonomy":"category","embeddable":true,"href":"https:\/\/fmamiga909.com.ar\/index.php?rest_route=%2Fwp%2Fv2%2Fcategories&post=25695"},{"taxonomy":"post_tag","embeddable":true,"href":"https:\/\/fmamiga909.com.ar\/index.php?rest_route=%2Fwp%2Fv2%2Ftags&post=25695"}],"curies":[{"name":"wp","href":"https:\/\/api.w.org\/{rel}","templated":true}]}}