{"id":25718,"date":"2025-11-10T21:45:33","date_gmt":"2025-11-10T21:45:33","guid":{"rendered":"https:\/\/fmamiga909.com.ar\/?p=25718"},"modified":"2025-11-10T21:45:33","modified_gmt":"2025-11-10T21:45:33","slug":"seleccion-argentina-practica-en-espana-bajas-varias-y-una-cara-nueva","status":"publish","type":"post","link":"https:\/\/fmamiga909.com.ar\/?p=25718","title":{"rendered":"Selecci\u00f3n Argentina: pr\u00e1ctica en Espa\u00f1a, bajas varias y una cara nueva"},"content":{"rendered":"<div><!-- Body --><\/p>\n<p>La Selecci\u00f3n Nacional se reencontr\u00f3 este lunes en la que fue su primera pr\u00e1ctica de cara al amistoso del viernes ante Angola. La locaci\u00f3n elegida fue el predio deportivo de La Finca, en Alicante, Espa\u00f1a, donde el plantel conducido por Lionel Scaloni trabajar\u00e1 hasta el jueves, previo al viaje hacia Luanda, capital angole\u00f1a.<\/p>\n<p>Las novedades de la jornada pasaron por el lado de los convocados, ya que la AFA inform\u00f3 en la previa la desafectaci\u00f3n de cuatro jugadores y la sumatoria de otro. Entre las bajas estuvieron Enzo Fern\u00e1ndez (Chelsea; lesionado) y Nahuel Molina, Juli\u00e1n Alvarez y Giuliano Simeone, tres del Atl\u00e9tico de Madrid que llegaron a realizar en los tiempos correspondientes los tr\u00e1mites sanitarios vinculados a la vacuna de la fiebre amarilla, requisito para entrar al pa\u00eds africano.<\/p>\n<p>En oposici\u00f3n, quien fue convocado a \u00faltima hora fue el atacante marplatense Emiliano Buend\u00eda, de buen presente en Aston Villa y quien viene de hacer un gol de tiro libre en la Premier League.<\/p>\n<p>El amistoso entre Argentina y Angola se jugar\u00e1 el viernes a las 13 en el estadio 11 de noviembre en Luanda.<\/p>\n<p>Mientras tanto, aprovechando su estad\u00eda en Espa\u00f1a, Messi pas\u00f3 por el Camp Nou de Barcelona -todav\u00eda en instancia de refacciones- en una visita no coordinada con la dirigencia del club catal\u00e1n y sorprendi\u00f3 con un posteo en sus redes sociales en el que abri\u00f3 la posibilidad de un regreso, tanto de futbolista como dirigente o entrenador.<\/p>\n<p>\u201cAnoche volv\u00ed a un lugar que extra\u00f1o con el alma. Un lugar donde fui inmensamente feliz, donde ustedes me hicieron sentir mil veces la persona m\u00e1s feliz del mundo. Ojal\u00e1 alg\u00fan d\u00eda pueda volver, y no s\u00f3lo para despedirme como jugador, como nunca pude hacerlo\u201d, public\u00f3 el rosarino en su cuenta de Instagram.<\/p>\n<p>Este mensaje se produce tres d\u00edas de que el presidente del Bar\u00e7a, Joan Laporta, dejara abierta la puerta a un homenaje a Messi cuando el estadio est\u00e9 completamente terminado, en 2026.<\/p>\n<p><!-- Live Blog Post --><\/div>\n<p><a href=\"https:\/\/www.pagina12.com.ar\/872549-seleccion-argentina-practica-en-espana-bajas-varias-y-una-ca\">source<\/a><\/p>\n","protected":false},"excerpt":{"rendered":"<p>La Selecci\u00f3n Nacional se reencontr\u00f3 este lunes en la que fue su primera pr\u00e1ctica de&#8230;<\/p>\n","protected":false},"author":3,"featured_media":25719,"comment_status":"closed","ping_status":"closed","sticky":false,"template":"","format":"standard","meta":{"footnotes":""},"categories":[21],"tags":[],"class_list":["post-25718","post","type-post","status-publish","format-standard","has-post-thumbnail","hentry","category-deportes"],"featured_image_urls":{"full":["https:\/\/fmamiga909.com.ar\/wp-content\/uploads\/2025\/11\/wp-header-logo-105.png",960,540,false],"thumbnail":["https:\/\/fmamiga909.com.ar\/wp-content\/uploads\/2025\/11\/wp-header-logo-105-150x150.png",150,150,true],"medium":["https:\/\/fmamiga909.com.ar\/wp-content\/uploads\/2025\/11\/wp-header-logo-105-300x169.png",300,169,true],"medium_large":["https:\/\/fmamiga909.com.ar\/wp-content\/uploads\/2025\/11\/wp-header-logo-105.png",960,540,false],"large":["https:\/\/fmamiga909.com.ar\/wp-content\/uploads\/2025\/11\/wp-header-logo-105.png",640,360,false],"1536x1536":["https:\/\/fmamiga909.com.ar\/wp-content\/uploads\/2025\/11\/wp-header-logo-105.png",960,540,false],"2048x2048":["https:\/\/fmamiga909.com.ar\/wp-content\/uploads\/2025\/11\/wp-header-logo-105.png",960,540,false],"newsium-slider-full":["https:\/\/fmamiga909.com.ar\/wp-content\/uploads\/2025\/11\/wp-header-logo-105.png",960,540,false],"newsium-featured":["https:\/\/fmamiga909.com.ar\/wp-content\/uploads\/2025\/11\/wp-header-logo-105.png",960,540,false],"newsium-medium":["https:\/\/fmamiga909.com.ar\/wp-content\/uploads\/2025\/11\/wp-header-logo-105-720x475.png",720,475,true]},"author_info":{"display_name":"Fredy Giuliano","author_link":"https:\/\/fmamiga909.com.ar\/?author=3"},"category_info":"<a href=\"https:\/\/fmamiga909.com.ar\/?cat=21\" rel=\"category\">Deportes<\/a>","tag_info":"Deportes","comment_count":"0","_links":{"self":[{"href":"https:\/\/fmamiga909.com.ar\/index.php?rest_route=\/wp\/v2\/posts\/25718","targetHints":{"allow":["GET"]}}],"collection":[{"href":"https:\/\/fmamiga909.com.ar\/index.php?rest_route=\/wp\/v2\/posts"}],"about":[{"href":"https:\/\/fmamiga909.com.ar\/index.php?rest_route=\/wp\/v2\/types\/post"}],"author":[{"embeddable":true,"href":"https:\/\/fmamiga909.com.ar\/index.php?rest_route=\/wp\/v2\/users\/3"}],"replies":[{"embeddable":true,"href":"https:\/\/fmamiga909.com.ar\/index.php?rest_route=%2Fwp%2Fv2%2Fcomments&post=25718"}],"version-history":[{"count":0,"href":"https:\/\/fmamiga909.com.ar\/index.php?rest_route=\/wp\/v2\/posts\/25718\/revisions"}],"wp:featuredmedia":[{"embeddable":true,"href":"https:\/\/fmamiga909.com.ar\/index.php?rest_route=\/wp\/v2\/media\/25719"}],"wp:attachment":[{"href":"https:\/\/fmamiga909.com.ar\/index.php?rest_route=%2Fwp%2Fv2%2Fmedia&parent=25718"}],"wp:term":[{"taxonomy":"category","embeddable":true,"href":"https:\/\/fmamiga909.com.ar\/index.php?rest_route=%2Fwp%2Fv2%2Fcategories&post=25718"},{"taxonomy":"post_tag","embeddable":true,"href":"https:\/\/fmamiga909.com.ar\/index.php?rest_route=%2Fwp%2Fv2%2Ftags&post=25718"}],"curies":[{"name":"wp","href":"https:\/\/api.w.org\/{rel}","templated":true}]}}