{"id":25923,"date":"2026-03-03T18:30:07","date_gmt":"2026-03-03T18:30:07","guid":{"rendered":"https:\/\/fmamiga909.com.ar\/?p=25923"},"modified":"2026-03-03T18:30:07","modified_gmt":"2026-03-03T18:30:07","slug":"brasil-pierde-a-una-figura-para-el-mundial-rodrygo-se-rompio-los-ligamentos","status":"publish","type":"post","link":"https:\/\/fmamiga909.com.ar\/?p=25923","title":{"rendered":"Brasil pierde a una figura para el Mundial: Rodrygo se rompi\u00f3 los ligamentos"},"content":{"rendered":"<p><time class=\"createDate\" datetime=\"2026-03-03T13:55:16-03:00\">03\/03\/2026 13:55hs.<\/time><\/p>\n<div id=\"storyBody\">\n<div id=\"element-body-0\" class=\"sc-136cd478-0 ekTCfV\">\n<p><strong><a href=\"https:\/\/www.ole.com.ar\/tema\/brasil.html\" title=\"Brasil\" alt=\"Brasil\" class=\"slug\">Brasil<\/a><\/strong> pierde a una de sus cartas m\u00e1s fuertes a pocos meses de la <strong><a href=\"https:\/\/www.ole.com.ar\/tema\/copa-del-mundo.html\" title=\"Copa del Mundo\" alt=\"Copa del Mundo\" class=\"slug\">Copa del Mundo<\/a><\/strong>. <strong><a href=\"https:\/\/www.ole.com.ar\/tema\/rodrygo.html\" title=\"Rodrygo\" alt=\"Rodrygo\" class=\"slug\">Rodrygo<\/a> Goes<\/strong> sufri\u00f3 la rotura del ligamento cruzado anterior y del menisco de la rodilla derecha, y qued\u00f3 autom\u00e1ticamente descartado para el Mundial 2026. La noticia es un baldazo de agua fr\u00eda tanto para la selecci\u00f3n como para <strong><a href=\"https:\/\/www.ole.com.ar\/tema\/real-madrid.html\" title=\"Real Madrid\" alt=\"Real Madrid\" class=\"slug\">Real Madrid<\/a><\/strong>, que confirm\u00f3 el parte m\u00e9dico este martes.<\/p>\n<\/div>\n<div id=\"element-body-1\" class=\"sc-136cd478-0 ekTCfV\">\n<p>\u00abTras las pruebas realizadas hoy a nuestro jugador Rodrygo por los Servicios M\u00e9dicos del Real Madrid se le ha diagnosticado la rotura del ligamento cruzado anterior y la rotura del menisco externo de la pierna derecha\u00bb, public\u00f3 el Merengue.<\/p>\n<\/div>\n<div id=\"element-body-2\" class=\"sc-136cd478-0 ekTCfV\">\n<p>El delantero, pieza habitual en las convocatorias de la Verdeamarela, hab\u00eda sentido molestias durante la ca\u00edda del conjunto espa\u00f1ol frente al Getafe. Los estudios posteriores no dejaron margen para la esperanza: lesi\u00f3n ligamentaria grave y temporada terminada.<\/p>\n<\/div>\n<p><h2><strong>La jugada que alerto a Rodrygo<\/strong><\/h2>\n<\/p>\n<div id=\"element-body-4\" class=\"sc-136cd478-0 ekTCfV\">\n<p>El episodio ocurri\u00f3 en el Santiago Bernab\u00e9u. En el partido del lunes ante el <strong><a href=\"https:\/\/www.ole.com.ar\/tema\/getafe.html\" title=\"getafe\" alt=\"getafe\" class=\"slug\">Getafe<\/a><\/strong>, Rodrygo ingres\u00f3 en el segundo tiempo y, en una acci\u00f3n sin contacto fuerte, qued\u00f3 tendido con claros gestos de dolor. Si bien logr\u00f3 continuar hasta el final del encuentro, las sensaciones no eran buenas. Horas m\u00e1s tarde, los estudios confirmaron el peor diagn\u00f3stico.<\/p>\n<\/div>\n<div class=\"sc-e7b891c4-0 ifHnQL image-embed\" id=\"element-body-5\"><img alt=\"Rodrygo en el Bernab\u00e9u. (foto: EFE) \" loading=\"lazy\" width=\"720\" height=\"100\" decoding=\"async\" data-nimg=\"1\" style=\"color:transparent\" src=\"https:\/\/fmamiga909.com.ar\/wp-content\/uploads\/2026\/03\/OxpNpeLvW_720x0__1.jpg\"\/><span class=\"epigraphe\">Rodrygo en el Bernab\u00e9u. (foto: EFE) <\/span><\/div>\n<div id=\"element-body-6\" class=\"sc-136cd478-0 ekTCfV\">\n<p>No es un detalle menor: antes de ese encuentro, el delantero ven\u00eda de superar una tendinitis que lo hab\u00eda marginado durante varias semanas. <\/p>\n<\/div>\n<div id=\"element-body-7\" class=\"sc-136cd478-0 ekTCfV\">\n<p>La rotura del ligamento cruzado anterior es una de las lesiones m\u00e1s temidas en el f\u00fatbol de elite. <strong> Los tiempos de recuperaci\u00f3n suelen oscilar entre seis y 12 meses<\/strong>, dependiendo de la evoluci\u00f3n y del proceso de rehabilitaci\u00f3n. En este escenario, <strong> su presencia en la Copa del Mundo queda totalmente descartada.<\/strong><\/p>\n<\/div>\n<p><h2><strong>Respaldo oficial y el vac\u00edo que deja en la Verdeamarela<\/strong><\/h2>\n<\/p>\n<div id=\"element-body-9\" class=\"sc-136cd478-0 ekTCfV\">\n<p>La noticia gener\u00f3 impacto inmediato en la concentraci\u00f3n de la Canarihna. Apenas se confirm\u00f3 el diagn\u00f3stico, la Confederaci\u00f3n emiti\u00f3 un comunicado oficial respaldando al futbolista y lamentando su situaci\u00f3n.<\/p>\n<\/div>\n<div id=\"element-body-10\" class=\"sc-136cd478-0 ekTCfV\">\n<p><strong>\u00abLa Confederaci\u00f3n Brasile\u00f1a de F\u00fatbol (CBF) expresa su solidaridad con Rodrygo Goes, delantero del Real Madrid y de la Selecci\u00f3n Brasile\u00f1a, quien sufri\u00f3 una grave lesi\u00f3n durante el partido contra el Getafe en La Liga.<\/strong> Rodrygo sufri\u00f3 una rotura del ligamento cruzado anterior y del menisco externo de la rodilla derecha. La CBF le desea al jugador una pronta recuperaci\u00f3n y un regreso a las canchas lo antes posible\u00bb, public\u00f3.<\/p>\n<\/div>\n<div id=\"element-body-11\" class=\"sc-136cd478-0 ekTCfV\">\n<p>La selecci\u00f3n ten\u00eda en Rodrygo a uno de sus nombres fijos en ofensiva. Con regularidad en las convocatorias recientes, hab\u00eda sido titular en la mayor\u00eda de los \u00faltimos amistosos internacionales y aportado goles y asistencias.<\/p>\n<\/div>\n<div id=\"element-body-12\" class=\"sc-136cd478-0 ekTCfV\">\n<p>A sus 25 a\u00f1os, el ex Santos atraviesa su s\u00e9ptima campa\u00f1a en el club espa\u00f1ol y se hab\u00eda consolidado como una alternativa en el frente de ataque. Brasil competir\u00e1 en el Mundial que se disputar\u00e1 en Estados Unidos, Canad\u00e1 y M\u00e9xico con la obligaci\u00f3n hist\u00f3rica de pelear el t\u00edtulo. La baja de Rodrygo obliga a replantear variantes en una zona sensible del equipo. <strong>\u00bfSe le abre una puertita a <a href=\"https:\/\/www.ole.com.ar\/tema\/neymar.html\" title=\"Neymar\" alt=\"Neymar\" class=\"slug\">Neymar<\/a> en el elenco que dirige Ancelotti?<\/strong><\/p>\n<\/div>\n<div id=\"element-body-13\" class=\"sc-136cd478-0 ekTCfV\">\n<p><strong>Por ahora no hay fecha confirmada para la cirug\u00eda<\/strong>, aunque se espera que en los pr\u00f3ximos d\u00edas se defina el procedimiento y el inicio formal de la recuperaci\u00f3n. Lo concreto es que el Mundial ya no est\u00e1 en su horizonte inmediato. Un golpe dur\u00edsimo para el jugador y para todo Brasil.<\/p>\n<\/div>\n<div class=\"sc-e7b891c4-0 ifHnQL image-embed\" id=\"element-body-14\"><img alt=\"Rodrygo quedar\u00e1 out del Mundial. (foto: REUTER) \" loading=\"lazy\" width=\"720\" height=\"100\" decoding=\"async\" data-nimg=\"1\" style=\"color:transparent\" src=\"https:\/\/fmamiga909.com.ar\/wp-content\/uploads\/2026\/03\/vJJBfdmvx_720x0__1.jpg\"\/><span class=\"epigraphe\">Rodrygo quedar\u00e1 out del Mundial. (foto: REUTER) <\/span><\/div>\n<div id=\"element-body-15\" class=\"sc-a7166897-0 eoLsBE\"><a href=\"https:\/\/www.ole.com.ar\/futbol-internacional\/yamal-look-anteojos-barcelona-atletico-madrid_0_wzkTc8xxAa.html\" aria-label=\"El look intelectual de Lamine Yamal para tratar de dar vuelta un 0-4 en Copa del Rey\" class=\"sc-3c11979e-0 dqpgzy\"\/><\/p>\n<section><picture><img alt=\"El look intelectual de Lamine Yamal para tratar de dar vuelta un 0-4 en Copa del Rey\" loading=\"lazy\" width=\"290\" height=\"290\" decoding=\"async\" data-nimg=\"1\" style=\"color:transparent\" src=\"https:\/\/fmamiga909.com.ar\/wp-content\/uploads\/2026\/03\/1772562606_894_7T6stXDWJ_290x290__1.jpg\"\/><\/picture>\n<p><span>Mir\u00e1 tambi\u00e9n<\/span><\/p>\n<hr\/>\n<h3>El look intelectual de Lamine Yamal para tratar de dar vuelta un 0-4 en Copa del Rey<\/h3>\n<\/p>\n<\/section>\n<\/div>\n<div id=\"element-body-16\" class=\"sc-a7166897-0 eoLsBE\"><a href=\"https:\/\/www.ole.com.ar\/independiente-rivadavia\/daniel-vila-super-pelea-sebastian-villa-nadie-llamo-boca-dependera-river_0_9D4IHUSQ2U.html\" aria-label=\"Daniel Vila y la S\u00faper pelea por Villa: del &quot;nadie llam\u00f3 de Boca&quot; al &quot;depender\u00e1 de River...&quot;\" class=\"sc-3c11979e-0 dqpgzy\"\/><\/p>\n<section><picture><img alt=\"Daniel Vila y la S\u00faper pelea por Villa: del &quot;nadie llam\u00f3 de Boca&quot; al &quot;depender\u00e1 de River...&quot;\" loading=\"lazy\" width=\"290\" height=\"290\" decoding=\"async\" data-nimg=\"1\" style=\"color:transparent\" src=\"https:\/\/fmamiga909.com.ar\/wp-content\/uploads\/2026\/03\/66O4cjcsb_290x290__1.jpg\"\/><\/picture>\n<p><span>Mir\u00e1 tambi\u00e9n<\/span><\/p>\n<hr\/>\n<h3>Daniel Vila y la S\u00faper pelea por Villa: del \u00abnadie llam\u00f3 de Boca\u00bb al \u00abdepender\u00e1 de River&#8230;\u00bb<\/h3>\n<\/p>\n<\/section>\n<\/div>\n<div id=\"element-body-17\" class=\"sc-a7166897-0 eoLsBE\"><a href=\"https:\/\/www.ole.com.ar\/fuera-de-juego\/particular-nuevo-video-chicharito-hernandez-se-viralizo-redes-sociales_0_q3GQvFMXoA.html\" aria-label=\"El particular nuevo video de Chicharito que se viraliz\u00f3 en redes sociales: &quot;Eres un p\u00e9simo futbolista&quot;\" class=\"sc-3c11979e-0 dqpgzy\"\/><\/p>\n<section><picture><img alt=\"El particular nuevo video de Chicharito que se viraliz\u00f3 en redes sociales: &quot;Eres un p\u00e9simo futbolista&quot;\" loading=\"lazy\" width=\"290\" height=\"290\" decoding=\"async\" data-nimg=\"1\" style=\"color:transparent\" src=\"https:\/\/fmamiga909.com.ar\/wp-content\/uploads\/2026\/03\/LAWRe2Hhk_290x290__1.jpg\"\/><\/picture>\n<p><span>Mir\u00e1 tambi\u00e9n<\/span><\/p>\n<hr\/>\n<h3>El particular nuevo video de Chicharito que se viraliz\u00f3 en redes sociales: \u00abEres un p\u00e9simo futbolista\u00bb<\/h3>\n<\/p>\n<\/section>\n<\/div>\n<\/div>\n<p><a href=\"https:\/\/www.ole.com.ar\/futbol-internacional\/america\/brasil-rodrygo-rodilla-ligamentos-rotura-mundial-copa-mundo-afuera-lesion-baja-brasil-pierde-mundial_0_8sQFRwcHSv.html\">source<\/a><\/p>\n","protected":false},"excerpt":{"rendered":"<p>03\/03\/2026 13:55hs. Brasil pierde a una de sus cartas m\u00e1s fuertes a pocos meses de&#8230;<\/p>\n","protected":false},"author":3,"featured_media":25924,"comment_status":"closed","ping_status":"closed","sticky":false,"template":"","format":"standard","meta":{"footnotes":""},"categories":[21],"tags":[],"class_list":["post-25923","post","type-post","status-publish","format-standard","has-post-thumbnail","hentry","category-deportes"],"featured_image_urls":{"full":["https:\/\/fmamiga909.com.ar\/wp-content\/uploads\/2026\/03\/wp-header-logo-13.png",720,480,false],"thumbnail":["https:\/\/fmamiga909.com.ar\/wp-content\/uploads\/2026\/03\/wp-header-logo-13-150x150.png",150,150,true],"medium":["https:\/\/fmamiga909.com.ar\/wp-content\/uploads\/2026\/03\/wp-header-logo-13-300x200.png",300,200,true],"medium_large":["https:\/\/fmamiga909.com.ar\/wp-content\/uploads\/2026\/03\/wp-header-logo-13.png",720,480,false],"large":["https:\/\/fmamiga909.com.ar\/wp-content\/uploads\/2026\/03\/wp-header-logo-13.png",640,427,false],"1536x1536":["https:\/\/fmamiga909.com.ar\/wp-content\/uploads\/2026\/03\/wp-header-logo-13.png",720,480,false],"2048x2048":["https:\/\/fmamiga909.com.ar\/wp-content\/uploads\/2026\/03\/wp-header-logo-13.png",720,480,false],"newsium-slider-full":["https:\/\/fmamiga909.com.ar\/wp-content\/uploads\/2026\/03\/wp-header-logo-13.png",720,480,false],"newsium-featured":["https:\/\/fmamiga909.com.ar\/wp-content\/uploads\/2026\/03\/wp-header-logo-13.png",720,480,false],"newsium-medium":["https:\/\/fmamiga909.com.ar\/wp-content\/uploads\/2026\/03\/wp-header-logo-13-720x475.png",720,475,true]},"author_info":{"display_name":"Fredy Giuliano","author_link":"https:\/\/fmamiga909.com.ar\/?author=3"},"category_info":"<a href=\"https:\/\/fmamiga909.com.ar\/?cat=21\" rel=\"category\">Deportes<\/a>","tag_info":"Deportes","comment_count":"0","_links":{"self":[{"href":"https:\/\/fmamiga909.com.ar\/index.php?rest_route=\/wp\/v2\/posts\/25923","targetHints":{"allow":["GET"]}}],"collection":[{"href":"https:\/\/fmamiga909.com.ar\/index.php?rest_route=\/wp\/v2\/posts"}],"about":[{"href":"https:\/\/fmamiga909.com.ar\/index.php?rest_route=\/wp\/v2\/types\/post"}],"author":[{"embeddable":true,"href":"https:\/\/fmamiga909.com.ar\/index.php?rest_route=\/wp\/v2\/users\/3"}],"replies":[{"embeddable":true,"href":"https:\/\/fmamiga909.com.ar\/index.php?rest_route=%2Fwp%2Fv2%2Fcomments&post=25923"}],"version-history":[{"count":0,"href":"https:\/\/fmamiga909.com.ar\/index.php?rest_route=\/wp\/v2\/posts\/25923\/revisions"}],"wp:featuredmedia":[{"embeddable":true,"href":"https:\/\/fmamiga909.com.ar\/index.php?rest_route=\/wp\/v2\/media\/25924"}],"wp:attachment":[{"href":"https:\/\/fmamiga909.com.ar\/index.php?rest_route=%2Fwp%2Fv2%2Fmedia&parent=25923"}],"wp:term":[{"taxonomy":"category","embeddable":true,"href":"https:\/\/fmamiga909.com.ar\/index.php?rest_route=%2Fwp%2Fv2%2Fcategories&post=25923"},{"taxonomy":"post_tag","embeddable":true,"href":"https:\/\/fmamiga909.com.ar\/index.php?rest_route=%2Fwp%2Fv2%2Ftags&post=25923"}],"curies":[{"name":"wp","href":"https:\/\/api.w.org\/{rel}","templated":true}]}}