{"id":32623,"date":"2026-04-26T08:35:22","date_gmt":"2026-04-26T08:35:22","guid":{"rendered":"https:\/\/fmamiga909.com.ar\/?p=32623"},"modified":"2026-04-26T08:35:22","modified_gmt":"2026-04-26T08:35:22","slug":"video-kendry-paez-anoto-su-primer-gol-en-river","status":"publish","type":"post","link":"https:\/\/fmamiga909.com.ar\/?p=32623","title":{"rendered":"Video: Kendry P\u00e1ez anot\u00f3 su primer gol en River"},"content":{"rendered":"<p><time class=\"createDate\" datetime=\"2026-04-25T23:56:50-03:00\">25\/04\/2026 23:56hs.<\/time><\/p>\n<div id=\"storyBody\">\n<div id=\"element-body-0\" class=\"sc-136cd478-0 ekTCfV\">\n<p>Lo esper\u00f3. Lo dese\u00f3. Lo so\u00f1\u00f3. Y finalmente se le dio. En su octavo partido en <strong><a href=\"https:\/\/www.ole.com.ar\/tema\/river-plate.html\" title=\"River Plate\" alt=\"River Plate\" class=\"slug\">River<\/a><\/strong>, <strong><a href=\"https:\/\/www.ole.com.ar\/tema\/kendry-paez.html\" title=\"Kendry P\u00e1ez\" alt=\"Kendry P\u00e1ez\" class=\"slug\">Kendry P\u00e1ez<\/a><\/strong> se sac\u00f3 la mufa y logr\u00f3 convertir su tan ansiado primer gol. Uno que si bien no festej\u00f3 tanto porque fue en el \u00faltimo minuto contra <strong>Aldosivi <\/strong> y sirvi\u00f3 para redondear este 3-1 final, <strong>sin dudas le vendr\u00e1 m\u00e1s que bien a futuro: es un shock de confianza clave para encarar la parte final del semestre previa al Mundial.<\/strong><\/p>\n<\/div>\n<div id=\"element-body-1\" class=\"sc-136cd478-0 ekTCfV\">\n<p>S\u00ed, porque a sus 18 a\u00f1os, cuenta con amplias chances de estar en Norteam\u00e9rica en junio con la selecci\u00f3n ecuatoriana. Pero antes, est\u00e1 en plena b\u00fasqueda de ese explosivo nivel que lo llev\u00f3 a una muy temprana venta a Europa y a este pr\u00e9stamo desde el Chelsea <strong>que gener\u00f3 mucha ilusi\u00f3n en los hinchas en este verano. Y, de a poco, lo viene logrando.<\/strong><\/p>\n<\/div>\n<div id=\"element-body-2\" class=\"sc-136cd478-0 ekTCfV\">\n<p>Con buenos ingresos de la mano del <strong>Chacho Coudet<\/strong>, contra <strong>Carabobo<\/strong> hab\u00eda aportado su <strong>primera participaci\u00f3n goleadora<\/strong> desde su llegada a Argentina (asistencia a Driussi): aquella actuaci\u00f3n, de hecho, fue tan determinante que lo meti\u00f3 como titular en el supercl\u00e1sico. Y ahora, apenas nueve minutos en cancha m\u00e1s el descuento le alcanzaron para festejar con una definici\u00f3n deluxe: <strong>tras un muy buen pase filtrado de Colidio y una corrida con habilitaci\u00f3n de Freitas, el chico enganch\u00f3 de zurda y la coloc\u00f3 en el \u00e1ngulo.<\/strong><\/p>\n<\/div>\n<div id=\"element-body-3\" class=\"sc-136cd478-0 ekTCfV\">\n<p>La celebraci\u00f3n fue a su estilo: esper\u00f3 a que llegara su asistidor para hacer un bailecito que demuestra el buen semblante que suele tener Kendry en la diaria. Y que estaba esperando: <strong>no anotaba desde el 21 de septiembre del a\u00f1o pasado en un partido contra el Par\u00eds FC<\/strong>, cuando todav\u00eda vest\u00eda la camiseta del <strong>Racing de Estrasburgo<\/strong>.<\/p>\n<\/div>\n<div class=\"sc-e7b891c4-0 ifHnQL image-embed\" id=\"element-body-4\"><img alt=\"El festejo de Kendry con Freitas (Juano Tesone). \" loading=\"lazy\" width=\"720\" height=\"100\" decoding=\"async\" data-nimg=\"1\" style=\"color:transparent\" src=\"https:\/\/fmamiga909.com.ar\/wp-content\/uploads\/2026\/04\/uBseDk7yE_720x0__1.jpg\"\/><span class=\"epigraphe\">El festejo de Kendry con Freitas (Juano Tesone). <\/span><\/div>\n<p><h2><strong>El gol de Kendry P\u00e1ez<\/strong><\/h2>\n<\/p>\n<div id=\"element-body-7\" class=\"sc-a7166897-0 eoLsBE\"><a href=\"https:\/\/www.ole.com.ar\/river-plate\/river-aldosivi-monumental-partido-figura_0_RJgkMyd6Lf.html\" aria-label=\"El uno por uno de River ante Aldosivi\" class=\"sc-3c11979e-0 dqpgzy\"\/><\/p>\n<section><picture><img alt=\"El uno por uno de River ante Aldosivi\" loading=\"lazy\" width=\"290\" height=\"290\" decoding=\"async\" data-nimg=\"1\" style=\"color:transparent\" src=\"https:\/\/fmamiga909.com.ar\/wp-content\/uploads\/2026\/04\/Qyqe4uZb-_290x290__1.jpg\"\/><\/picture>\n<p><span>Mir\u00e1 tambi\u00e9n<\/span><\/p>\n<hr\/>\n<h3>El uno por uno de River ante Aldosivi<\/h3>\n<\/p>\n<\/section>\n<\/div>\n<div id=\"element-body-8\" class=\"sc-a7166897-0 eoLsBE\"><a href=\"https:\/\/www.ole.com.ar\/river-plate\/lucas-silva-debuto-juvenil-coudet-river_0_DtrScFRDxT.html\" aria-label=\"El ins\u00f3lito debut de Lucas Silva en River: \u00a1entr\u00f3 y termin\u00f3 el partido!\" class=\"sc-3c11979e-0 dqpgzy\"\/><\/p>\n<section><picture><img alt=\"El ins\u00f3lito debut de Lucas Silva en River: \u00a1entr\u00f3 y termin\u00f3 el partido!\" loading=\"lazy\" width=\"290\" height=\"290\" decoding=\"async\" data-nimg=\"1\" style=\"color:transparent\" src=\"https:\/\/fmamiga909.com.ar\/wp-content\/uploads\/2026\/04\/AcpucXCvC_290x290__1.jpg\"\/><\/picture>\n<p><span>Mir\u00e1 tambi\u00e9n<\/span><\/p>\n<hr\/>\n<h3>El ins\u00f3lito debut de Lucas Silva en River: \u00a1entr\u00f3 y termin\u00f3 el partido!<\/h3>\n<\/p>\n<\/section>\n<\/div>\n<div id=\"element-body-9\" class=\"sc-a7166897-0 eoLsBE\"><a href=\"https:\/\/www.ole.com.ar\/river-plate\/river-plate-pasar-puntero-torneo-apertura_0_k0TuAlijyF.html\" aria-label=\"Despu\u00e9s del triunfo frente a Aldosivi, qu\u00e9 necesita River para definir todos los partidos de playoffs en el Monumental\" class=\"sc-3c11979e-0 dqpgzy\"\/><\/p>\n<section><picture><img alt=\"Despu\u00e9s del triunfo frente a Aldosivi, qu\u00e9 necesita River para definir todos los partidos de playoffs en el Monumental\" loading=\"lazy\" width=\"290\" height=\"290\" decoding=\"async\" data-nimg=\"1\" style=\"color:transparent\" src=\"https:\/\/fmamiga909.com.ar\/wp-content\/uploads\/2026\/04\/KmP0dfqbT_290x290__1.jpg\"\/><\/picture>\n<p><span>Mir\u00e1 tambi\u00e9n<\/span><\/p>\n<hr\/>\n<h3>Despu\u00e9s del triunfo frente a Aldosivi, qu\u00e9 necesita River para definir todos los partidos de playoffs en el Monumental<\/h3>\n<\/p>\n<\/section>\n<\/div>\n<\/div>\n<p><a href=\"https:\/\/www.ole.com.ar\/river-plate\/river-aldosivi-apertura-monumental-kendry-paez-gol_0_wf3CbwKVZM.html\">source<\/a><\/p>\n","protected":false},"excerpt":{"rendered":"<p>25\/04\/2026 23:56hs. Lo esper\u00f3. Lo dese\u00f3. Lo so\u00f1\u00f3. Y finalmente se le dio. En su&#8230;<\/p>\n","protected":false},"author":3,"featured_media":32624,"comment_status":"closed","ping_status":"closed","sticky":false,"template":"","format":"standard","meta":{"footnotes":""},"categories":[21],"tags":[],"class_list":["post-32623","post","type-post","status-publish","format-standard","has-post-thumbnail","hentry","category-deportes"],"featured_image_urls":{"full":["https:\/\/fmamiga909.com.ar\/wp-content\/uploads\/2026\/04\/wp-header-logo-496.png",720,479,false],"thumbnail":["https:\/\/fmamiga909.com.ar\/wp-content\/uploads\/2026\/04\/wp-header-logo-496-150x150.png",150,150,true],"medium":["https:\/\/fmamiga909.com.ar\/wp-content\/uploads\/2026\/04\/wp-header-logo-496-300x200.png",300,200,true],"medium_large":["https:\/\/fmamiga909.com.ar\/wp-content\/uploads\/2026\/04\/wp-header-logo-496.png",720,479,false],"large":["https:\/\/fmamiga909.com.ar\/wp-content\/uploads\/2026\/04\/wp-header-logo-496.png",640,426,false],"1536x1536":["https:\/\/fmamiga909.com.ar\/wp-content\/uploads\/2026\/04\/wp-header-logo-496.png",720,479,false],"2048x2048":["https:\/\/fmamiga909.com.ar\/wp-content\/uploads\/2026\/04\/wp-header-logo-496.png",720,479,false],"newsium-slider-full":["https:\/\/fmamiga909.com.ar\/wp-content\/uploads\/2026\/04\/wp-header-logo-496.png",720,479,false],"newsium-featured":["https:\/\/fmamiga909.com.ar\/wp-content\/uploads\/2026\/04\/wp-header-logo-496.png",720,479,false],"newsium-medium":["https:\/\/fmamiga909.com.ar\/wp-content\/uploads\/2026\/04\/wp-header-logo-496-720x475.png",720,475,true]},"author_info":{"display_name":"Fredy Giuliano","author_link":"https:\/\/fmamiga909.com.ar\/?author=3"},"category_info":"<a href=\"https:\/\/fmamiga909.com.ar\/?cat=21\" rel=\"category\">Deportes<\/a>","tag_info":"Deportes","comment_count":"0","_links":{"self":[{"href":"https:\/\/fmamiga909.com.ar\/index.php?rest_route=\/wp\/v2\/posts\/32623","targetHints":{"allow":["GET"]}}],"collection":[{"href":"https:\/\/fmamiga909.com.ar\/index.php?rest_route=\/wp\/v2\/posts"}],"about":[{"href":"https:\/\/fmamiga909.com.ar\/index.php?rest_route=\/wp\/v2\/types\/post"}],"author":[{"embeddable":true,"href":"https:\/\/fmamiga909.com.ar\/index.php?rest_route=\/wp\/v2\/users\/3"}],"replies":[{"embeddable":true,"href":"https:\/\/fmamiga909.com.ar\/index.php?rest_route=%2Fwp%2Fv2%2Fcomments&post=32623"}],"version-history":[{"count":0,"href":"https:\/\/fmamiga909.com.ar\/index.php?rest_route=\/wp\/v2\/posts\/32623\/revisions"}],"wp:featuredmedia":[{"embeddable":true,"href":"https:\/\/fmamiga909.com.ar\/index.php?rest_route=\/wp\/v2\/media\/32624"}],"wp:attachment":[{"href":"https:\/\/fmamiga909.com.ar\/index.php?rest_route=%2Fwp%2Fv2%2Fmedia&parent=32623"}],"wp:term":[{"taxonomy":"category","embeddable":true,"href":"https:\/\/fmamiga909.com.ar\/index.php?rest_route=%2Fwp%2Fv2%2Fcategories&post=32623"},{"taxonomy":"post_tag","embeddable":true,"href":"https:\/\/fmamiga909.com.ar\/index.php?rest_route=%2Fwp%2Fv2%2Ftags&post=32623"}],"curies":[{"name":"wp","href":"https:\/\/api.w.org\/{rel}","templated":true}]}}