{"id":32646,"date":"2026-04-26T08:54:35","date_gmt":"2026-04-26T08:54:35","guid":{"rendered":"https:\/\/fmamiga909.com.ar\/?p=32646"},"modified":"2026-04-26T08:54:35","modified_gmt":"2026-04-26T08:54:35","slug":"el-insolito-debut-de-lucas-silva-en-river-entro-y-termino-el-partido","status":"publish","type":"post","link":"https:\/\/fmamiga909.com.ar\/?p=32646","title":{"rendered":"El ins\u00f3lito debut de Lucas Silva en River: \u00a1entr\u00f3 y termin\u00f3 el partido!"},"content":{"rendered":"<p><time class=\"createDate\" datetime=\"2026-04-25T23:52:30-03:00\">25\/04\/2026 23:52hs.<\/time><\/p>\n<div id=\"storyBody\">\n<div id=\"element-body-0\" class=\"sc-136cd478-0 ekTCfV\">\n<p><strong>Lucas Silva vivi\u00f3 un momento tan emocionante como ins\u00f3lito.<\/strong> En los \u00faltimos minutos de <a href=\"https:\/\/www.ole.com.ar\/futbol-primera\/river-vs-aldosivi-partido-torneo-apertura-2026-minuto-minuto-fecha-16_0_NBRn5d8uf5.html\" target=\"_self\" title=\"la victoria de River contra Aldosivi\" alt=\"la victoria de River contra Aldosivi\">la victoria de River contra Aldosivi<\/a>, <a href=\"https:\/\/www.ole.com.ar\/tema\/eduardo-coudet.html\" title=\"Eduardo Coudet\" alt=\"Eduardo Coudet\" class=\"slug\">Eduardo Coudet<\/a> llam\u00f3 al juvenil de 19 a\u00f1os (que fue convocado por primera vez) para que tuviera su estreno y convertirse en el segundo canterano en debutar en su ciclo. As\u00ed, <strong>el pibe esperaba con ansias al borde del terreno de juego, pero la pelota no sal\u00eda. <\/strong> De esta forma, los segundos se fueron consumiendo y, en el medio, lleg\u00f3 el 3-1 final de <a href=\"https:\/\/www.ole.com.ar\/tema\/kendry-paez.html\" title=\"Kendry P\u00e1ez\" alt=\"Kendry P\u00e1ez\" class=\"slug\">Kendry P\u00e1ez<\/a>, el cual le dar\u00eda la victoria al CARP pero tambi\u00e9n le permitir\u00eda, por fin, <strong> tener sus primeros minutos en Primera. O eso es lo que imaginaba&#8230;<\/strong><\/p>\n<\/div>\n<div id=\"element-body-1\" class=\"sc-136cd478-0 ekTCfV\">\n<p>Y es que, <strong> apenas ingres\u00f3 al campo de juego, \u00a1Nicol\u00e1s Ram\u00edrez dio por finalizado el partido! <\/strong> Solamente trot\u00f3 hasta la mitad de la cancha y particip\u00f3 del juego durante 12 segundos. As\u00ed, el volante tuvo un estreno totalmente ins\u00f3lito, aunque no se olvidar\u00e1 que este s\u00e1bado tuvo su debut, por m\u00e1s que apenas haya estado unos segundos en cancha.<\/p>\n<\/div>\n<div class=\"sc-e7b891c4-0 ifHnQL image-embed\" id=\"element-body-2\"><img alt=\"Lucas Silva, el juvenil de River que debut\u00f3 pero ni siquiera toc\u00f3 la pelota (Maxigutii_).\" loading=\"lazy\" width=\"720\" height=\"100\" decoding=\"async\" data-nimg=\"1\" style=\"color:transparent\" src=\"https:\/\/fmamiga909.com.ar\/wp-content\/uploads\/2026\/04\/AcpucXCvC_720x0__1.jpg\"\/><span class=\"epigraphe\">Lucas Silva, el juvenil de River que debut\u00f3 pero ni siquiera toc\u00f3 la pelota (Maxigutii_).<\/span><\/div>\n<p><h2><strong>Qui\u00e9n es Lucas Silva<\/strong><\/h2>\n<\/p>\n<div id=\"element-body-4\" class=\"sc-136cd478-0 ekTCfV\">\n<p>Nacido el 26 de febrero de 2007 en La Dulce (Nicanor Olivera), un pueblo ubicado a 56 kil\u00f3metros de Necochea, es volante central y qued\u00f3 en River con edad de Infantiles, en 2016. Si comenz\u00f3 a jugar como delantero en el club Deportivo La Dulce, hizo una prueba en la costa atl\u00e1ntica jugando como #5 y qued\u00f3. <strong>\u00abVen\u00eda a River a jugar dos partidos por mes porque no pod\u00edamos irnos a Buenos Aires y todav\u00eda no ten\u00eda edad para estar en la pensi\u00f3n\u00bb<\/strong>, record\u00f3 el pibe en una entrevista con el sitio oficial del club.<\/p>\n<\/div>\n<div id=\"element-body-5\" class=\"sc-136cd478-0 ekTCfV\">\n<p>El esfuerzo vaya si vali\u00f3 la pena. Con mam\u00e1 Noelia acompa\u00f1\u00e1ndolo cuando se mud\u00f3 a la Ciudad de Buenos Aires y con pap\u00e1, Ignacio, y su hermano Fabi\u00e1n apoyando a la distancia, comenz\u00f3 a estudiar en el Instituto River, disput\u00f3 un torneo internacional en Dallas y ante la importancia que el Chacho le dio desde su primer minuto en N\u00fa\u00f1ez a los chicos de la casa, <strong> fue incluido en la lista de buena fe de la Copa Sudamericana.<\/strong><\/p>\n<\/div>\n<div id=\"element-body-6\" class=\"sc-136cd478-0 ekTCfV\">\n<p>En lo que respecta a sus caracter\u00edsticas de juego, Coudet ya lo conoce bien. Adem\u00e1s de escribir su apellido en la n\u00f3mina de 50 <strong>, fue uno de los ocho pibes que sum\u00f3 a la \u00faltima mini pretemporada en Cardales. <\/strong> Aunque se sienta c\u00f3modo en el c\u00edrculo central, tambi\u00e9n puede recostarse por ambos perfiles. Cualidades que son las que anda buscando el Chacho en un sector donde Kevin Casta\u00f1o retrocedi\u00f3 demasiados casilleros y Giuliano Galoppo sigue sin convencer.<\/p>\n<\/div>\n<div class=\"sc-e7b891c4-0 ifHnQL image-embed\" id=\"element-body-7\"><img alt=\"Lucas Silva lleg\u00f3 al club en edad de Infantiles (Prensa River).\" loading=\"lazy\" width=\"720\" height=\"100\" decoding=\"async\" data-nimg=\"1\" style=\"color:transparent\" src=\"https:\/\/fmamiga909.com.ar\/wp-content\/uploads\/2026\/04\/6xTyhhzcd_720x0__1.jpg\"\/><span class=\"epigraphe\">Lucas Silva lleg\u00f3 al club en edad de Infantiles (Prensa River).<\/span><\/div>\n<div id=\"element-body-8\" class=\"sc-136cd478-0 ekTCfV\">\n<p><strong>\u00abMe gusta mucho que la pelota pase por m\u00ed para poder manejar los tiempos y distribuir el juego. Soy muy simple para jugar\u00bb, <\/strong> se autodescribi\u00f3 Silva, quien hoy tiene 19 a\u00f1os y creci\u00f3 observando a Enzo P\u00e9rez, tratando de imitar sus movimientos, sus pases y su forma de juego.<\/p>\n<\/div>\n<div id=\"element-body-9\" class=\"sc-136cd478-0 ekTCfV\">\n<p>Si bien Coudet luego de Boca enfatiz\u00f3 en que debi\u00f3 darles la responsabilidad a los m\u00e1s j\u00f3venes como recambio ante las lesiones, tambi\u00e9n conf\u00eda en que la sangre joven, con ADN riverplatense, sea un pilar fundamental para construir un plantel a su imagen y semejanza. Y ah\u00ed est\u00e1 Lucas, que tuvo su debut \u00abSilva&#8230; ndo\u00bb bajito, esperando acaso tener otra oportunidad para mostrar sus habilidades.<\/p>\n<\/div>\n<div id=\"element-body-10\" class=\"sc-a7166897-0 eoLsBE\"><a href=\"https:\/\/www.ole.com.ar\/river-plate\/river-plate-pasar-puntero-torneo-apertura_0_k0TuAlijyF.html\" aria-label=\"Despu\u00e9s del triunfo frente a Aldosivi, qu\u00e9 necesita River para definir todos los partidos de playoffs en el Monumental\" class=\"sc-3c11979e-0 dqpgzy\"\/><\/p>\n<section><picture><img alt=\"Despu\u00e9s del triunfo frente a Aldosivi, qu\u00e9 necesita River para definir todos los partidos de playoffs en el Monumental\" loading=\"lazy\" width=\"290\" height=\"290\" decoding=\"async\" data-nimg=\"1\" style=\"color:transparent\" src=\"https:\/\/fmamiga909.com.ar\/wp-content\/uploads\/2026\/04\/1777193675_750_KmP0dfqbT_290x290__1.jpg\"\/><\/picture>\n<p><span>Mir\u00e1 tambi\u00e9n<\/span><\/p>\n<hr\/>\n<h3>Despu\u00e9s del triunfo frente a Aldosivi, qu\u00e9 necesita River para definir todos los partidos de playoffs en el Monumental<\/h3>\n<\/p>\n<\/section>\n<\/div>\n<div id=\"element-body-11\" class=\"sc-a7166897-0 eoLsBE\"><a href=\"https:\/\/www.ole.com.ar\/futbol-primera\/torneo-apertura-clasificaciones-queda-juegan_0_5WSnZLhs6b.html\" aria-label=\"C\u00f3mo qued\u00f3 y qu\u00e9 se juega cada equipo en la fecha 16 del Apertura\" class=\"sc-3c11979e-0 dqpgzy\"\/><\/p>\n<section><picture><img alt=\"C\u00f3mo qued\u00f3 y qu\u00e9 se juega cada equipo en la fecha 16 del Apertura\" loading=\"lazy\" width=\"290\" height=\"290\" decoding=\"async\" data-nimg=\"1\" style=\"color:transparent\" src=\"https:\/\/fmamiga909.com.ar\/wp-content\/uploads\/2026\/04\/1777193675_598_UpTMCvZ4M_290x290__1.jpg\"\/><\/picture>\n<p><span>Mir\u00e1 tambi\u00e9n<\/span><\/p>\n<hr\/>\n<h3>C\u00f3mo qued\u00f3 y qu\u00e9 se juega cada equipo en la fecha 16 del Apertura<\/h3>\n<\/p>\n<\/section>\n<\/div>\n<div id=\"element-body-12\" class=\"sc-a7166897-0 eoLsBE\"><a href=\"https:\/\/www.ole.com.ar\/river-plate\/proximo-partido-river-dia-hora-tv-ver-vs-bragantino-copa-sudamericana_0_zMSlMNeflC.html\" aria-label=\"\u00bfCu\u00e1ndo es el pr\u00f3ximo partido de River? D\u00eda, hora y TV del duelo vs. Bragantino por la Sudamericana\" class=\"sc-3c11979e-0 dqpgzy\"\/><\/p>\n<section><picture><img alt=\"\u00bfCu\u00e1ndo es el pr\u00f3ximo partido de River? D\u00eda, hora y TV del duelo vs. Bragantino por la Sudamericana\" loading=\"lazy\" width=\"290\" height=\"290\" decoding=\"async\" data-nimg=\"1\" style=\"color:transparent\" src=\"https:\/\/fmamiga909.com.ar\/wp-content\/uploads\/2026\/04\/RkVjSsAhH_290x290__1.jpg\"\/><\/picture>\n<p><span>Mir\u00e1 tambi\u00e9n<\/span><\/p>\n<hr\/>\n<h3>\u00bfCu\u00e1ndo es el pr\u00f3ximo partido de River? D\u00eda, hora y TV del duelo vs. Bragantino por la Sudamericana<\/h3>\n<\/p>\n<\/section>\n<\/div>\n<div id=\"element-body-13\" class=\"sc-a7166897-0 eoLsBE\"><a href=\"https:\/\/www.ole.com.ar\/river-plate\/river-plate-facundo-colidio_0_60uZPNBmB7.html\" aria-label=\"Colidio extendi\u00f3 su racha positiva y festej\u00f3 a lo Driussi\" class=\"sc-3c11979e-0 dqpgzy\"\/><\/p>\n<section><picture><img alt=\"Colidio extendi\u00f3 su racha positiva y festej\u00f3 a lo Driussi\" loading=\"lazy\" width=\"290\" height=\"290\" decoding=\"async\" data-nimg=\"1\" style=\"color:transparent\" src=\"https:\/\/fmamiga909.com.ar\/wp-content\/uploads\/2026\/04\/gphE1K1P1_290x290__1.jpg\"\/><\/picture>\n<p><span>Mir\u00e1 tambi\u00e9n<\/span><\/p>\n<hr\/>\n<h3>Colidio extendi\u00f3 su racha positiva y festej\u00f3 a lo Driussi<\/h3>\n<\/p>\n<\/section>\n<\/div>\n<div id=\"element-body-14\" class=\"sc-a7166897-0 eoLsBE\"><a href=\"https:\/\/www.ole.com.ar\/futbol-primera\/torneo-apertura-anual-fecha-16-apertura-tabla-libertadores-sudamericana-descenso_0_4uWWs1Zme3.html\" aria-label=\"Tabla anual: Independiente Rivadavia arriba, River segundo y Boca en zona de Sudamericana\" class=\"sc-3c11979e-0 dqpgzy\"\/><\/p>\n<section><picture><img alt=\"Tabla anual: Independiente Rivadavia arriba, River segundo y Boca en zona de Sudamericana\" loading=\"lazy\" width=\"290\" height=\"290\" decoding=\"async\" data-nimg=\"1\" style=\"color:transparent\" src=\"https:\/\/fmamiga909.com.ar\/wp-content\/uploads\/2026\/04\/1777193675_63_ST6BbhJuX_290x290__1.jpg\"\/><\/picture>\n<p><span>Mir\u00e1 tambi\u00e9n<\/span><\/p>\n<hr\/>\n<h3>Tabla anual: Independiente Rivadavia arriba, River segundo y Boca en zona de Sudamericana<\/h3>\n<\/p>\n<\/section>\n<\/div>\n<\/div>\n<p><a href=\"https:\/\/www.ole.com.ar\/river-plate\/lucas-silva-debuto-juvenil-coudet-river_0_DtrScFRDxT.html\">source<\/a><\/p>\n","protected":false},"excerpt":{"rendered":"<p>25\/04\/2026 23:52hs. Lucas Silva vivi\u00f3 un momento tan emocionante como ins\u00f3lito. En los \u00faltimos minutos&#8230;<\/p>\n","protected":false},"author":3,"featured_media":32647,"comment_status":"closed","ping_status":"closed","sticky":false,"template":"","format":"standard","meta":{"footnotes":""},"categories":[21],"tags":[],"class_list":["post-32646","post","type-post","status-publish","format-standard","has-post-thumbnail","hentry","category-deportes"],"featured_image_urls":{"full":["https:\/\/fmamiga909.com.ar\/wp-content\/uploads\/2026\/04\/wp-header-logo-499.png",720,441,false],"thumbnail":["https:\/\/fmamiga909.com.ar\/wp-content\/uploads\/2026\/04\/wp-header-logo-499-150x150.png",150,150,true],"medium":["https:\/\/fmamiga909.com.ar\/wp-content\/uploads\/2026\/04\/wp-header-logo-499-300x184.png",300,184,true],"medium_large":["https:\/\/fmamiga909.com.ar\/wp-content\/uploads\/2026\/04\/wp-header-logo-499.png",720,441,false],"large":["https:\/\/fmamiga909.com.ar\/wp-content\/uploads\/2026\/04\/wp-header-logo-499.png",640,392,false],"1536x1536":["https:\/\/fmamiga909.com.ar\/wp-content\/uploads\/2026\/04\/wp-header-logo-499.png",720,441,false],"2048x2048":["https:\/\/fmamiga909.com.ar\/wp-content\/uploads\/2026\/04\/wp-header-logo-499.png",720,441,false],"newsium-slider-full":["https:\/\/fmamiga909.com.ar\/wp-content\/uploads\/2026\/04\/wp-header-logo-499.png",720,441,false],"newsium-featured":["https:\/\/fmamiga909.com.ar\/wp-content\/uploads\/2026\/04\/wp-header-logo-499.png",720,441,false],"newsium-medium":["https:\/\/fmamiga909.com.ar\/wp-content\/uploads\/2026\/04\/wp-header-logo-499.png",720,441,false]},"author_info":{"display_name":"Fredy Giuliano","author_link":"https:\/\/fmamiga909.com.ar\/?author=3"},"category_info":"<a href=\"https:\/\/fmamiga909.com.ar\/?cat=21\" rel=\"category\">Deportes<\/a>","tag_info":"Deportes","comment_count":"0","_links":{"self":[{"href":"https:\/\/fmamiga909.com.ar\/index.php?rest_route=\/wp\/v2\/posts\/32646","targetHints":{"allow":["GET"]}}],"collection":[{"href":"https:\/\/fmamiga909.com.ar\/index.php?rest_route=\/wp\/v2\/posts"}],"about":[{"href":"https:\/\/fmamiga909.com.ar\/index.php?rest_route=\/wp\/v2\/types\/post"}],"author":[{"embeddable":true,"href":"https:\/\/fmamiga909.com.ar\/index.php?rest_route=\/wp\/v2\/users\/3"}],"replies":[{"embeddable":true,"href":"https:\/\/fmamiga909.com.ar\/index.php?rest_route=%2Fwp%2Fv2%2Fcomments&post=32646"}],"version-history":[{"count":0,"href":"https:\/\/fmamiga909.com.ar\/index.php?rest_route=\/wp\/v2\/posts\/32646\/revisions"}],"wp:featuredmedia":[{"embeddable":true,"href":"https:\/\/fmamiga909.com.ar\/index.php?rest_route=\/wp\/v2\/media\/32647"}],"wp:attachment":[{"href":"https:\/\/fmamiga909.com.ar\/index.php?rest_route=%2Fwp%2Fv2%2Fmedia&parent=32646"}],"wp:term":[{"taxonomy":"category","embeddable":true,"href":"https:\/\/fmamiga909.com.ar\/index.php?rest_route=%2Fwp%2Fv2%2Fcategories&post=32646"},{"taxonomy":"post_tag","embeddable":true,"href":"https:\/\/fmamiga909.com.ar\/index.php?rest_route=%2Fwp%2Fv2%2Ftags&post=32646"}],"curies":[{"name":"wp","href":"https:\/\/api.w.org\/{rel}","templated":true}]}}