{"id":32699,"date":"2026-04-26T20:25:39","date_gmt":"2026-04-26T20:25:39","guid":{"rendered":"https:\/\/fmamiga909.com.ar\/?p=32699"},"modified":"2026-04-26T20:25:39","modified_gmt":"2026-04-26T20:25:39","slug":"la-tremenda-pina-de-esteban-andrada-en-la-b-de-espana","status":"publish","type":"post","link":"https:\/\/fmamiga909.com.ar\/?p=32699","title":{"rendered":"La tremenda pi\u00f1a de Esteban Andrada en la B de Espa\u00f1a"},"content":{"rendered":"<p><time class=\"createDate\" datetime=\"2026-04-26T16:11:36-03:00\">26\/04\/2026 16:11hs.<\/time><\/p>\n<div id=\"storyBody\">\n<div id=\"element-body-0\" class=\"sc-136cd478-0 ekTCfV\">\n<p><strong>\u00bfQu\u00e9 le pas\u00f3 a Esteban Andrada en Huesca vs. Zaragoza por la Segunda Divisi\u00f3n de Espa\u00f1a?<\/strong> El ex arquero de Lan\u00fas y Boca, entre otros, protagoniz\u00f3 un lamentable episodio en la derrota de su equipo de visitante <strong>por 1-0: luego de ser expulsado, le dio una terrible pi\u00f1a a un rival.<\/strong><\/p>\n<\/div>\n<div id=\"element-body-1\" class=\"sc-136cd478-0 ekTCfV\">\n<p>Cerca del final, ya en tiempo adicional, Andrada se cruz\u00f3 con el capit\u00e1n de Huesca (Jorge Pulido). E <strong>mpuj\u00f3n y roja (por doble amarilla) del \u00e1rbitro del partido.<\/strong> Y tras ver la tarjeta, el 1 de Zaragoza sali\u00f3 eyectado hacia Pulido para golpearlo directamente <strong>con su brazo derecho. Una imagen tremenda.<\/strong><\/p>\n<\/div>\n<div id=\"element-body-2\" class=\"sc-136cd478-0 ekTCfV\">\n<p>Como consecuencia, se arm\u00f3 un revuelo en pleno campo de juego entre los jugadores y cuerpos t\u00e9cnicos en un partido clave por la permanencia. Adem\u00e1s de Andrada, hubo dos tarjetas rojas m\u00e1s: <strong>Daniel L\u00f3pez (arquero de Huesca) y Dani Tesende (compa\u00f1ero de Esteban).<\/strong><\/p>\n<\/div>\n<p><h2><strong>La terrible pi\u00f1a de Esteban Andrada<\/strong><\/h2>\n<\/p>\n<div id=\"element-body-5\" class=\"sc-136cd478-0 ekTCfV\">\n<p>Justo en el final de la temporada, con Zaragoza peleando por evitar el descenso (hoy se ir\u00eda a la Tercera Divisi\u00f3n al estar en el puesto 21 sobre 22 equipos <strong>), habr\u00e1 que ver cu\u00e1ntas fechas le dan a Andrada por esta violenta reacci\u00f3n. <\/strong><\/p>\n<\/div>\n<div id=\"element-body-6\" class=\"sc-a7166897-0 eoLsBE\"><a href=\"https:\/\/www.ole.com.ar\/futbol-internacional\/italia\/genoa-vs-fecha-giornata-34-serie-calcio-nico-paz-perrone-rossi_0_o1c4VC4CYJ.html\" aria-label=\"Solo un susto para Nico Paz: el golpe en su cabeza que lo oblig\u00f3 a salir en la victoria del Como y su posterior mensaje de alivio\" class=\"sc-3c11979e-0 dqpgzy\"\/><\/p>\n<section><picture><img alt=\"Solo un susto para Nico Paz: el golpe en su cabeza que lo oblig\u00f3 a salir en la victoria del Como y su posterior mensaje de alivio\" loading=\"lazy\" width=\"290\" height=\"290\" decoding=\"async\" data-nimg=\"1\" style=\"color:transparent\" src=\"https:\/\/fmamiga909.com.ar\/wp-content\/uploads\/2026\/04\/3rGz1UIkq_290x290__1.jpg\"\/><\/picture>\n<p><span>Mir\u00e1 tambi\u00e9n<\/span><\/p>\n<hr\/>\n<h3>Solo un susto para Nico Paz: el golpe en su cabeza que lo oblig\u00f3 a salir en la victoria del Como y su posterior mensaje de alivio<\/h3>\n<\/p>\n<\/section>\n<\/div>\n<div id=\"element-body-7\" class=\"sc-a7166897-0 eoLsBE\"><a href=\"https:\/\/www.ole.com.ar\/futbol-internacional\/italia\/gio-simeone-gol-torino-inter-italia_0_bw8RSxrnL5.html\" aria-label=\"\u00bfViene a River? El golazo de Gio Simeone contra el casi campe\u00f3n Inter\" class=\"sc-3c11979e-0 dqpgzy\"\/><\/p>\n<section><picture><img alt=\"\u00bfViene a River? El golazo de Gio Simeone contra el casi campe\u00f3n Inter\" loading=\"lazy\" width=\"290\" height=\"290\" decoding=\"async\" data-nimg=\"1\" style=\"color:transparent\" src=\"https:\/\/fmamiga909.com.ar\/wp-content\/uploads\/2026\/04\/oKP_zCnJw_290x290__1.jpg\"\/><\/picture>\n<p><span>Mir\u00e1 tambi\u00e9n<\/span><\/p>\n<hr\/>\n<h3>\u00bfViene a River? El golazo de Gio Simeone contra el casi campe\u00f3n Inter<\/h3>\n<\/p>\n<\/section>\n<\/div>\n<\/div>\n<p><a href=\"https:\/\/www.ole.com.ar\/futbol-internacional\/espana\/pina-andrada-zaragoza-huesca-espana_0_Umjr5SJ41r.html\">source<\/a><\/p>\n","protected":false},"excerpt":{"rendered":"<p>26\/04\/2026 16:11hs. \u00bfQu\u00e9 le pas\u00f3 a Esteban Andrada en Huesca vs. Zaragoza por la Segunda&#8230;<\/p>\n","protected":false},"author":3,"featured_media":32700,"comment_status":"closed","ping_status":"closed","sticky":false,"template":"","format":"standard","meta":{"footnotes":""},"categories":[21],"tags":[],"class_list":["post-32699","post","type-post","status-publish","format-standard","has-post-thumbnail","hentry","category-deportes"],"featured_image_urls":{"full":["https:\/\/fmamiga909.com.ar\/wp-content\/uploads\/2026\/04\/wp-header-logo-505.png",290,290,false],"thumbnail":["https:\/\/fmamiga909.com.ar\/wp-content\/uploads\/2026\/04\/wp-header-logo-505-150x150.png",150,150,true],"medium":["https:\/\/fmamiga909.com.ar\/wp-content\/uploads\/2026\/04\/wp-header-logo-505.png",290,290,false],"medium_large":["https:\/\/fmamiga909.com.ar\/wp-content\/uploads\/2026\/04\/wp-header-logo-505.png",290,290,false],"large":["https:\/\/fmamiga909.com.ar\/wp-content\/uploads\/2026\/04\/wp-header-logo-505.png",290,290,false],"1536x1536":["https:\/\/fmamiga909.com.ar\/wp-content\/uploads\/2026\/04\/wp-header-logo-505.png",290,290,false],"2048x2048":["https:\/\/fmamiga909.com.ar\/wp-content\/uploads\/2026\/04\/wp-header-logo-505.png",290,290,false],"newsium-slider-full":["https:\/\/fmamiga909.com.ar\/wp-content\/uploads\/2026\/04\/wp-header-logo-505.png",290,290,false],"newsium-featured":["https:\/\/fmamiga909.com.ar\/wp-content\/uploads\/2026\/04\/wp-header-logo-505.png",290,290,false],"newsium-medium":["https:\/\/fmamiga909.com.ar\/wp-content\/uploads\/2026\/04\/wp-header-logo-505.png",290,290,false]},"author_info":{"display_name":"Fredy Giuliano","author_link":"https:\/\/fmamiga909.com.ar\/?author=3"},"category_info":"<a href=\"https:\/\/fmamiga909.com.ar\/?cat=21\" rel=\"category\">Deportes<\/a>","tag_info":"Deportes","comment_count":"0","_links":{"self":[{"href":"https:\/\/fmamiga909.com.ar\/index.php?rest_route=\/wp\/v2\/posts\/32699","targetHints":{"allow":["GET"]}}],"collection":[{"href":"https:\/\/fmamiga909.com.ar\/index.php?rest_route=\/wp\/v2\/posts"}],"about":[{"href":"https:\/\/fmamiga909.com.ar\/index.php?rest_route=\/wp\/v2\/types\/post"}],"author":[{"embeddable":true,"href":"https:\/\/fmamiga909.com.ar\/index.php?rest_route=\/wp\/v2\/users\/3"}],"replies":[{"embeddable":true,"href":"https:\/\/fmamiga909.com.ar\/index.php?rest_route=%2Fwp%2Fv2%2Fcomments&post=32699"}],"version-history":[{"count":0,"href":"https:\/\/fmamiga909.com.ar\/index.php?rest_route=\/wp\/v2\/posts\/32699\/revisions"}],"wp:featuredmedia":[{"embeddable":true,"href":"https:\/\/fmamiga909.com.ar\/index.php?rest_route=\/wp\/v2\/media\/32700"}],"wp:attachment":[{"href":"https:\/\/fmamiga909.com.ar\/index.php?rest_route=%2Fwp%2Fv2%2Fmedia&parent=32699"}],"wp:term":[{"taxonomy":"category","embeddable":true,"href":"https:\/\/fmamiga909.com.ar\/index.php?rest_route=%2Fwp%2Fv2%2Fcategories&post=32699"},{"taxonomy":"post_tag","embeddable":true,"href":"https:\/\/fmamiga909.com.ar\/index.php?rest_route=%2Fwp%2Fv2%2Ftags&post=32699"}],"curies":[{"name":"wp","href":"https:\/\/api.w.org\/{rel}","templated":true}]}}