{"id":32708,"date":"2026-04-26T20:32:26","date_gmt":"2026-04-26T20:32:26","guid":{"rendered":"https:\/\/fmamiga909.com.ar\/?p=32708"},"modified":"2026-04-26T20:32:26","modified_gmt":"2026-04-26T20:32:26","slug":"fuego-en-el-auto-de-franco-colapinto-en-palermo-que-paso-en-pleno-show","status":"publish","type":"post","link":"https:\/\/fmamiga909.com.ar\/?p=32708","title":{"rendered":"Fuego en el auto de Franco Colapinto en Palermo: \u00bfqu\u00e9 pas\u00f3 en pleno show?"},"content":{"rendered":"<p><time class=\"createDate\" datetime=\"2026-04-26T16:27:45-03:00\">26\/04\/2026 16:27hs.<\/time><\/p>\n<div id=\"storyBody\">\n<div id=\"element-body-0\" class=\"sc-136cd478-0 ekTCfV\">\n<p>El espect\u00e1culo fue total, pero tuvo un detalle que se llev\u00f3 todas las miradas <strong>. En su \u00faltima salida a pista<\/strong> durante el Road Show de Palermo, <strong><a href=\"https:\/\/www.ole.com.ar\/tema\/franco-colapinto.html\" title=\"Franco Colapinto\" alt=\"Franco Colapinto\" class=\"slug\">Franco Colapinto<\/a> hizo rugir el hist\u00f3rico Lotus E20<\/strong> con los colores actuales de <strong><a href=\"https:\/\/www.ole.com.ar\/tema\/alpine.html\" title=\"Alpine\" alt=\"Alpine\" class=\"slug\">Alpine<\/a><\/strong> y dej\u00f3 una imagen impactante: fuego saliendo del monoplaza tras una serie de donuts.<\/p>\n<\/div>\n<p><h2><strong>La causa del fuego en el auto de Colapinto en pleno show en Palermo<\/strong><\/h2>\n<\/p>\n<div id=\"element-body-2\" class=\"sc-136cd478-0 ekTCfV\">\n<p>En el tramo final de la exhibici\u00f3n, <strong>el pilarense llev\u00f3 al l\u00edmite al auto.<\/strong> Increment\u00f3 la intensidad de los trompos hasta cerrar con un giro extremo, tan preciso como espectacular, pensado para quedar en todos los registros: celulares, drones y pantallas gigantes. <strong>Incluso, se anim\u00f3 a soltar el volante un rato y dej\u00f3 una postal que r\u00e1pidamente se viraliz\u00f3 entre los presentes.<\/strong><\/p>\n<\/div>\n<div id=\"element-body-3\" class=\"sc-136cd478-0 ekTCfV\">\n<p>Fue en ese contexto cuando aparecieron las llamas en la parte trasera del coche, <strong> como consecuencia de la exigencia m\u00e1xima sobre el motor V8 y la acumulaci\u00f3n de combustible en el sistema de escape.<\/strong> Un fen\u00f3meno habitual desde lo t\u00e9cnico en la F\u00f3rmula 1, pero que en plena calle se transforma en un impacto visual inmediato.<\/p>\n<\/div>\n<div class=\"sc-e7b891c4-0 ifHnQL image-embed\" id=\"element-body-4\"><img alt=\"El Lotus E20 de Franco Colapinto lanz\u00f3 fuego en medio de los donuts.&#10;(foto DelaOrden).\" loading=\"lazy\" width=\"720\" height=\"100\" decoding=\"async\" data-nimg=\"1\" style=\"color:transparent\" src=\"https:\/\/fmamiga909.com.ar\/wp-content\/uploads\/2026\/04\/VmgqsRLn5_720x0__1.jpg\"\/><span class=\"epigraphe\">El Lotus E20 de Franco Colapinto lanz\u00f3 fuego en medio de los donuts.<br \/>\n(foto DelaOrden).<\/span><\/div>\n<div id=\"element-body-5\" class=\"sc-136cd478-0 ekTCfV\">\n<p>La escena se complet\u00f3 con la r\u00e1pida reacci\u00f3n del equipo <strong>: los mec\u00e1nicos ingresaron con matafuegos de manera preventiva<\/strong>, mientras el p\u00fablico, lejos de alarmarse, lo celebr\u00f3 como el cierre ideal de la exhibici\u00f3n.<\/p>\n<\/div>\n<div id=\"element-body-6\" class=\"sc-136cd478-0 ekTCfV\">\n<p>Lejos de la preocupaci\u00f3n, Colapinto lo tom\u00f3 con humor. Ya arriba del colectivo descapotable, en di\u00e1logo con Juan Fossaroli, revel\u00f3 qu\u00e9 le dijeron desde el equipo: <strong>\u201cSali\u00f3 fuego\u2026 se quem\u00f3. Me dijeron que lo cuide, pero al final me calent\u00e9 un poquito\u201d.<\/strong> Y remat\u00f3 entre risas: \u201cLo quemamos al Alpine, jajaj. Ahora lo voy a mirar porque estoy preocupado\u201d.<\/p>\n<\/div>\n<div id=\"element-body-7\" class=\"sc-136cd478-0 ekTCfV\">\n<p>La jornada, igualmente, tuvo m\u00e1s historia. <strong>Colapinto tambi\u00e9n se subi\u00f3 a la r\u00e9plica del m\u00edtico Mercedes-Benz W196, <\/strong><a href=\"https:\/\/www.ole.com.ar\/autos\/viejo-funciona-franco-colapinto-paseo-flecha-plata-emociono-palermo_0_bGPsjPtwUb.html\" target=\"_self\" title=\"la legendaria \u201cFlecha de Plata\u201d\" alt=\"la legendaria \u201cFlecha de Plata\u201d\">la legendaria \u201cFlecha de Plata\u201d<\/a> con la que Juan Manuel Fangio fue campe\u00f3n del mundo en 1954 y 1955.<\/p>\n<\/div>\n<div id=\"element-body-8\" class=\"sc-136cd478-0 ekTCfV\">\n<p>Pero m\u00e1s all\u00e1 del homenaje y la nostalgia, la imagen que qued\u00f3 grabada fue otra: <strong>el fuego saliendo del Lotus en pleno coraz\u00f3n de Palermo, <\/strong> como s\u00edntesis perfecta de un show donde la potencia, el espect\u00e1culo y el l\u00edmite mec\u00e1nico fueron protagonistas.<\/p>\n<\/div>\n<div class=\"sc-e7b891c4-0 ifHnQL image-embed\" id=\"element-body-9\"><img alt=\"Franco Colapinto, con la bandera argentina al viento tras su \u00faltima salida en Palermo.&#10;(foto: Cristina Sille)\" loading=\"lazy\" width=\"720\" height=\"100\" decoding=\"async\" data-nimg=\"1\" style=\"color:transparent\" src=\"https:\/\/fmamiga909.com.ar\/wp-content\/uploads\/2026\/04\/nzlGz2Bk2_720x0__1.jpg\"\/><span class=\"epigraphe\">Franco Colapinto, con la bandera argentina al viento tras su \u00faltima salida en Palermo.<br \/>\n(foto: Cristina Sille)<\/span><\/div>\n<div id=\"element-body-10\" class=\"sc-a7166897-0 eoLsBE\"><a href=\"https:\/\/www.ole.com.ar\/autos\/franco-colapinto-vivo-exhibicion-buenos-aires-hora-ver-tv-online-formula-1_0_6idJphGO6y.html\" aria-label=\"As\u00ed fue la exhibici\u00f3n de Franco Colapinto en Buenos Aires\" class=\"sc-3c11979e-0 dqpgzy\"\/><\/p>\n<section><picture><img alt=\"As\u00ed fue la exhibici\u00f3n de Franco Colapinto en Buenos Aires\" loading=\"lazy\" width=\"290\" height=\"290\" decoding=\"async\" data-nimg=\"1\" style=\"color:transparent\" src=\"https:\/\/fmamiga909.com.ar\/wp-content\/uploads\/2026\/04\/1777235545_775_NaiFGP2NZ_290x290__1.jpg\"\/><\/picture>\n<p><span>Mir\u00e1 tambi\u00e9n<\/span><\/p>\n<hr\/>\n<h3>As\u00ed fue la exhibici\u00f3n de Franco Colapinto en Buenos Aires<\/h3>\n<\/p>\n<\/section>\n<\/div>\n<div id=\"element-body-11\" class=\"sc-a7166897-0 eoLsBE\"><a href=\"https:\/\/www.ole.com.ar\/autos\/despues-show-buenos-aires-vuelve-corre-franco-colapinto-formula-1_0_t3gQ2D6WPZ.html\" aria-label=\"Despu\u00e9s del show en Buenos Aires, cu\u00e1ndo vuelve a correr Franco Colapinto en F\u00f3rmula 1\" class=\"sc-3c11979e-0 dqpgzy\"\/><\/p>\n<section><picture><img alt=\"Despu\u00e9s del show en Buenos Aires, cu\u00e1ndo vuelve a correr Franco Colapinto en F\u00f3rmula 1\" loading=\"lazy\" width=\"290\" height=\"290\" decoding=\"async\" data-nimg=\"1\" style=\"color:transparent\" src=\"https:\/\/fmamiga909.com.ar\/wp-content\/uploads\/2026\/04\/ACJjynA-t_290x290__1.jpg\"\/><\/picture>\n<p><span>Mir\u00e1 tambi\u00e9n<\/span><\/p>\n<hr\/>\n<h3>Despu\u00e9s del show en Buenos Aires, cu\u00e1ndo vuelve a correr Franco Colapinto en F\u00f3rmula 1<\/h3>\n<\/p>\n<\/section>\n<\/div>\n<div id=\"element-body-12\" class=\"sc-a7166897-0 eoLsBE\"><a href=\"https:\/\/www.ole.com.ar\/autos\/figuras-deporte-presentesm-road-show-colapinto_0_9HRcSKIacs.html\" aria-label=\"De Paredes a Bizarrap, las principales figuras que estuvieron presentes en el Road Show de Colapinto\" class=\"sc-3c11979e-0 dqpgzy\"\/><\/p>\n<section><picture><img alt=\"De Paredes a Bizarrap, las principales figuras que estuvieron presentes en el Road Show de Colapinto\" loading=\"lazy\" width=\"290\" height=\"290\" decoding=\"async\" data-nimg=\"1\" style=\"color:transparent\" src=\"https:\/\/fmamiga909.com.ar\/wp-content\/uploads\/2026\/04\/E3xh-80q4_290x290__1.jpg\"\/><\/picture>\n<p><span>Mir\u00e1 tambi\u00e9n<\/span><\/p>\n<hr\/>\n<h3>De Paredes a Bizarrap, las principales figuras que estuvieron presentes en el Road Show de Colapinto<\/h3>\n<\/p>\n<\/section>\n<\/div>\n<\/div>\n<p><a href=\"https:\/\/www.ole.com.ar\/autos\/fuego-lotus-franco-colapinto-palermo-paso-pleno-show_0_7TKFZo0kpg.html\">source<\/a><\/p>\n","protected":false},"excerpt":{"rendered":"<p>26\/04\/2026 16:27hs. El espect\u00e1culo fue total, pero tuvo un detalle que se llev\u00f3 todas las&#8230;<\/p>\n","protected":false},"author":3,"featured_media":32709,"comment_status":"closed","ping_status":"closed","sticky":false,"template":"","format":"standard","meta":{"footnotes":""},"categories":[21],"tags":[],"class_list":["post-32708","post","type-post","status-publish","format-standard","has-post-thumbnail","hentry","category-deportes"],"featured_image_urls":{"full":["https:\/\/fmamiga909.com.ar\/wp-content\/uploads\/2026\/04\/wp-header-logo-507.png",720,480,false],"thumbnail":["https:\/\/fmamiga909.com.ar\/wp-content\/uploads\/2026\/04\/wp-header-logo-507-150x150.png",150,150,true],"medium":["https:\/\/fmamiga909.com.ar\/wp-content\/uploads\/2026\/04\/wp-header-logo-507-300x200.png",300,200,true],"medium_large":["https:\/\/fmamiga909.com.ar\/wp-content\/uploads\/2026\/04\/wp-header-logo-507.png",720,480,false],"large":["https:\/\/fmamiga909.com.ar\/wp-content\/uploads\/2026\/04\/wp-header-logo-507.png",640,427,false],"1536x1536":["https:\/\/fmamiga909.com.ar\/wp-content\/uploads\/2026\/04\/wp-header-logo-507.png",720,480,false],"2048x2048":["https:\/\/fmamiga909.com.ar\/wp-content\/uploads\/2026\/04\/wp-header-logo-507.png",720,480,false],"newsium-slider-full":["https:\/\/fmamiga909.com.ar\/wp-content\/uploads\/2026\/04\/wp-header-logo-507.png",720,480,false],"newsium-featured":["https:\/\/fmamiga909.com.ar\/wp-content\/uploads\/2026\/04\/wp-header-logo-507.png",720,480,false],"newsium-medium":["https:\/\/fmamiga909.com.ar\/wp-content\/uploads\/2026\/04\/wp-header-logo-507-720x475.png",720,475,true]},"author_info":{"display_name":"Fredy Giuliano","author_link":"https:\/\/fmamiga909.com.ar\/?author=3"},"category_info":"<a href=\"https:\/\/fmamiga909.com.ar\/?cat=21\" rel=\"category\">Deportes<\/a>","tag_info":"Deportes","comment_count":"0","_links":{"self":[{"href":"https:\/\/fmamiga909.com.ar\/index.php?rest_route=\/wp\/v2\/posts\/32708","targetHints":{"allow":["GET"]}}],"collection":[{"href":"https:\/\/fmamiga909.com.ar\/index.php?rest_route=\/wp\/v2\/posts"}],"about":[{"href":"https:\/\/fmamiga909.com.ar\/index.php?rest_route=\/wp\/v2\/types\/post"}],"author":[{"embeddable":true,"href":"https:\/\/fmamiga909.com.ar\/index.php?rest_route=\/wp\/v2\/users\/3"}],"replies":[{"embeddable":true,"href":"https:\/\/fmamiga909.com.ar\/index.php?rest_route=%2Fwp%2Fv2%2Fcomments&post=32708"}],"version-history":[{"count":0,"href":"https:\/\/fmamiga909.com.ar\/index.php?rest_route=\/wp\/v2\/posts\/32708\/revisions"}],"wp:featuredmedia":[{"embeddable":true,"href":"https:\/\/fmamiga909.com.ar\/index.php?rest_route=\/wp\/v2\/media\/32709"}],"wp:attachment":[{"href":"https:\/\/fmamiga909.com.ar\/index.php?rest_route=%2Fwp%2Fv2%2Fmedia&parent=32708"}],"wp:term":[{"taxonomy":"category","embeddable":true,"href":"https:\/\/fmamiga909.com.ar\/index.php?rest_route=%2Fwp%2Fv2%2Fcategories&post=32708"},{"taxonomy":"post_tag","embeddable":true,"href":"https:\/\/fmamiga909.com.ar\/index.php?rest_route=%2Fwp%2Fv2%2Ftags&post=32708"}],"curies":[{"name":"wp","href":"https:\/\/api.w.org\/{rel}","templated":true}]}}