{"id":32717,"date":"2026-04-26T20:35:43","date_gmt":"2026-04-26T20:35:43","guid":{"rendered":"https:\/\/fmamiga909.com.ar\/?p=32717"},"modified":"2026-04-26T20:35:43","modified_gmt":"2026-04-26T20:35:43","slug":"velez-vs-union-por-el-torneo-apertura-a-que-hora-juegan-tv-y-probables-formaciones","status":"publish","type":"post","link":"https:\/\/fmamiga909.com.ar\/?p=32717","title":{"rendered":"V\u00e9lez vs. Uni\u00f3n, por el Torneo Apertura: a qu\u00e9 hora juegan, TV y probables formaciones"},"content":{"rendered":"<p><time class=\"createDate\" datetime=\"2026-04-26T17:05:16-03:00\">26\/04\/2026 17:05hs.<\/time><\/p>\n<div id=\"storyBody\">\n<div id=\"element-body-0\" class=\"sc-136cd478-0 ekTCfV\">\n<p>Este lunes 27 de abril, el Estadio Jos\u00e9 Amalfitani ser\u00e1 el escenario del duelo entre <strong><a href=\"https:\/\/www.ole.com.ar\/tema\/velez.html\" title=\"V\u00e9lez\" alt=\"V\u00e9lez\" class=\"slug\">V\u00e9lez Sarsfield<\/a><\/strong> y <strong><a href=\"https:\/\/www.ole.com.ar\/tema\/union.html\" title=\"Uni\u00f3n\" alt=\"Uni\u00f3n\" class=\"slug\">Uni\u00f3n de Santa Fe<\/a><\/strong>. Ambos equipos se miden en Liniers a dos fechas del final de la etapa regular del <strong><a href=\"https:\/\/www.ole.com.ar\/tema\/torneo-apertura.html\" title=\"Torneo Apertura\" alt=\"Torneo Apertura\" class=\"slug\">Torneo Apertura<\/a><\/strong>. En <strong>Ol\u00e9<\/strong>, te contamos todos los detalles de este partido: horario, transmisi\u00f3n en vivo, c\u00f3mo llegan los equipos y la terna arbitral completa.<\/p>\n<\/div>\n<p><h2><strong>\u00bfC\u00f3mo llega V\u00e9lez?<\/strong><\/h2>\n<\/p>\n<div id=\"element-body-2\" class=\"sc-136cd478-0 ekTCfV\">\n<p>El Fort\u00edn, bajo la conducci\u00f3n t\u00e9cnica de Guillermo Barros Schelotto, llega a este encuentro con menos presi\u00f3n. \u00bfPor qu\u00e9? <strong>Ya se asegur\u00f3 su lugar en playoffs. <\/strong> Actualmente ocupa el tercer puesto del Grupo A con 26 puntos, debajo de Estudiantes de La Plata (que est\u00e1 puntero con 28) y Boca (que ya jug\u00f3 esta fecha y tiene 26). De todas formas, sabe que una victoria lo devolver\u00eda al primer puesto a falta de una fecha para el fin de la etapa regular.<\/p>\n<\/div>\n<div id=\"element-body-3\" class=\"sc-136cd478-0 ekTCfV\">\n<p>El conjunto de Liniers tuvo un buen comienzo en el certamen, pero viene de un empate 0-0 ante San Lorenzo que dej\u00f3 sabor a poco.<\/p>\n<\/div>\n<div class=\"sc-e7b891c4-0 ifHnQL image-embed\" id=\"element-body-4\"><img alt=\"V\u00e9lez quiere volver al triunfo.&#10;Foto: FOTOBAIRES\" loading=\"lazy\" width=\"720\" height=\"100\" decoding=\"async\" data-nimg=\"1\" style=\"color:transparent\" src=\"https:\/\/fmamiga909.com.ar\/wp-content\/uploads\/2026\/04\/1777235742_918_lPPzVS8pk_720x0__1.jpg\"\/><span class=\"epigraphe\">V\u00e9lez quiere volver al triunfo.<br \/>\nFoto: FOTOBAIRES<\/span><\/div>\n<p><h2><strong>\u00daltimos partidos de V\u00e9lez<\/strong><\/h2>\n<\/p>\n<div id=\"element-body-6\" class=\"sc-136cd478-0 ekTCfV\">\n<ul>\n<li>San Lorenzo 0 &#8211; 0 V\u00e9lez | Torneo Apertura<\/li>\n<\/ul>\n<\/div>\n<div id=\"element-body-7\" class=\"sc-136cd478-0 ekTCfV\">\n<ul>\n<li>V\u00e9lez 1 &#8211; 0 Central C\u00f3rdoba | Torneo Apertura<\/li>\n<\/ul>\n<\/div>\n<div id=\"element-body-8\" class=\"sc-136cd478-0 ekTCfV\">\n<ul>\n<li>V\u00e9lez 4 &#8211; 1 Deportivo Armenio | Copa Argentina<\/li>\n<\/ul>\n<\/div>\n<div id=\"element-body-9\" class=\"sc-136cd478-0 ekTCfV\">\n<ul>\n<li>Gimnasia Mendoza 3 &#8211; 2 V\u00e9lez | Torneo Apertura<\/li>\n<\/ul>\n<\/div>\n<div id=\"element-body-10\" class=\"sc-136cd478-0 ekTCfV\">\n<ul>\n<li>V\u00e9lez 0 &#8211; 1 Lan\u00fas | Torneo Apertura <\/li>\n<\/ul>\n<\/div>\n<p><h2><strong>\u00bfC\u00f3mo llega Uni\u00f3n?<\/strong><\/h2>\n<\/p>\n<div id=\"element-body-13\" class=\"sc-136cd478-0 ekTCfV\">\n<p>El equipo al mando de Leonardo Madel\u00f3n no tiene margen de error. Actualmente ocupa el octavo lugar del Grupo A con 19 puntos, al igual que Defensa y Justicia. La derrota frente a Newell\u00b4s, y en condici\u00f3n de local, cambi\u00f3 el clima y sum\u00f3 la presi\u00f3n de ganar o ganar si quieren so\u00f1ar con la clasificaci\u00f3n a los playoffs.<\/p>\n<\/div>\n<div class=\"sc-e7b891c4-0 ifHnQL image-embed\" id=\"element-body-14\"><img alt=\"Uni\u00f3n tiene que ganar para no bajarse de la pelea (Fotobaires).\" loading=\"lazy\" width=\"720\" height=\"100\" decoding=\"async\" data-nimg=\"1\" style=\"color:transparent\" src=\"https:\/\/fmamiga909.com.ar\/wp-content\/uploads\/2026\/04\/xe8sOn1s1_720x0__1.jpg\"\/><span class=\"epigraphe\">Uni\u00f3n tiene que ganar para no bajarse de la pelea (Fotobaires).<\/span><\/div>\n<p><h2><strong>\u00daltimos partidos de Uni\u00f3n<\/strong><\/h2>\n<\/p>\n<div id=\"element-body-16\" class=\"sc-136cd478-0 ekTCfV\">\n<ul>\n<li>Uni\u00f3n 2 &#8211; 3 Newell\u00b4s | Torneo Apertura<\/li>\n<\/ul>\n<\/div>\n<div id=\"element-body-17\" class=\"sc-136cd478-0 ekTCfV\">\n<ul>\n<li>Estudiantes 2 &#8211; 1 Uni\u00f3n | Torneo Apertura<\/li>\n<\/ul>\n<\/div>\n<div id=\"element-body-18\" class=\"sc-136cd478-0 ekTCfV\">\n<ul>\n<li>Uni\u00f3n 2 &#8211; 0 Deportivo Riestra | Torneo Apertura <\/li>\n<\/ul>\n<\/div>\n<div id=\"element-body-19\" class=\"sc-136cd478-0 ekTCfV\">\n<ul>\n<li>Uni\u00f3n 2 &#8211; 0 Agropecuario | Copa Argentina<\/li>\n<\/ul>\n<\/div>\n<div id=\"element-body-20\" class=\"sc-136cd478-0 ekTCfV\">\n<ul>\n<li>Defensa y Justicia 2 &#8211; 0 Uni\u00f3n | Torneo Apertura<\/li>\n<\/ul>\n<\/div>\n<p><h2><strong>\u00bfA qu\u00e9 hora juegan V\u00e9lez vs. Uni\u00f3n?<\/strong><\/h2>\n<\/p>\n<div id=\"element-body-23\" class=\"sc-136cd478-0 ekTCfV\">\n<p>El partido se disputar\u00e1 el <strong>lunes 27 de abril de 2026 a las 18:45hs<\/strong> en el Estadio Jos\u00e9 Amalfitani.<\/p>\n<\/div>\n<p><h2><strong>\u00bfPor d\u00f3nde ver en vivo V\u00e9lez vs. Uni\u00f3n?<\/strong><\/h2>\n<\/p>\n<div id=\"element-body-25\" class=\"sc-136cd478-0 ekTCfV\">\n<p>El encuentro ser\u00e1 transmitido en vivo por <strong>TNT Sports<\/strong>. Adem\u00e1s, como es de costumbre, vas a poder seguir el minuto a minuto, los videos de los goles y el an\u00e1lisis post-partido a trav\u00e9s de la web de <strong>Ol\u00e9<\/strong>.<\/p>\n<\/div>\n<p><h2><strong>La probable formaci\u00f3n de V\u00e9lez<\/strong><\/h2>\n<\/p>\n<div id=\"element-body-27\" class=\"sc-136cd478-0 ekTCfV\">\n<p>El mi\u00e9rcoles 22 de abril se confirm\u00f3 la lesi\u00f3n de Lisandro Magall\u00e1n, el central titular del Fort\u00edn, que se trata de un desgarro en el isquiotibial izquierdo. Por lo que, en principio, se perder\u00e1 tres semanas de competencia. De todas formas, los Barros Schelotto cuentan con buenos reemplazos en el sector, como Aaron Quir\u00f3s, quien encima corre con la ventaja de ser zurdo y por ende un segundo marcador central natural, y el joven Thiago Silvero.<\/p>\n<\/div>\n<div id=\"element-body-28\" class=\"sc-136cd478-0 ekTCfV\">\n<p>\u00c1lvaro Montero; Joaqu\u00edn Garc\u00eda; Emanuel Mammana; Aaron Quir\u00f3s o Thiago Silvero; El\u00edas G\u00f3mez; Tob\u00edas Andrada; Lucas Robertone; Mat\u00edas Pellegrini; Diego Vald\u00e9s; Manuel Lanzini; Flor\u00edan Monz\u00f3n. <strong>DT: Guillermo Barros Schelotto.<\/strong><\/p>\n<\/div>\n<div class=\"sc-e7b891c4-0 ifHnQL image-embed\" id=\"element-body-29\"><img alt=\"Guillermo Barros Schelotto. (FOTO: V\u00e9lez)\" loading=\"lazy\" width=\"720\" height=\"100\" decoding=\"async\" data-nimg=\"1\" style=\"color:transparent\" src=\"https:\/\/fmamiga909.com.ar\/wp-content\/uploads\/2026\/04\/1777235742_886_ytzqVtdMp_720x0__1.jpg\"\/><span class=\"epigraphe\">Guillermo Barros Schelotto. (FOTO: V\u00e9lez)<\/span><\/div>\n<p><h2><strong>El probable once de Uni\u00f3n<\/strong><\/h2>\n<\/p>\n<div id=\"element-body-31\" class=\"sc-136cd478-0 ekTCfV\">\n<p>El plantel llega con una baja tras la suspensi\u00f3n de Marcelo Estigarribia, por lo que el t\u00e9cnico tendr\u00e1 que decidir qui\u00e9n ocupa su rol. Una de las posibilidades es Agust\u00edn Colazo, a quien lo prob\u00f3 durante el entrenamiento de este jueves y parece quedarse con la titularidad.<\/p>\n<\/div>\n<div id=\"element-body-32\" class=\"sc-136cd478-0 ekTCfV\">\n<p>Mat\u00edas Mansilla; Lautaro Vargas; Maizon Rodr\u00edguez; Juan Pablo Ludue\u00f1a; Mateo del Blanco; Juli\u00e1n Palacios; Mauro Pitt\u00f3n; Rafael Profini; Brahian Cuello; Cristian Tarragona; Agust\u00edn Colazo. <strong>DT: Leonardo Madelon.<\/strong><\/p>\n<\/div>\n<p><h2><strong>\u00bfQui\u00e9n es el \u00e1rbitro de V\u00e9lez vs. Uni\u00f3n?<\/strong><\/h2>\n<\/p>\n<div id=\"element-body-34\" class=\"sc-136cd478-0 ekTCfV\">\n<ul>\n<li><strong>\u00c1rbitro: Sebasti\u00e1n Mart\u00ednez<\/strong><\/li>\n<\/ul>\n<\/div>\n<div id=\"element-body-35\" class=\"sc-136cd478-0 ekTCfV\">\n<ul>\n<li>Asistente 1: Pablo Acevedo<\/li>\n<\/ul>\n<\/div>\n<div id=\"element-body-36\" class=\"sc-136cd478-0 ekTCfV\">\n<ul>\n<li>Asistente 2: Erik Grunmann<\/li>\n<\/ul>\n<\/div>\n<div id=\"element-body-37\" class=\"sc-136cd478-0 ekTCfV\">\n<ul>\n<li>Cuarto \u00e1rbitro: Adri\u00e1n N\u00fa\u00f1ez Rodr\u00edguez<\/li>\n<\/ul>\n<\/div>\n<div id=\"element-body-40\" class=\"sc-a7166897-0 eoLsBE\"><a href=\"https:\/\/www.ole.com.ar\/futbol-primera\/torneo-apertura-clasificaciones-queda-juegan_0_5WSnZLhs6b.html\" aria-label=\"C\u00f3mo qued\u00f3 y qu\u00e9 se juega cada equipo en la fecha 16 del Apertura\" class=\"sc-3c11979e-0 dqpgzy\"\/><\/p>\n<section><picture><img alt=\"C\u00f3mo qued\u00f3 y qu\u00e9 se juega cada equipo en la fecha 16 del Apertura\" loading=\"lazy\" width=\"290\" height=\"290\" decoding=\"async\" data-nimg=\"1\" style=\"color:transparent\" src=\"https:\/\/fmamiga909.com.ar\/wp-content\/uploads\/2026\/04\/1777235743_195_UpTMCvZ4M_290x290__1.jpg\"\/><\/picture>\n<p><span>Mir\u00e1 tambi\u00e9n<\/span><\/p>\n<hr\/>\n<h3>C\u00f3mo qued\u00f3 y qu\u00e9 se juega cada equipo en la fecha 16 del Apertura<\/h3>\n<\/p>\n<\/section>\n<\/div>\n<div id=\"element-body-41\" class=\"sc-a7166897-0 eoLsBE\"><a href=\"https:\/\/www.ole.com.ar\/futbol-primera\/torneo-apertura-anual-fecha-16-apertura-tabla-libertadores-sudamericana-descenso_0_4uWWs1Zme3.html\" aria-label=\"Tabla anual: Independiente Rivadavia arriba, River segundo y Boca en zona de Sudamericana\" class=\"sc-3c11979e-0 dqpgzy\"\/><\/p>\n<section><picture><img alt=\"Tabla anual: Independiente Rivadavia arriba, River segundo y Boca en zona de Sudamericana\" loading=\"lazy\" width=\"290\" height=\"290\" decoding=\"async\" data-nimg=\"1\" style=\"color:transparent\" src=\"https:\/\/fmamiga909.com.ar\/wp-content\/uploads\/2026\/04\/1777235743_242_ST6BbhJuX_290x290__1.jpg\"\/><\/picture>\n<p><span>Mir\u00e1 tambi\u00e9n<\/span><\/p>\n<hr\/>\n<h3>Tabla anual: Independiente Rivadavia arriba, River segundo y Boca en zona de Sudamericana<\/h3>\n<\/p>\n<\/section>\n<\/div>\n<div id=\"element-body-42\" class=\"sc-a7166897-0 eoLsBE\"><a href=\"https:\/\/www.ole.com.ar\/futbol-primera\/llave-apertura-cruces_0_YdGSzMP3V0.html\" aria-label=\"Con cl\u00e1sico de C\u00f3rdoba y River - Independiente, as\u00ed ser\u00edan los cruces de octavos del Apertura en la fecha 16\" class=\"sc-3c11979e-0 dqpgzy\"\/><\/p>\n<section><picture><img alt=\"Con cl\u00e1sico de C\u00f3rdoba y River - Independiente, as\u00ed ser\u00edan los cruces de octavos del Apertura en la fecha 16\" loading=\"lazy\" width=\"290\" height=\"290\" decoding=\"async\" data-nimg=\"1\" style=\"color:transparent\" src=\"https:\/\/fmamiga909.com.ar\/wp-content\/uploads\/2026\/04\/1777235743_266_jTqmB7_qX_290x290__1.jpg\"\/><\/picture>\n<p><span>Mir\u00e1 tambi\u00e9n<\/span><\/p>\n<hr\/>\n<h3>Con cl\u00e1sico de C\u00f3rdoba y River &#8211; Independiente, as\u00ed ser\u00edan los cruces de octavos del Apertura en la fecha 16<\/h3>\n<\/p>\n<\/section>\n<\/div>\n<div id=\"element-body-43\" class=\"sc-a7166897-0 eoLsBE\"><a href=\"https:\/\/www.ole.com.ar\/autos\/colapinto-road-show-demostramos-formula1-volver-calendario-buenosaires_0_SWCv2N6PUr.html\" aria-label=\"Colapinto, luego del Road Show: &quot;Le estamos demostrando a la F1 que merecemos volver al calendario&quot;\" class=\"sc-3c11979e-0 dqpgzy\"\/><\/p>\n<section><picture><img alt=\"Colapinto, luego del Road Show: &quot;Le estamos demostrando a la F1 que merecemos volver al calendario&quot;\" loading=\"lazy\" width=\"290\" height=\"290\" decoding=\"async\" data-nimg=\"1\" style=\"color:transparent\" src=\"https:\/\/fmamiga909.com.ar\/wp-content\/uploads\/2026\/04\/1777235743_603_b3T_ZF7Oy_290x290__1.jpg\"\/><\/picture>\n<p><span>Mir\u00e1 tambi\u00e9n<\/span><\/p>\n<hr\/>\n<h3>Colapinto, luego del Road Show: \u00abLe estamos demostrando a la F1 que merecemos volver al calendario\u00bb<\/h3>\n<\/p>\n<\/section>\n<\/div>\n<\/div>\n<p><a href=\"https:\/\/www.ole.com.ar\/futbol-primera\/velez-union-torneo-apertura-hora-tv-formaciones-fecha-jornada-16-fortin-santafesino_0_Kte182xndU.html\">source<\/a><\/p>\n","protected":false},"excerpt":{"rendered":"<p>26\/04\/2026 17:05hs. Este lunes 27 de abril, el Estadio Jos\u00e9 Amalfitani ser\u00e1 el escenario del&#8230;<\/p>\n","protected":false},"author":3,"featured_media":32718,"comment_status":"closed","ping_status":"closed","sticky":false,"template":"","format":"standard","meta":{"footnotes":""},"categories":[21],"tags":[],"class_list":["post-32717","post","type-post","status-publish","format-standard","has-post-thumbnail","hentry","category-deportes"],"featured_image_urls":{"full":["https:\/\/fmamiga909.com.ar\/wp-content\/uploads\/2026\/04\/wp-header-logo-508.png",720,501,false],"thumbnail":["https:\/\/fmamiga909.com.ar\/wp-content\/uploads\/2026\/04\/wp-header-logo-508-150x150.png",150,150,true],"medium":["https:\/\/fmamiga909.com.ar\/wp-content\/uploads\/2026\/04\/wp-header-logo-508-300x209.png",300,209,true],"medium_large":["https:\/\/fmamiga909.com.ar\/wp-content\/uploads\/2026\/04\/wp-header-logo-508.png",720,501,false],"large":["https:\/\/fmamiga909.com.ar\/wp-content\/uploads\/2026\/04\/wp-header-logo-508.png",640,445,false],"1536x1536":["https:\/\/fmamiga909.com.ar\/wp-content\/uploads\/2026\/04\/wp-header-logo-508.png",720,501,false],"2048x2048":["https:\/\/fmamiga909.com.ar\/wp-content\/uploads\/2026\/04\/wp-header-logo-508.png",720,501,false],"newsium-slider-full":["https:\/\/fmamiga909.com.ar\/wp-content\/uploads\/2026\/04\/wp-header-logo-508.png",720,501,false],"newsium-featured":["https:\/\/fmamiga909.com.ar\/wp-content\/uploads\/2026\/04\/wp-header-logo-508.png",720,501,false],"newsium-medium":["https:\/\/fmamiga909.com.ar\/wp-content\/uploads\/2026\/04\/wp-header-logo-508-720x475.png",720,475,true]},"author_info":{"display_name":"Fredy Giuliano","author_link":"https:\/\/fmamiga909.com.ar\/?author=3"},"category_info":"<a href=\"https:\/\/fmamiga909.com.ar\/?cat=21\" rel=\"category\">Deportes<\/a>","tag_info":"Deportes","comment_count":"0","_links":{"self":[{"href":"https:\/\/fmamiga909.com.ar\/index.php?rest_route=\/wp\/v2\/posts\/32717","targetHints":{"allow":["GET"]}}],"collection":[{"href":"https:\/\/fmamiga909.com.ar\/index.php?rest_route=\/wp\/v2\/posts"}],"about":[{"href":"https:\/\/fmamiga909.com.ar\/index.php?rest_route=\/wp\/v2\/types\/post"}],"author":[{"embeddable":true,"href":"https:\/\/fmamiga909.com.ar\/index.php?rest_route=\/wp\/v2\/users\/3"}],"replies":[{"embeddable":true,"href":"https:\/\/fmamiga909.com.ar\/index.php?rest_route=%2Fwp%2Fv2%2Fcomments&post=32717"}],"version-history":[{"count":0,"href":"https:\/\/fmamiga909.com.ar\/index.php?rest_route=\/wp\/v2\/posts\/32717\/revisions"}],"wp:featuredmedia":[{"embeddable":true,"href":"https:\/\/fmamiga909.com.ar\/index.php?rest_route=\/wp\/v2\/media\/32718"}],"wp:attachment":[{"href":"https:\/\/fmamiga909.com.ar\/index.php?rest_route=%2Fwp%2Fv2%2Fmedia&parent=32717"}],"wp:term":[{"taxonomy":"category","embeddable":true,"href":"https:\/\/fmamiga909.com.ar\/index.php?rest_route=%2Fwp%2Fv2%2Fcategories&post=32717"},{"taxonomy":"post_tag","embeddable":true,"href":"https:\/\/fmamiga909.com.ar\/index.php?rest_route=%2Fwp%2Fv2%2Ftags&post=32717"}],"curies":[{"name":"wp","href":"https:\/\/api.w.org\/{rel}","templated":true}]}}