{"id":32725,"date":"2026-04-26T20:44:11","date_gmt":"2026-04-26T20:44:11","guid":{"rendered":"https:\/\/fmamiga909.com.ar\/?p=32725"},"modified":"2026-04-26T20:44:11","modified_gmt":"2026-04-26T20:44:11","slug":"colapinto-luego-del-road-show-le-estamos-demostrando-a-la-f1-que-merecemos-volver-al-calendario","status":"publish","type":"post","link":"https:\/\/fmamiga909.com.ar\/?p=32725","title":{"rendered":"Colapinto, luego del Road Show: &quot;Le estamos demostrando a la F1 que merecemos volver al calendario&quot;"},"content":{"rendered":"<p><span class=\"createDate\">26\/04\/2026 16:29hs.<\/span><time class=\"modificatedDate\" datetime=\"2026-04-26T16:35:05-03:00\"> Actualizado al 26\/04\/2026 16:35hs.<\/time><\/p>\n<div id=\"storyBody\">\n<div id=\"element-body-0\" class=\"sc-136cd478-0 ekTCfV\">\n<p><strong><a href=\"https:\/\/www.ole.com.ar\/tema\/franco-colapinto.html\" title=\"Franco Colapinto\" alt=\"Franco Colapinto\" class=\"slug\">Franco Colapinto<\/a><\/strong> <a href=\"https:\/\/www.ole.com.ar\/autos\/franco-colapinto-vivo-exhibicion-buenos-aires-hora-ver-tv-online-formula-1_0_6idJphGO6y.html\" target=\"_self\" title=\"hizo vibrar a Buenos Aires.\" alt=\"hizo vibrar a Buenos Aires.\">hizo vibrar a Buenos Aires.<\/a> A bordo del Alpine E20 y de la ic\u00f3nica Flecha de Plata de <a href=\"https:\/\/www.ole.com.ar\/tema\/juan-manuel-fangio.html\" title=\"Juan Manuel Fangio\" alt=\"Juan Manuel Fangio\" class=\"slug\">Juan Manuel Fangio<\/a>, el piloto cautiv\u00f3 a los miles de presentes que se acercaron a la avenida Del Libertador. Con trompos y mucha velocidad, <strong> el pilarense se luci\u00f3 en su Road Show y, ya sobre el final del evento, mostr\u00f3 toda su emoci\u00f3n.<\/strong><\/p>\n<\/div>\n<div id=\"element-body-1\" class=\"sc-136cd478-0 ekTCfV\">\n<p>\u00abSon unos capos. Los amo a los argentinos, son los mejores fans del mundo y est\u00e1 bueno demostrarlo as\u00ed porque <strong> estamos mostrando a la F1 que merecemos volver al calendario y tener una fecha\u00bb, <\/strong> se ilusion\u00f3 Colapinto, quien sue\u00f1a con volver a subirse a un monoplaza en Buenos Aires pero corriendo de manera oficial.<\/p>\n<\/div>\n<div id=\"element-body-2\" class=\"sc-136cd478-0 ekTCfV\">\n<p>En cuanto a sus sensaciones, el piloto se mostr\u00f3 muy emocionado: \u00bb <strong>Personalmente, fue un gran d\u00eda, lo disfrut\u00e9 un mont\u00f3n y es un sue\u00f1o hecho realidad.<\/strong> Muy feliz de disfrutar con toda la gente, que me estuvo bancando desde hace tanto tiempo\u00bb.<\/p>\n<\/div>\n<div class=\"sc-e7b891c4-0 ifHnQL image-embed\" id=\"element-body-3\"><img alt=\"Colapinto se ilusiona con la vuelta de la F\u00f3rmula 1 a Buenos Aires (foto: Cristina Sille).\" loading=\"lazy\" width=\"720\" height=\"100\" decoding=\"async\" data-nimg=\"1\" style=\"color:transparent\" src=\"https:\/\/fmamiga909.com.ar\/wp-content\/uploads\/2026\/04\/1777236250_379_nzlGz2Bk2_720x0__1.jpg\"\/><span class=\"epigraphe\">Colapinto se ilusiona con la vuelta de la F\u00f3rmula 1 a Buenos Aires (foto: Cristina Sille).<\/span><\/div>\n<div id=\"element-body-4\" class=\"sc-136cd478-0 ekTCfV\">\n<p>Y claro, tambi\u00e9n sorprendi\u00f3 con su \u00faltima muestra con el Lotus, donde se la pas\u00f3 haciendo trompos sin manos y <a href=\"https:\/\/www.ole.com.ar\/autos\/franco-colapinto-desato-furia-v8-ultima-salida-trompos-fuego-despedida-pura-emocion-palermo_0_iOoXbmGOqR.html\" target=\"_self\" title=\"hasta termino incendiando el motor:\" alt=\"hasta termino incendiando el motor:\">hasta termino incendiando el motor:<\/a> \u00bb <strong>\u00a1Lo hice sin manos! Y con acelerador, pap\u00e1.<\/strong> Es la primera vez que hice trompos y encima ah\u00ed adentro. La rompimos. <strong>El F\u00f3rmula 1 tiene mucha potencia y es muy divertido hacerlos. <\/strong> El problema es que se me gastaba mucho la goma y no ten\u00eda m\u00e1s grip. Se quem\u00f3 el auto, ja. Ahora vuelve a casa. <strong>Me dijeron que lo cuide, trat\u00e9 de hacerlo pero al final me calent\u00e9 un poquito, ja\u00bb, <\/strong> cont\u00f3 con su cl\u00e1sico buen humor.<\/p>\n<\/div>\n<div id=\"element-body-5\" class=\"sc-136cd478-0 ekTCfV\">\n<p>Luego, hizo un balance de este d\u00eda tan especial: <strong>\u00abEs incre\u00edble lo que gener\u00f3, me pone muy feliz y demuestra lo que somos los argentinos. <\/strong> Nunca pens\u00e9 que iba a vivir algo as\u00ed. Es un placer haber tra\u00eddo este show. Estoy cayendo de a poco. Es una locura la cantidad de gente que vino. <strong>Soy un agradecido, pocos tienen la chance de hacer un evento as\u00ed en su pa\u00eds. No me lo voy a olvidar m\u00e1s\u00bb.<\/strong><\/p>\n<\/div>\n<div id=\"element-body-6\" class=\"sc-136cd478-0 ekTCfV\">\n<p>Y otra vez, se ilusion\u00f3 con la vuelta del Gran Premio de Buenos Aires: <strong>\u00ab\u00bf500 mil personas vinieron? Es r\u00e9cord. Si hacemos un Gran Premio lo llenamos y hacemos r\u00e9cord. Si en un d\u00eda ya juntamos 500 mil personas&#8230; <\/strong> El r\u00e9cord era de Silverstone con 500 mil pero en tres d\u00edas. Les agradezco a todos, es incre\u00edble. Veo a gente colgada de todos lados, ja\u00bb, agreg\u00f3 un Colapinto emocionado, tratando de caer mientras observaba toda la locura que \u00e9l mismo gener\u00f3 en este d\u00eda hist\u00f3rico para el automovilismo nacional.<\/p>\n<\/div>\n<div class=\"sc-e7b891c4-0 ifHnQL image-embed\" id=\"element-body-7\"><img alt=\"Colapinto cont\u00f3 que &quot;es un sue\u00f1o hecho realidad&quot; (REUTERS\/Tomas Cuesta).\" loading=\"lazy\" width=\"720\" height=\"100\" decoding=\"async\" data-nimg=\"1\" style=\"color:transparent\" src=\"https:\/\/fmamiga909.com.ar\/wp-content\/uploads\/2026\/04\/JlaxMsihg_720x0__1.jpg\"\/><span class=\"epigraphe\">Colapinto cont\u00f3 que \u00abes un sue\u00f1o hecho realidad\u00bb (REUTERS\/Tomas Cuesta).<\/span><\/div>\n<div id=\"element-body-8\" class=\"sc-136cd478-0 ekTCfV\">\n<p>As\u00ed y todo, el pilarense ya se enfoca en lo que ser\u00e1 el Gran Premio de Miami, el pr\u00f3ximo fin de semana: <strong>\u00abMe voy recargado para Miami. <\/strong> Toca enfocarse en eso y tratar de hacer lo mejor. <strong>Siempre buscamos dejar a Argentina en lo m\u00e1s alto y ojal\u00e1 que Miami sea un gran finde\u00bb<\/strong>, cerr\u00f3.<\/p>\n<\/div>\n<p><h2><strong>Lo mejor de Colapinto en Buenos Aires<\/strong><\/h2>\n<\/p>\n<div id=\"element-body-10\" class=\"sc-ef81c825-1 evSCNc\"><figcaption class=\"JWvideoNota_title\">\n<p>@cami.corrales &#8211; @silvaffabrizio.<\/p>\n<\/figcaption><\/div>\n<div id=\"element-body-11\" class=\"sc-ef81c825-1 evSCNc\"><figcaption class=\"JWvideoNota_title\">\n<p>@cami.corrales &#8211; @sivlaffabrizio<\/p>\n<\/figcaption><\/div>\n<div id=\"element-body-12\" class=\"sc-ef81c825-1 evSCNc\"><figcaption class=\"JWvideoNota_title\">\n<p>El piloto argentino arranc\u00f3 el show en Argentina<\/p>\n<\/figcaption><\/div>\n<div id=\"element-body-13\" class=\"sc-a7166897-0 eoLsBE\"><a href=\"https:\/\/www.ole.com.ar\/autos\/franco-colapinto-vivo-exhibicion-buenos-aires-hora-ver-tv-online-formula-1_0_6idJphGO6y.html\" aria-label=\"As\u00ed fue la exhibici\u00f3n de Franco Colapinto en Buenos Aires\" class=\"sc-3c11979e-0 dqpgzy\"\/><\/p>\n<section><picture><img alt=\"As\u00ed fue la exhibici\u00f3n de Franco Colapinto en Buenos Aires\" loading=\"lazy\" width=\"290\" height=\"290\" decoding=\"async\" data-nimg=\"1\" style=\"color:transparent\" src=\"https:\/\/fmamiga909.com.ar\/wp-content\/uploads\/2026\/04\/1777236250_920_NaiFGP2NZ_290x290__1.jpg\"\/><\/picture>\n<p><span>Mir\u00e1 tambi\u00e9n<\/span><\/p>\n<hr\/>\n<h3>As\u00ed fue la exhibici\u00f3n de Franco Colapinto en Buenos Aires<\/h3>\n<\/p>\n<\/section>\n<\/div>\n<div id=\"element-body-14\" class=\"sc-a7166897-0 eoLsBE\"><a href=\"https:\/\/www.ole.com.ar\/boca-juniors\/paredes-merentiel-colapinto-f1-alpine-palermo_0_WsrdKOj4Tn.html\" aria-label=\"Paredes y Merentiel, parte de la escena bostera del d\u00eda de Colapinto\" class=\"sc-3c11979e-0 dqpgzy\"\/><\/p>\n<section><picture><img alt=\"Paredes y Merentiel, parte de la escena bostera del d\u00eda de Colapinto\" loading=\"lazy\" width=\"290\" height=\"290\" decoding=\"async\" data-nimg=\"1\" style=\"color:transparent\" src=\"https:\/\/fmamiga909.com.ar\/wp-content\/uploads\/2026\/04\/1777236250_235_NFM1FyJv__290x290__1.jpg\"\/><\/picture>\n<p><span>Mir\u00e1 tambi\u00e9n<\/span><\/p>\n<hr\/>\n<h3>Paredes y Merentiel, parte de la escena bostera del d\u00eda de Colapinto<\/h3>\n<\/p>\n<\/section>\n<\/div>\n<div id=\"element-body-15\" class=\"sc-a7166897-0 eoLsBE\"><a href=\"https:\/\/www.ole.com.ar\/autos\/franco-colapinto-desato-furia-v8-ultima-salida-trompos-fuego-despedida-pura-emocion-palermo_0_iOoXbmGOqR.html\" aria-label=\"Franco Colapinto desat\u00f3 la furia del V8 en la \u00faltima salida: trompos, fuego y una despedida a pura emoci\u00f3n en Palermo\" class=\"sc-3c11979e-0 dqpgzy\"\/><\/p>\n<section><picture><img alt=\"Franco Colapinto desat\u00f3 la furia del V8 en la \u00faltima salida: trompos, fuego y una despedida a pura emoci\u00f3n en Palermo\" loading=\"lazy\" width=\"290\" height=\"290\" decoding=\"async\" data-nimg=\"1\" style=\"color:transparent\" src=\"https:\/\/fmamiga909.com.ar\/wp-content\/uploads\/2026\/04\/Bm7KW0ATh_290x290__1.jpg\"\/><\/picture>\n<p><span>Mir\u00e1 tambi\u00e9n<\/span><\/p>\n<hr\/>\n<h3>Franco Colapinto desat\u00f3 la furia del V8 en la \u00faltima salida: trompos, fuego y una despedida a pura emoci\u00f3n en Palermo<\/h3>\n<\/p>\n<\/section>\n<\/div>\n<div id=\"element-body-16\" class=\"sc-a7166897-0 eoLsBE\"><a href=\"https:\/\/www.ole.com.ar\/autos\/figuras-deporte-presentesm-road-show-colapinto_0_9HRcSKIacs.html\" aria-label=\"De Paredes a Bizarrap, las principales figuras que estuvieron presentes en el Road Show de Colapinto\" class=\"sc-3c11979e-0 dqpgzy\"\/><\/p>\n<section><picture><img alt=\"De Paredes a Bizarrap, las principales figuras que estuvieron presentes en el Road Show de Colapinto\" loading=\"lazy\" width=\"290\" height=\"290\" decoding=\"async\" data-nimg=\"1\" style=\"color:transparent\" src=\"https:\/\/fmamiga909.com.ar\/wp-content\/uploads\/2026\/04\/1777236251_46_E3xh-80q4_290x290__1.jpg\"\/><\/picture>\n<p><span>Mir\u00e1 tambi\u00e9n<\/span><\/p>\n<hr\/>\n<h3>De Paredes a Bizarrap, las principales figuras que estuvieron presentes en el Road Show de Colapinto<\/h3>\n<\/p>\n<\/section>\n<\/div>\n<\/div>\n<p><a href=\"https:\/\/www.ole.com.ar\/autos\/colapinto-road-show-demostramos-formula1-volver-calendario-buenosaires_0_SWCv2N6PUr.html\">source<\/a><\/p>\n","protected":false},"excerpt":{"rendered":"<p>26\/04\/2026 16:29hs. Actualizado al 26\/04\/2026 16:35hs. Franco Colapinto hizo vibrar a Buenos Aires. A bordo&#8230;<\/p>\n","protected":false},"author":3,"featured_media":32726,"comment_status":"closed","ping_status":"closed","sticky":false,"template":"","format":"standard","meta":{"footnotes":""},"categories":[21],"tags":[],"class_list":["post-32725","post","type-post","status-publish","format-standard","has-post-thumbnail","hentry","category-deportes"],"featured_image_urls":{"full":["https:\/\/fmamiga909.com.ar\/wp-content\/uploads\/2026\/04\/wp-header-logo-509.png",720,480,false],"thumbnail":["https:\/\/fmamiga909.com.ar\/wp-content\/uploads\/2026\/04\/wp-header-logo-509-150x150.png",150,150,true],"medium":["https:\/\/fmamiga909.com.ar\/wp-content\/uploads\/2026\/04\/wp-header-logo-509-300x200.png",300,200,true],"medium_large":["https:\/\/fmamiga909.com.ar\/wp-content\/uploads\/2026\/04\/wp-header-logo-509.png",720,480,false],"large":["https:\/\/fmamiga909.com.ar\/wp-content\/uploads\/2026\/04\/wp-header-logo-509.png",640,427,false],"1536x1536":["https:\/\/fmamiga909.com.ar\/wp-content\/uploads\/2026\/04\/wp-header-logo-509.png",720,480,false],"2048x2048":["https:\/\/fmamiga909.com.ar\/wp-content\/uploads\/2026\/04\/wp-header-logo-509.png",720,480,false],"newsium-slider-full":["https:\/\/fmamiga909.com.ar\/wp-content\/uploads\/2026\/04\/wp-header-logo-509.png",720,480,false],"newsium-featured":["https:\/\/fmamiga909.com.ar\/wp-content\/uploads\/2026\/04\/wp-header-logo-509.png",720,480,false],"newsium-medium":["https:\/\/fmamiga909.com.ar\/wp-content\/uploads\/2026\/04\/wp-header-logo-509-720x475.png",720,475,true]},"author_info":{"display_name":"Fredy Giuliano","author_link":"https:\/\/fmamiga909.com.ar\/?author=3"},"category_info":"<a href=\"https:\/\/fmamiga909.com.ar\/?cat=21\" rel=\"category\">Deportes<\/a>","tag_info":"Deportes","comment_count":"0","_links":{"self":[{"href":"https:\/\/fmamiga909.com.ar\/index.php?rest_route=\/wp\/v2\/posts\/32725","targetHints":{"allow":["GET"]}}],"collection":[{"href":"https:\/\/fmamiga909.com.ar\/index.php?rest_route=\/wp\/v2\/posts"}],"about":[{"href":"https:\/\/fmamiga909.com.ar\/index.php?rest_route=\/wp\/v2\/types\/post"}],"author":[{"embeddable":true,"href":"https:\/\/fmamiga909.com.ar\/index.php?rest_route=\/wp\/v2\/users\/3"}],"replies":[{"embeddable":true,"href":"https:\/\/fmamiga909.com.ar\/index.php?rest_route=%2Fwp%2Fv2%2Fcomments&post=32725"}],"version-history":[{"count":0,"href":"https:\/\/fmamiga909.com.ar\/index.php?rest_route=\/wp\/v2\/posts\/32725\/revisions"}],"wp:featuredmedia":[{"embeddable":true,"href":"https:\/\/fmamiga909.com.ar\/index.php?rest_route=\/wp\/v2\/media\/32726"}],"wp:attachment":[{"href":"https:\/\/fmamiga909.com.ar\/index.php?rest_route=%2Fwp%2Fv2%2Fmedia&parent=32725"}],"wp:term":[{"taxonomy":"category","embeddable":true,"href":"https:\/\/fmamiga909.com.ar\/index.php?rest_route=%2Fwp%2Fv2%2Fcategories&post=32725"},{"taxonomy":"post_tag","embeddable":true,"href":"https:\/\/fmamiga909.com.ar\/index.php?rest_route=%2Fwp%2Fv2%2Ftags&post=32725"}],"curies":[{"name":"wp","href":"https:\/\/api.w.org\/{rel}","templated":true}]}}