{"id":32779,"date":"2026-04-27T08:28:22","date_gmt":"2026-04-27T08:28:22","guid":{"rendered":"https:\/\/fmamiga909.com.ar\/?p=32779"},"modified":"2026-04-27T08:28:22","modified_gmt":"2026-04-27T08:28:22","slug":"el-racing-de-montevideo-de-cavenaghi-se-consagro-campeon-del-apertura-en-uruguay","status":"publish","type":"post","link":"https:\/\/fmamiga909.com.ar\/?p=32779","title":{"rendered":"El Racing de Montevideo de Cavenaghi se consagr\u00f3 campe\u00f3n del Apertura en Uruguay"},"content":{"rendered":"<p><time class=\"createDate\" datetime=\"2026-04-26T21:59:34-03:00\">26\/04\/2026 21:59hs.<\/time><\/p>\n<div id=\"storyBody\">\n<div id=\"element-body-0\" class=\"sc-136cd478-0 ekTCfV\">\n<p>Despu\u00e9s de una tremenda campa\u00f1a con Cristian Chambian a la cabeza del equipo, <strong><a href=\"https:\/\/www.ole.com.ar\/tema\/racing-de-uruguay.html\" title=\"Racing de Uruguay\" alt=\"Racing de Uruguay\" class=\"slug\">Racing de Montevideo<\/a><\/strong> <strong>se qued\u00f3 con el Apertura de la Liga AUF<\/strong>. Con su reciente triunfo por 1 a 0 frente a Cerro Largo y la derrota de <strong><a href=\"https:\/\/www.ole.com.ar\/tema\/penarol.html\" title=\"Pe\u00f1arol\" alt=\"Pe\u00f1arol\" class=\"slug\">Pe\u00f1arol<\/a><\/strong> contra Montevideo Wanderers, partido que los jugadores de la Escuelita siguieron desde el micro, <strong>el club del que una porci\u00f3n sigue perteneci\u00e9ndole a <a href=\"https:\/\/www.ole.com.ar\/tema\/fernando-cavenaghi.html\" title=\"Fernando Cavenaghi\" alt=\"Fernando Cavenaghi\" class=\"slug\">Fernando Cavenaghi<\/a> se consagr\u00f3 campe\u00f3n<\/strong>. <\/p>\n<\/div>\n<div id=\"element-body-1\" class=\"sc-136cd478-0 ekTCfV\">\n<p>Con su triunfo en cancha de <strong><a href=\"https:\/\/www.ole.com.ar\/tema\/cerro-largo-fc.html\" title=\"Cerro Largo FC\" alt=\"Cerro Largo FC\" class=\"slug\">Cerro Largo<\/a><\/strong>, el equipo montevideano <strong>alcanz\u00f3 los 30 puntos y les sac\u00f3 siete unidades a Deportivo Maldonado y al Manya<\/strong>. Sin embargo, a falta de dos fechas del final deb\u00eda esperar a que el Carbonero no le ganase su partido frente a Wanderers, algo que sucedi\u00f3 y que los propios futbolistas de Racing vieron desde el micro, donde comenzaron los festejos del campe\u00f3n.<\/p>\n<\/div>\n<div class=\"sc-e7b891c4-0 ifHnQL image-embed\" id=\"element-body-2\"><img alt=\"El plantel del campe\u00f3n (Foto: Prensa Racing de Montevideo).\" loading=\"lazy\" width=\"720\" height=\"100\" decoding=\"async\" data-nimg=\"1\" style=\"color:transparent\" src=\"https:\/\/fmamiga909.com.ar\/wp-content\/uploads\/2026\/04\/fRisHIWnS_720x0__1.jpg\"\/><span class=\"epigraphe\">El plantel del campe\u00f3n (Foto: Prensa Racing de Montevideo).<\/span><\/div>\n<div id=\"element-body-3\" class=\"sc-136cd478-0 ekTCfV\">\n<p>En total, el conjunto dirigido por Chambian cerr\u00f3 una campa\u00f1a hist\u00f3rica: gan\u00f3 nueve partidos, empat\u00f3 tres y perdi\u00f3 apenas uno -en el debut frente a Deportivo Maldonado-. A estos tremendos n\u00fameros, que le permitieron sumar sus 30 unidades, el conjunto uruguayo le sum\u00f3 22 goles a favor -fue junto con Albion FC el que m\u00e1s convirti\u00f3- y apenas 11 en contra -fue el segundo que menos recibi\u00f3-.<\/p>\n<\/div>\n<p><h2><strong>Video: los jugadores de Racing de Montevideo se enteraron en el micro que salieron campeones<\/strong><\/h2>\n<\/p>\n<p><h2><strong>As\u00ed fue la historia de Cavenaghi con el club uruguayo<\/strong><\/h2>\n<\/p>\n<div id=\"element-body-7\" class=\"sc-136cd478-0 ekTCfV\">\n<p>En febrero de 2021, <strong>Cavenaghi sorprendi\u00f3 a todos cuando compr\u00f3 -con el Chori Dom\u00ednguez- a Racing de Montevideo<\/strong>. Tras casi tres a\u00f1os de gesti\u00f3n, en el que consigui\u00f3 llevar al club a la Primera Divisi\u00f3n de Uruguay y sostenerlo en la categor\u00eda, ex River vendi\u00f3 en diciembre pasado la mayor\u00eda de las acciones a Red&amp;Gold Football, un grupo inversor compuesto por el Bayern Munich y Los \u00c1ngeles FC, de la MLS.<\/p>\n<\/div>\n<div class=\"sc-e7b891c4-0 ifHnQL image-embed\" id=\"element-body-8\"><img alt=\"Cavenaghi, director deportivo de Racing.\" loading=\"lazy\" width=\"720\" height=\"100\" decoding=\"async\" data-nimg=\"1\" style=\"color:transparent\" src=\"https:\/\/fmamiga909.com.ar\/wp-content\/uploads\/2026\/04\/gN6_GMPLx_720x0__1.jpg\"\/><span class=\"epigraphe\">Cavenaghi, director deportivo de Racing.<\/span><\/div>\n<div id=\"element-body-9\" class=\"sc-136cd478-0 ekTCfV\">\n<p>Pese a esta venta, <strong>Cave siendo el director deportivo y, junto a Santiago Rossi, mantiene el 15% de las acciones de Racing de Montevideo<\/strong>, mientras que el resto est\u00e1 en poder del mencionado grupo compuesto por el Bayern Munich y Los \u00c1ngeles FC.<\/p>\n<\/div>\n<div id=\"element-body-10\" class=\"sc-a7166897-0 eoLsBE\"><a href=\"https:\/\/www.ole.com.ar\/futbol-internacional\/ronaldo-traumatismo-seried-independencia_0_xGNfYOgZrb.html\" aria-label=\"Video: se temi\u00f3 por la vida de un jugador y se pusieron a rezar mientras lo atend\u00edan\" class=\"sc-3c11979e-0 dqpgzy\"\/><\/p>\n<section><picture><img alt=\"Video: se temi\u00f3 por la vida de un jugador y se pusieron a rezar mientras lo atend\u00edan\" loading=\"lazy\" width=\"290\" height=\"290\" decoding=\"async\" data-nimg=\"1\" style=\"color:transparent\" src=\"https:\/\/fmamiga909.com.ar\/wp-content\/uploads\/2026\/04\/SWmFx-8Xs_290x290__1.jpg\"\/><\/picture>\n<p><span>Mir\u00e1 tambi\u00e9n<\/span><\/p>\n<hr\/>\n<h3>Video: se temi\u00f3 por la vida de un jugador y se pusieron a rezar mientras lo atend\u00edan<\/h3>\n<\/p>\n<\/section>\n<\/div>\n<div id=\"element-body-11\" class=\"sc-a7166897-0 eoLsBE\"><a href=\"https:\/\/www.ole.com.ar\/futbol-internacional\/neymar-santos-ausencia-entrenamiento-duda-viaja-argentina-san-lorenzo-sudamericana_0_g47ZpnYrsJ.html\" aria-label=\"Neymar, ausente en el entrenamiento de Santos: \u00bfviaja a Argentina para jugar contra San Lorenzo?\" class=\"sc-3c11979e-0 dqpgzy\"\/><\/p>\n<section><picture><img alt=\"Neymar, ausente en el entrenamiento de Santos: \u00bfviaja a Argentina para jugar contra San Lorenzo?\" loading=\"lazy\" width=\"290\" height=\"290\" decoding=\"async\" data-nimg=\"1\" style=\"color:transparent\" src=\"https:\/\/fmamiga909.com.ar\/wp-content\/uploads\/2026\/04\/EUUxyx96R_290x290__1.jpg\"\/><\/picture>\n<p><span>Mir\u00e1 tambi\u00e9n<\/span><\/p>\n<hr\/>\n<h3>Neymar, ausente en el entrenamiento de Santos: \u00bfviaja a Argentina para jugar contra San Lorenzo?<\/h3>\n<\/p>\n<\/section>\n<\/div>\n<div id=\"element-body-12\" class=\"sc-a7166897-0 eoLsBE\"><a href=\"https:\/\/www.ole.com.ar\/mundial\/xavi-simons-lesion-paso-tottenham-paises-bajos-pierde-mundial-premier-league_0_R6l29CbCka.html\" aria-label=\"La figura que se pierde el Mundial con Pa\u00edses Bajos y el final de la Premier con el Tottenham\" class=\"sc-3c11979e-0 dqpgzy\"\/><\/p>\n<section><picture><img alt=\"La figura que se pierde el Mundial con Pa\u00edses Bajos y el final de la Premier con el Tottenham\" loading=\"lazy\" width=\"290\" height=\"290\" decoding=\"async\" data-nimg=\"1\" style=\"color:transparent\" src=\"https:\/\/fmamiga909.com.ar\/wp-content\/uploads\/2026\/04\/cUdcGGR4J_290x290__1.jpg\"\/><\/picture>\n<p><span>Mir\u00e1 tambi\u00e9n<\/span><\/p>\n<hr\/>\n<h3>La figura que se pierde el Mundial con Pa\u00edses Bajos y el final de la Premier con el Tottenham<\/h3>\n<\/p>\n<\/section>\n<\/div>\n<\/div>\n<p><a href=\"https:\/\/www.ole.com.ar\/futbol-internacional\/america\/racing-montevideo-fernando-cavenaghi-campeon-apertura-uruguay_0_03FITW4T7e.html\">source<\/a><\/p>\n","protected":false},"excerpt":{"rendered":"<p>26\/04\/2026 21:59hs. Despu\u00e9s de una tremenda campa\u00f1a con Cristian Chambian a la cabeza del equipo,&#8230;<\/p>\n","protected":false},"author":3,"featured_media":32780,"comment_status":"closed","ping_status":"closed","sticky":false,"template":"","format":"standard","meta":{"footnotes":""},"categories":[21],"tags":[],"class_list":["post-32779","post","type-post","status-publish","format-standard","has-post-thumbnail","hentry","category-deportes"],"featured_image_urls":{"full":["https:\/\/fmamiga909.com.ar\/wp-content\/uploads\/2026\/04\/wp-header-logo-515.png",720,877,false],"thumbnail":["https:\/\/fmamiga909.com.ar\/wp-content\/uploads\/2026\/04\/wp-header-logo-515-150x150.png",150,150,true],"medium":["https:\/\/fmamiga909.com.ar\/wp-content\/uploads\/2026\/04\/wp-header-logo-515-246x300.png",246,300,true],"medium_large":["https:\/\/fmamiga909.com.ar\/wp-content\/uploads\/2026\/04\/wp-header-logo-515.png",720,877,false],"large":["https:\/\/fmamiga909.com.ar\/wp-content\/uploads\/2026\/04\/wp-header-logo-515.png",640,780,false],"1536x1536":["https:\/\/fmamiga909.com.ar\/wp-content\/uploads\/2026\/04\/wp-header-logo-515.png",720,877,false],"2048x2048":["https:\/\/fmamiga909.com.ar\/wp-content\/uploads\/2026\/04\/wp-header-logo-515.png",720,877,false],"newsium-slider-full":["https:\/\/fmamiga909.com.ar\/wp-content\/uploads\/2026\/04\/wp-header-logo-515-720x845.png",720,845,true],"newsium-featured":["https:\/\/fmamiga909.com.ar\/wp-content\/uploads\/2026\/04\/wp-header-logo-515.png",720,877,false],"newsium-medium":["https:\/\/fmamiga909.com.ar\/wp-content\/uploads\/2026\/04\/wp-header-logo-515-720x475.png",720,475,true]},"author_info":{"display_name":"Fredy Giuliano","author_link":"https:\/\/fmamiga909.com.ar\/?author=3"},"category_info":"<a href=\"https:\/\/fmamiga909.com.ar\/?cat=21\" rel=\"category\">Deportes<\/a>","tag_info":"Deportes","comment_count":"0","_links":{"self":[{"href":"https:\/\/fmamiga909.com.ar\/index.php?rest_route=\/wp\/v2\/posts\/32779","targetHints":{"allow":["GET"]}}],"collection":[{"href":"https:\/\/fmamiga909.com.ar\/index.php?rest_route=\/wp\/v2\/posts"}],"about":[{"href":"https:\/\/fmamiga909.com.ar\/index.php?rest_route=\/wp\/v2\/types\/post"}],"author":[{"embeddable":true,"href":"https:\/\/fmamiga909.com.ar\/index.php?rest_route=\/wp\/v2\/users\/3"}],"replies":[{"embeddable":true,"href":"https:\/\/fmamiga909.com.ar\/index.php?rest_route=%2Fwp%2Fv2%2Fcomments&post=32779"}],"version-history":[{"count":0,"href":"https:\/\/fmamiga909.com.ar\/index.php?rest_route=\/wp\/v2\/posts\/32779\/revisions"}],"wp:featuredmedia":[{"embeddable":true,"href":"https:\/\/fmamiga909.com.ar\/index.php?rest_route=\/wp\/v2\/media\/32780"}],"wp:attachment":[{"href":"https:\/\/fmamiga909.com.ar\/index.php?rest_route=%2Fwp%2Fv2%2Fmedia&parent=32779"}],"wp:term":[{"taxonomy":"category","embeddable":true,"href":"https:\/\/fmamiga909.com.ar\/index.php?rest_route=%2Fwp%2Fv2%2Fcategories&post=32779"},{"taxonomy":"post_tag","embeddable":true,"href":"https:\/\/fmamiga909.com.ar\/index.php?rest_route=%2Fwp%2Fv2%2Ftags&post=32779"}],"curies":[{"name":"wp","href":"https:\/\/api.w.org\/{rel}","templated":true}]}}