{"id":32802,"date":"2026-04-27T08:36:26","date_gmt":"2026-04-27T08:36:26","guid":{"rendered":"https:\/\/fmamiga909.com.ar\/?p=32802"},"modified":"2026-04-27T08:36:26","modified_gmt":"2026-04-27T08:36:26","slug":"atento-boca-el-desgaste-extra-que-hizo-cruzeiro-antes-del-partido-de-libertadores","status":"publish","type":"post","link":"https:\/\/fmamiga909.com.ar\/?p=32802","title":{"rendered":"Atento Boca: el desgaste extra que hizo Cruzeiro antes del partido de Libertadores"},"content":{"rendered":"<p><time class=\"createDate\" datetime=\"2026-04-26T21:25:10-03:00\">26\/04\/2026 21:25hs.<\/time><\/p>\n<div id=\"storyBody\">\n<div id=\"element-body-0\" class=\"sc-136cd478-0 ekTCfV\">\n<p>A diferencia de <strong><a href=\"https:\/\/www.ole.com.ar\/tema\/boca-juniors.html\" title=\"Boca Juniors\" alt=\"Boca Juniors\" class=\"slug\">Boca<\/a><\/strong>, que el jueves pasado gole\u00f3 a Defensa de visitante con una alineaci\u00f3n alternativa, <strong><a href=\"https:\/\/www.ole.com.ar\/tema\/cruzeiro.html\" title=\"Cruzeiro\" alt=\"Cruzeiro\" class=\"slug\">Cruzeiro<\/a> se vio obligado a poner a casi todos sus titulares el s\u00e1bado frente a Remo en condici\u00f3n de visitante, en lo que fue un enfrentamiento clave por el descenso. S\u00ed, todo a horas del enfrentamiento de este martes porla tercera jornada de la fase de grupos de la <a href=\"https:\/\/www.ole.com.ar\/tema\/copa-libertadores.html\" title=\"Copa Libertadores\" alt=\"Copa Libertadores\" class=\"slug\">Copa Libertadores<\/a>.<\/strong><\/p>\n<\/div>\n<div id=\"element-body-1\" class=\"sc-136cd478-0 ekTCfV\">\n<p><strong>La buena para los brasile\u00f1os es que ganaron 1-0 con el gol del ingresado Keny Arroyo y respiraron en la tabla de posiciones del Brasileirao. <\/strong> Eso s\u00ed, al DT Artur Jorge no le qued\u00f3 otra que usar a varios jugadores del 11 titular, de manera tal que <strong>llegar\u00e1n con poco descanso para enfrentar a Boca ma\u00f1ana por la Copa.<\/strong><\/p>\n<\/div>\n<div id=\"element-body-2\" class=\"sc-136cd478-0 ekTCfV\">\n<p><strong>Con esta victoria llegaron a 16 unidades y subieron al puesto 11 de la tabla de posiciones,<\/strong> superando a otros como Gremio, Corinthians, Santos e Inter de Porto Alegre. En esa condiciones van a recibir a Boca, un poco aliviados, <strong>pero con la obligaci\u00f3n de conseguir los tres puntos en la Copa.<\/strong><\/p>\n<\/div>\n<div class=\"sc-e7b891c4-0 ifHnQL image-embed\" id=\"element-body-3\"><img alt=\"Cruzeiro gan\u00f3 un partido clave por el descenso en el Brasileirao. El martes recibir\u00e1 a Boca en Belo Horizonte (Foto: ge.globo).\" loading=\"lazy\" width=\"720\" height=\"100\" decoding=\"async\" data-nimg=\"1\" style=\"color:transparent\" src=\"https:\/\/fmamiga909.com.ar\/wp-content\/uploads\/2026\/04\/xaMwdFpI1_720x0__1.jpg\"\/><span class=\"epigraphe\">Cruzeiro gan\u00f3 un partido clave por el descenso en el Brasileirao. El martes recibir\u00e1 a Boca en Belo Horizonte (Foto: ge.globo).<\/span><\/div>\n<div id=\"element-body-4\" class=\"sc-136cd478-0 ekTCfV\">\n<p> No es un dato menor, ya que los brasile\u00f1os no arrancaron del todo bien en el Grupo D de la Libertadores: <strong>suma tres unidades en dos partidos (le gan\u00f3 1-0 a <a href=\"https:\/\/www.ole.com.ar\/tema\/barcelona-de-guayaquil.html\" title=\"Barcelona de Guayaquil\" alt=\"Barcelona de Guayaquil\" class=\"slug\">Barcelona en Ecuador<\/a> y perdi\u00f3 2-1 con <a href=\"https:\/\/www.ole.com.ar\/tema\/universidad-catolica.html\" title=\"Universidad Cat\u00f3lica\" alt=\"Universidad Cat\u00f3lica\" class=\"slug\">Universidad Cat\u00f3lica<\/a> en Belo Horizonte)<\/strong>, raz\u00f3n por la que est\u00e1 obligado a sacar un buen resultado ante el Xeneize.<\/p>\n<\/div>\n<div id=\"element-body-5\" class=\"sc-136cd478-0 ekTCfV\">\n<p>Y s\u00ed, lo har\u00e1 con pocas horas de descanso entre un partido y otro. <strong>Ah, y como si fuera poco, el pr\u00f3ximo finde disputar\u00e1 nada menos que el cl\u00e1sico frente a Atl\u00e9tico Mineiro.<\/strong><\/p>\n<\/div>\n<p><h2><strong>LA FORMACI\u00d3N DE CRUZEIRO VS. REMO EN EL BRASILEIRAO<\/strong><\/h2>\n<\/p>\n<div id=\"element-body-7\" class=\"sc-136cd478-0 ekTCfV\">\n<p><strong>Matheus Cunha; Kau\u00e3 Moraes, Jo\u00e3o Marcelo, Jonathan y Kaiki Bruno; Lucas Romero, G\u00e9rson, Keny Arroyo, Bruno Rodrigues, Christian; y Kaio Jorge.<\/strong><\/p>\n<\/div>\n<p><h2><strong>EL GOL CON EL QUE GAN\u00d3 CRUZEIRO ANTES DE RECIBIR A BOCA<\/strong><\/h2>\n<\/p>\n<div id=\"element-body-9\" class=\"sc-ef81c825-1 evSCNc\"><figcaption class=\"JWvideoNota_title\">\n<p>El equipo brasile\u00f1o us\u00f3 mayor\u00eda de titulares antes de jugar con Boca<\/p>\n<\/figcaption><\/div>\n<div id=\"element-body-10\" class=\"sc-a7166897-0 eoLsBE\"><a href=\"https:\/\/www.ole.com.ar\/boca-juniors\/boca-equipo-11-cruzeiro-copa-libertadores-leandro-paredes_0_vcTz0FJsTM.html\" aria-label=\"Ubeda prepara el 11 de luxe para jugar con Cruzeiro en la Libertadores\" class=\"sc-3c11979e-0 dqpgzy\"\/><\/p>\n<section><picture><img alt=\"Ubeda prepara el 11 de luxe para jugar con Cruzeiro en la Libertadores\" loading=\"lazy\" width=\"290\" height=\"290\" decoding=\"async\" data-nimg=\"1\" style=\"color:transparent\" src=\"https:\/\/fmamiga909.com.ar\/wp-content\/uploads\/2026\/04\/rGWMccF77_290x290__1.jpg\"\/><\/picture>\n<p><span>Mir\u00e1 tambi\u00e9n<\/span><\/p>\n<hr\/>\n<h3>Ubeda prepara el 11 de luxe para jugar con Cruzeiro en la Libertadores<\/h3>\n<\/p>\n<\/section>\n<\/div>\n<div id=\"element-body-11\" class=\"sc-a7166897-0 eoLsBE\"><a href=\"https:\/\/www.ole.com.ar\/boca-juniors\/razones-boca-elecciones-roman-reeleccion-estatuto_0_Kr9qVfGbnx.html\" aria-label=\"El motivo por el que el estatuto de Boca le permite a Riquelme ser candidato en 2027\" class=\"sc-3c11979e-0 dqpgzy\"\/><\/p>\n<section><picture><img alt=\"El motivo por el que el estatuto de Boca le permite a Riquelme ser candidato en 2027\" loading=\"lazy\" width=\"290\" height=\"290\" decoding=\"async\" data-nimg=\"1\" style=\"color:transparent\" src=\"https:\/\/fmamiga909.com.ar\/wp-content\/uploads\/2026\/04\/xM5zY4gbx_290x290__1.jpg\"\/><\/picture>\n<p><span>Mir\u00e1 tambi\u00e9n<\/span><\/p>\n<hr\/>\n<h3>El motivo por el que el estatuto de Boca le permite a Riquelme ser candidato en 2027<\/h3>\n<\/p>\n<\/section>\n<\/div>\n<div id=\"element-body-12\" class=\"sc-a7166897-0 eoLsBE\"><a href=\"https:\/\/www.ole.com.ar\/boca-juniors\/paredes-merentiel-colapinto-f1-alpine-palermo_0_WsrdKOj4Tn.html\" aria-label=\"Paredes y Merentiel, parte de la escena bostera del d\u00eda de Colapinto\" class=\"sc-3c11979e-0 dqpgzy\"\/><\/p>\n<section><picture><img alt=\"Paredes y Merentiel, parte de la escena bostera del d\u00eda de Colapinto\" loading=\"lazy\" width=\"290\" height=\"290\" decoding=\"async\" data-nimg=\"1\" style=\"color:transparent\" src=\"https:\/\/fmamiga909.com.ar\/wp-content\/uploads\/2026\/04\/1777278985_158_nUBqZkrCT_290x290__1.jpg\"\/><\/picture>\n<p><span>Mir\u00e1 tambi\u00e9n<\/span><\/p>\n<hr\/>\n<h3>Paredes y Merentiel, parte de la escena bostera del d\u00eda de Colapinto<\/h3>\n<\/p>\n<\/section>\n<\/div>\n<div id=\"element-body-13\" class=\"sc-a7166897-0 eoLsBE\"><a href=\"https:\/\/www.ole.com.ar\/futbol-internacional\/ostojich-cruzeiro-boca-libertadores_0_aTkQ8l52vT.html\" aria-label=\"El tremendo error del \u00e1rbitro de Cruzeiro - Boca\" class=\"sc-3c11979e-0 dqpgzy\"\/><\/p>\n<section><picture><img alt=\"El tremendo error del \u00e1rbitro de Cruzeiro - Boca\" loading=\"lazy\" width=\"290\" height=\"290\" decoding=\"async\" data-nimg=\"1\" style=\"color:transparent\" src=\"https:\/\/fmamiga909.com.ar\/wp-content\/uploads\/2026\/04\/2iNhNuqXL_290x290__1.jpg\"\/><\/picture>\n<p><span>Mir\u00e1 tambi\u00e9n<\/span><\/p>\n<hr\/>\n<h3>El tremendo error del \u00e1rbitro de Cruzeiro &#8211; Boca<\/h3>\n<\/p>\n<\/section>\n<\/div>\n<div id=\"element-body-14\" class=\"sc-a7166897-0 eoLsBE\"><a href=\"https:\/\/www.ole.com.ar\/boca-juniors\/lista-concentrados-boca-partido-cruzeiro-copa-libertadores-carlos-palacios_0_od8ySNt0Jy.html\" aria-label=\"La sorpresa que puede incluir Ubeda en los convocados para jugar con Cruzeiro\" class=\"sc-3c11979e-0 dqpgzy\"\/><\/p>\n<section><picture><img alt=\"La sorpresa que puede incluir Ubeda en los convocados para jugar con Cruzeiro\" loading=\"lazy\" width=\"290\" height=\"290\" decoding=\"async\" data-nimg=\"1\" style=\"color:transparent\" src=\"https:\/\/fmamiga909.com.ar\/wp-content\/uploads\/2026\/04\/SjvbtJuzM_290x290__1.jpg\"\/><\/picture>\n<p><span>Mir\u00e1 tambi\u00e9n<\/span><\/p>\n<hr\/>\n<h3>La sorpresa que puede incluir Ubeda en los convocados para jugar con Cruzeiro<\/h3>\n<\/p>\n<\/section>\n<\/div>\n<\/div>\n<p><a href=\"https:\/\/www.ole.com.ar\/boca-juniors\/cruzeiro-partido-descenso-jugo-mayoria-titulares-boca-copa-libertadores_0_AVcuSnpKzR.html\">source<\/a><\/p>\n","protected":false},"excerpt":{"rendered":"<p>26\/04\/2026 21:25hs. A diferencia de Boca, que el jueves pasado gole\u00f3 a Defensa de visitante&#8230;<\/p>\n","protected":false},"author":3,"featured_media":32803,"comment_status":"closed","ping_status":"closed","sticky":false,"template":"","format":"standard","meta":{"footnotes":""},"categories":[21],"tags":[],"class_list":["post-32802","post","type-post","status-publish","format-standard","has-post-thumbnail","hentry","category-deportes"],"featured_image_urls":{"full":["https:\/\/fmamiga909.com.ar\/wp-content\/uploads\/2026\/04\/wp-header-logo-518.png",720,405,false],"thumbnail":["https:\/\/fmamiga909.com.ar\/wp-content\/uploads\/2026\/04\/wp-header-logo-518-150x150.png",150,150,true],"medium":["https:\/\/fmamiga909.com.ar\/wp-content\/uploads\/2026\/04\/wp-header-logo-518-300x169.png",300,169,true],"medium_large":["https:\/\/fmamiga909.com.ar\/wp-content\/uploads\/2026\/04\/wp-header-logo-518.png",720,405,false],"large":["https:\/\/fmamiga909.com.ar\/wp-content\/uploads\/2026\/04\/wp-header-logo-518.png",640,360,false],"1536x1536":["https:\/\/fmamiga909.com.ar\/wp-content\/uploads\/2026\/04\/wp-header-logo-518.png",720,405,false],"2048x2048":["https:\/\/fmamiga909.com.ar\/wp-content\/uploads\/2026\/04\/wp-header-logo-518.png",720,405,false],"newsium-slider-full":["https:\/\/fmamiga909.com.ar\/wp-content\/uploads\/2026\/04\/wp-header-logo-518.png",720,405,false],"newsium-featured":["https:\/\/fmamiga909.com.ar\/wp-content\/uploads\/2026\/04\/wp-header-logo-518.png",720,405,false],"newsium-medium":["https:\/\/fmamiga909.com.ar\/wp-content\/uploads\/2026\/04\/wp-header-logo-518.png",720,405,false]},"author_info":{"display_name":"Fredy Giuliano","author_link":"https:\/\/fmamiga909.com.ar\/?author=3"},"category_info":"<a href=\"https:\/\/fmamiga909.com.ar\/?cat=21\" rel=\"category\">Deportes<\/a>","tag_info":"Deportes","comment_count":"0","_links":{"self":[{"href":"https:\/\/fmamiga909.com.ar\/index.php?rest_route=\/wp\/v2\/posts\/32802","targetHints":{"allow":["GET"]}}],"collection":[{"href":"https:\/\/fmamiga909.com.ar\/index.php?rest_route=\/wp\/v2\/posts"}],"about":[{"href":"https:\/\/fmamiga909.com.ar\/index.php?rest_route=\/wp\/v2\/types\/post"}],"author":[{"embeddable":true,"href":"https:\/\/fmamiga909.com.ar\/index.php?rest_route=\/wp\/v2\/users\/3"}],"replies":[{"embeddable":true,"href":"https:\/\/fmamiga909.com.ar\/index.php?rest_route=%2Fwp%2Fv2%2Fcomments&post=32802"}],"version-history":[{"count":0,"href":"https:\/\/fmamiga909.com.ar\/index.php?rest_route=\/wp\/v2\/posts\/32802\/revisions"}],"wp:featuredmedia":[{"embeddable":true,"href":"https:\/\/fmamiga909.com.ar\/index.php?rest_route=\/wp\/v2\/media\/32803"}],"wp:attachment":[{"href":"https:\/\/fmamiga909.com.ar\/index.php?rest_route=%2Fwp%2Fv2%2Fmedia&parent=32802"}],"wp:term":[{"taxonomy":"category","embeddable":true,"href":"https:\/\/fmamiga909.com.ar\/index.php?rest_route=%2Fwp%2Fv2%2Fcategories&post=32802"},{"taxonomy":"post_tag","embeddable":true,"href":"https:\/\/fmamiga909.com.ar\/index.php?rest_route=%2Fwp%2Fv2%2Ftags&post=32802"}],"curies":[{"name":"wp","href":"https:\/\/api.w.org\/{rel}","templated":true}]}}