{"id":32807,"date":"2026-04-27T08:41:38","date_gmt":"2026-04-27T08:41:38","guid":{"rendered":"https:\/\/fmamiga909.com.ar\/?p=32807"},"modified":"2026-04-27T08:41:38","modified_gmt":"2026-04-27T08:41:38","slug":"video-se-temio-por-la-vida-de-un-jugador-y-se-pusieron-a-rezar-mientras-lo-atendian","status":"publish","type":"post","link":"https:\/\/fmamiga909.com.ar\/?p=32807","title":{"rendered":"Video: se temi\u00f3 por la vida de un jugador y se pusieron a rezar mientras lo atend\u00edan"},"content":{"rendered":"<p><time class=\"createDate\" datetime=\"2026-04-26T21:54:44-03:00\">26\/04\/2026 21:54hs.<\/time><\/p>\n<div id=\"storyBody\">\n<div id=\"element-body-0\" class=\"sc-136cd478-0 ekTCfV\">\n<p><strong>Una situaci\u00f3n de extrema tensi\u00f3n<\/strong> se vivi\u00f3 en un partido de la Serie D de <a href=\"https:\/\/www.ole.com.ar\/tema\/brasil.html\" title=\"Brasil\" alt=\"Brasil\" class=\"slug\">Brasil<\/a>. <strong>Ronaldo, de Independencia, cay\u00f3 inconsciente al piso<\/strong> luego de chocar con Douglas Pantera, de Araguina, en la jugada en la que el rival convirti\u00f3 un gol. Mientras, los locales festejaban el 1 a 0.<\/p>\n<\/div>\n<div id=\"element-body-1\" class=\"sc-136cd478-0 ekTCfV\">\n<p>Pero los jugadores del equipo de la regi\u00f3n de Acre r\u00e1pidamente observaron que <strong>algo grave pasaba y reclamaron la asistencia m\u00e9dica de urgencia<\/strong>. Como no reaccionaba, <strong>algunos compa\u00f1eros empezaron a rezar y otros a levantar las manos al cielo, al lado de Ronaldo, que segu\u00eda inm\u00f3vil. Tem\u00edan por su vida.<\/strong><\/p>\n<\/div>\n<div id=\"element-body-2\" class=\"sc-136cd478-0 ekTCfV\">\n<p>De ambos equipos se sacaron la remera para moverla delante del futobolista desmayado y recibiera aire. La angustia era fuerte.<\/p>\n<\/div>\n<div id=\"element-body-3\" class=\"sc-136cd478-0 ekTCfV\">\n<p>La transmisi\u00f3n oficial sigui\u00f3 el protocolo indicado en estos casos, de no mostrar primeros planos del jugador afectado. Hasta que una ambulancia ingres\u00f3 y Ronaldo fue llevado a un hospital.<\/p>\n<\/div>\n<div id=\"element-body-4\" class=\"sc-136cd478-0 ekTCfV\">\n<p>El partido sigui\u00f3 y termin\u00f3 1 a 1. Luego, el entrenador de Independencia, Ivan Mazzuia, le confirm\u00f3 a Globoesporte que Ronaldo hab\u00eda sufrido un <strong> traumatismo craneal y que se recuperaba tras haberse realizado una tomograf\u00eda y recibir medicaci\u00f3n. Hab\u00eda contado que no recuerda lo que pas\u00f3.<\/strong><\/p>\n<\/div>\n<p><h2><strong>Mir\u00e1 el video<\/strong><\/h2>\n<\/p>\n<div id=\"element-body-6\" class=\"sc-ef81c825-1 evSCNc\"><figcaption class=\"JWvideoNota_title\">\n<p>Ronaldo, de Independencia de Brasil, qued\u00f3 inconsciente en el piso y se temi\u00f3 por su vida, en un partido de la Serie D de Brasil.<\/p>\n<\/figcaption><\/div>\n<div class=\"sc-e7b891c4-0 ifHnQL image-embed\" id=\"element-body-7\"><img alt=\"Ronaldo en el piso: tem\u00edan por su vida y se pusieron a rezar.\" loading=\"lazy\" width=\"720\" height=\"100\" decoding=\"async\" data-nimg=\"1\" style=\"color:transparent\" src=\"https:\/\/fmamiga909.com.ar\/wp-content\/uploads\/2026\/04\/DgSizFWJI_720x0__1.jpg\"\/><span class=\"epigraphe\">Ronaldo en el piso: tem\u00edan por su vida y se pusieron a rezar.<\/span><\/div>\n<div class=\"sc-e7b891c4-0 ifHnQL image-embed\" id=\"element-body-8\"><img alt=\"Ronaldo en el piso: tem\u00edan por su vida y se pusieron a rezar.\" loading=\"lazy\" width=\"720\" height=\"100\" decoding=\"async\" data-nimg=\"1\" style=\"color:transparent\" src=\"https:\/\/fmamiga909.com.ar\/wp-content\/uploads\/2026\/04\/33cVzK27w_720x0__1.jpg\"\/><span class=\"epigraphe\">Ronaldo en el piso: tem\u00edan por su vida y se pusieron a rezar.<\/span><\/div>\n<div id=\"element-body-9\" class=\"sc-a7166897-0 eoLsBE\"><a href=\"https:\/\/www.ole.com.ar\/futbol-internacional\/neymar-santos-ausencia-entrenamiento-duda-viaja-argentina-san-lorenzo-sudamericana_0_g47ZpnYrsJ.html\" aria-label=\"Neymar, ausente en el entrenamiento de Santos: \u00bfviaja a Argentina para jugar contra San Lorenzo?\" class=\"sc-3c11979e-0 dqpgzy\"\/><\/p>\n<section><picture><img alt=\"Neymar, ausente en el entrenamiento de Santos: \u00bfviaja a Argentina para jugar contra San Lorenzo?\" loading=\"lazy\" width=\"290\" height=\"290\" decoding=\"async\" data-nimg=\"1\" style=\"color:transparent\" src=\"https:\/\/fmamiga909.com.ar\/wp-content\/uploads\/2026\/04\/1777279298_269_EUUxyx96R_290x290__1.jpg\"\/><\/picture>\n<p><span>Mir\u00e1 tambi\u00e9n<\/span><\/p>\n<hr\/>\n<h3>Neymar, ausente en el entrenamiento de Santos: \u00bfviaja a Argentina para jugar contra San Lorenzo?<\/h3>\n<\/p>\n<\/section>\n<\/div>\n<\/div>\n<p><a href=\"https:\/\/www.ole.com.ar\/futbol-internacional\/ronaldo-traumatismo-seried-independencia_0_xGNfYOgZrb.html\">source<\/a><\/p>\n","protected":false},"excerpt":{"rendered":"<p>26\/04\/2026 21:54hs. Una situaci\u00f3n de extrema tensi\u00f3n se vivi\u00f3 en un partido de la Serie&#8230;<\/p>\n","protected":false},"author":3,"featured_media":32808,"comment_status":"closed","ping_status":"closed","sticky":false,"template":"","format":"standard","meta":{"footnotes":""},"categories":[21],"tags":[],"class_list":["post-32807","post","type-post","status-publish","format-standard","has-post-thumbnail","hentry","category-deportes"],"featured_image_urls":{"full":["https:\/\/fmamiga909.com.ar\/wp-content\/uploads\/2026\/04\/wp-header-logo-519.png",720,396,false],"thumbnail":["https:\/\/fmamiga909.com.ar\/wp-content\/uploads\/2026\/04\/wp-header-logo-519-150x150.png",150,150,true],"medium":["https:\/\/fmamiga909.com.ar\/wp-content\/uploads\/2026\/04\/wp-header-logo-519-300x165.png",300,165,true],"medium_large":["https:\/\/fmamiga909.com.ar\/wp-content\/uploads\/2026\/04\/wp-header-logo-519.png",720,396,false],"large":["https:\/\/fmamiga909.com.ar\/wp-content\/uploads\/2026\/04\/wp-header-logo-519.png",640,352,false],"1536x1536":["https:\/\/fmamiga909.com.ar\/wp-content\/uploads\/2026\/04\/wp-header-logo-519.png",720,396,false],"2048x2048":["https:\/\/fmamiga909.com.ar\/wp-content\/uploads\/2026\/04\/wp-header-logo-519.png",720,396,false],"newsium-slider-full":["https:\/\/fmamiga909.com.ar\/wp-content\/uploads\/2026\/04\/wp-header-logo-519.png",720,396,false],"newsium-featured":["https:\/\/fmamiga909.com.ar\/wp-content\/uploads\/2026\/04\/wp-header-logo-519.png",720,396,false],"newsium-medium":["https:\/\/fmamiga909.com.ar\/wp-content\/uploads\/2026\/04\/wp-header-logo-519.png",720,396,false]},"author_info":{"display_name":"Fredy Giuliano","author_link":"https:\/\/fmamiga909.com.ar\/?author=3"},"category_info":"<a href=\"https:\/\/fmamiga909.com.ar\/?cat=21\" rel=\"category\">Deportes<\/a>","tag_info":"Deportes","comment_count":"0","_links":{"self":[{"href":"https:\/\/fmamiga909.com.ar\/index.php?rest_route=\/wp\/v2\/posts\/32807","targetHints":{"allow":["GET"]}}],"collection":[{"href":"https:\/\/fmamiga909.com.ar\/index.php?rest_route=\/wp\/v2\/posts"}],"about":[{"href":"https:\/\/fmamiga909.com.ar\/index.php?rest_route=\/wp\/v2\/types\/post"}],"author":[{"embeddable":true,"href":"https:\/\/fmamiga909.com.ar\/index.php?rest_route=\/wp\/v2\/users\/3"}],"replies":[{"embeddable":true,"href":"https:\/\/fmamiga909.com.ar\/index.php?rest_route=%2Fwp%2Fv2%2Fcomments&post=32807"}],"version-history":[{"count":0,"href":"https:\/\/fmamiga909.com.ar\/index.php?rest_route=\/wp\/v2\/posts\/32807\/revisions"}],"wp:featuredmedia":[{"embeddable":true,"href":"https:\/\/fmamiga909.com.ar\/index.php?rest_route=\/wp\/v2\/media\/32808"}],"wp:attachment":[{"href":"https:\/\/fmamiga909.com.ar\/index.php?rest_route=%2Fwp%2Fv2%2Fmedia&parent=32807"}],"wp:term":[{"taxonomy":"category","embeddable":true,"href":"https:\/\/fmamiga909.com.ar\/index.php?rest_route=%2Fwp%2Fv2%2Fcategories&post=32807"},{"taxonomy":"post_tag","embeddable":true,"href":"https:\/\/fmamiga909.com.ar\/index.php?rest_route=%2Fwp%2Fv2%2Ftags&post=32807"}],"curies":[{"name":"wp","href":"https:\/\/api.w.org\/{rel}","templated":true}]}}