{"id":32834,"date":"2026-04-27T11:17:06","date_gmt":"2026-04-27T11:17:06","guid":{"rendered":"https:\/\/fmamiga909.com.ar\/?p=32834"},"modified":"2026-04-27T11:17:07","modified_gmt":"2026-04-27T11:17:07","slug":"pronostico-meteorologico-semanal-para-la-provincia-de-santa-fe","status":"publish","type":"post","link":"https:\/\/fmamiga909.com.ar\/?p=32834","title":{"rendered":"Pron\u00f3stico Meteorol\u00f3gico semanal para la provincia de Santa Fe."},"content":{"rendered":"\n<p><img loading=\"lazy\" decoding=\"async\" height=\"16\" width=\"16\" alt=\"\ud83d\udc49\ud83c\udffb\" src=\"https:\/\/static.xx.fbcdn.net\/images\/emoji.php\/v9\/tc\/1\/16\/1f449_1f3fb.png\"> Al momento de confecci\u00f3n de este informe, se registra viento de intensidad considerable del SO, el cual favorecer\u00e1 un marcado descenso t\u00e9rmico en las pr\u00f3ximas horas.<\/p>\n\n\n\n<p><img loading=\"lazy\" decoding=\"async\" height=\"16\" width=\"16\" alt=\"\ud83c\udf21\ufe0f\" src=\"https:\/\/static.xx.fbcdn.net\/images\/emoji.php\/v9\/tca\/1\/16\/1f321.png\"> Las temperaturas m\u00ednimas se ubicar\u00edan entre los 2\u00baC a 6\u00baC, mientras que las m\u00e1ximas lo har\u00edan entre los 11\u00baC a 14\u00baC, durante la jornada de ma\u00f1ana. Pueden ocurrir heladas en zonas rurales. Desde el martes, las mismas ascender\u00e1n suavemente a valores oto\u00f1ales, con ma\u00f1anas frescas hasta el jueves.<\/p>\n\n\n\n<p><img loading=\"lazy\" decoding=\"async\" height=\"16\" width=\"16\" alt=\"\ud83c\udf2b\ufe0f\" src=\"https:\/\/static.xx.fbcdn.net\/images\/emoji.php\/v9\/t7b\/1\/16\/1f32b.png\"> Podr\u00edan ocurrir bancos de nieblas y neblinas durante los primeros d\u00edas de esta semana.<\/p>\n\n\n\n<p><img loading=\"lazy\" decoding=\"async\" height=\"16\" width=\"16\" alt=\"\ud83c\udf26\ufe0f\" src=\"https:\/\/static.xx.fbcdn.net\/images\/emoji.php\/v9\/t4f\/1\/16\/1f326.png\">Se espera una baja inestabilidad el d\u00eda mi\u00e9rcoles en el centro y norte provincial.<\/p>\n\n\n\n<p><img loading=\"lazy\" decoding=\"async\" height=\"16\" width=\"16\" alt=\"\ud83c\udf2c\ufe0f\" src=\"https:\/\/static.xx.fbcdn.net\/images\/emoji.php\/v9\/tfc\/1\/16\/1f32c.png\"> El viento S permanecer\u00e1, con menor intensidad, durante todo el lunes, para luego rotar al NE, volviendo a rotar al S hacia el fin de semana pr\u00f3ximo.<\/p>\n\n\n\n<p><img loading=\"lazy\" decoding=\"async\" height=\"16\" width=\"16\" alt=\"\ud83c\udf27\ufe0f\" src=\"https:\/\/static.xx.fbcdn.net\/images\/emoji.php\/v9\/td0\/1\/16\/1f327.png\"> Entre viernes y s\u00e1bado, se prev\u00e9 que un evento de inestabilidad se desarrolle afectando principalmente al norte y parte del centro provincial, con algunas lluvias y tormentas, y acumulados estimados entre los 35mm a 70mm, sobre el noreste santafesino.<\/p>\n\n\n\n<p><img loading=\"lazy\" decoding=\"async\" height=\"16\" width=\"16\" alt=\"\ud83d\udcd7\" src=\"https:\/\/static.xx.fbcdn.net\/images\/emoji.php\/v9\/t1f\/1\/16\/1f4d7.png\">Te recomendamos seguir los avisos meteorol\u00f3gicos y actualizaciones del pron\u00f3stico que puedan emitirse desde nuestro organismo.<\/p>\n\n\n\n<p><img loading=\"lazy\" decoding=\"async\" height=\"16\" width=\"16\" alt=\"\ud83c\udde6\ud83c\uddf7\" src=\"https:\/\/static.xx.fbcdn.net\/images\/emoji.php\/v9\/t48\/1\/16\/1f1e6_1f1f7.png\">CMMC\u00ae<\/p>\n","protected":false},"excerpt":{"rendered":"<p>Al momento de confecci\u00f3n de este informe, se registra viento de intensidad considerable del SO,&#8230;<\/p>\n","protected":false},"author":3,"featured_media":32835,"comment_status":"closed","ping_status":"closed","sticky":false,"template":"","format":"standard","meta":{"footnotes":""},"categories":[20,1],"tags":[],"class_list":["post-32834","post","type-post","status-publish","format-standard","has-post-thumbnail","hentry","category-entrevistas","category-uncategorized"],"featured_image_urls":{"full":["https:\/\/fmamiga909.com.ar\/wp-content\/uploads\/2026\/04\/tiempo-fresco.webp",887,589,false],"thumbnail":["https:\/\/fmamiga909.com.ar\/wp-content\/uploads\/2026\/04\/tiempo-fresco-150x150.webp",150,150,true],"medium":["https:\/\/fmamiga909.com.ar\/wp-content\/uploads\/2026\/04\/tiempo-fresco-300x199.webp",300,199,true],"medium_large":["https:\/\/fmamiga909.com.ar\/wp-content\/uploads\/2026\/04\/tiempo-fresco.webp",887,589,false],"large":["https:\/\/fmamiga909.com.ar\/wp-content\/uploads\/2026\/04\/tiempo-fresco.webp",640,425,false],"1536x1536":["https:\/\/fmamiga909.com.ar\/wp-content\/uploads\/2026\/04\/tiempo-fresco.webp",887,589,false],"2048x2048":["https:\/\/fmamiga909.com.ar\/wp-content\/uploads\/2026\/04\/tiempo-fresco.webp",887,589,false],"newsium-slider-full":["https:\/\/fmamiga909.com.ar\/wp-content\/uploads\/2026\/04\/tiempo-fresco.webp",887,589,false],"newsium-featured":["https:\/\/fmamiga909.com.ar\/wp-content\/uploads\/2026\/04\/tiempo-fresco.webp",887,589,false],"newsium-medium":["https:\/\/fmamiga909.com.ar\/wp-content\/uploads\/2026\/04\/tiempo-fresco-720x475.webp",720,475,true]},"author_info":{"display_name":"Fredy Giuliano","author_link":"https:\/\/fmamiga909.com.ar\/?author=3"},"category_info":"<a href=\"https:\/\/fmamiga909.com.ar\/?cat=20\" rel=\"category\">Entrevistas<\/a> <a href=\"https:\/\/fmamiga909.com.ar\/?cat=1\" rel=\"category\">La radio<\/a>","tag_info":"La radio","comment_count":"0","_links":{"self":[{"href":"https:\/\/fmamiga909.com.ar\/index.php?rest_route=\/wp\/v2\/posts\/32834","targetHints":{"allow":["GET"]}}],"collection":[{"href":"https:\/\/fmamiga909.com.ar\/index.php?rest_route=\/wp\/v2\/posts"}],"about":[{"href":"https:\/\/fmamiga909.com.ar\/index.php?rest_route=\/wp\/v2\/types\/post"}],"author":[{"embeddable":true,"href":"https:\/\/fmamiga909.com.ar\/index.php?rest_route=\/wp\/v2\/users\/3"}],"replies":[{"embeddable":true,"href":"https:\/\/fmamiga909.com.ar\/index.php?rest_route=%2Fwp%2Fv2%2Fcomments&post=32834"}],"version-history":[{"count":1,"href":"https:\/\/fmamiga909.com.ar\/index.php?rest_route=\/wp\/v2\/posts\/32834\/revisions"}],"predecessor-version":[{"id":32836,"href":"https:\/\/fmamiga909.com.ar\/index.php?rest_route=\/wp\/v2\/posts\/32834\/revisions\/32836"}],"wp:featuredmedia":[{"embeddable":true,"href":"https:\/\/fmamiga909.com.ar\/index.php?rest_route=\/wp\/v2\/media\/32835"}],"wp:attachment":[{"href":"https:\/\/fmamiga909.com.ar\/index.php?rest_route=%2Fwp%2Fv2%2Fmedia&parent=32834"}],"wp:term":[{"taxonomy":"category","embeddable":true,"href":"https:\/\/fmamiga909.com.ar\/index.php?rest_route=%2Fwp%2Fv2%2Fcategories&post=32834"},{"taxonomy":"post_tag","embeddable":true,"href":"https:\/\/fmamiga909.com.ar\/index.php?rest_route=%2Fwp%2Fv2%2Ftags&post=32834"}],"curies":[{"name":"wp","href":"https:\/\/api.w.org\/{rel}","templated":true}]}}