{"id":32837,"date":"2026-04-27T17:03:58","date_gmt":"2026-04-27T17:03:58","guid":{"rendered":"https:\/\/fmamiga909.com.ar\/?p=32837"},"modified":"2026-04-27T17:03:59","modified_gmt":"2026-04-27T17:03:59","slug":"relatos-del-pueblo","status":"publish","type":"post","link":"https:\/\/fmamiga909.com.ar\/?p=32837","title":{"rendered":"Relatos del Pueblo"},"content":{"rendered":"\n<p><\/p>\n\n\n\n<p><img loading=\"lazy\" decoding=\"async\" height=\"16\" width=\"16\" alt=\"\ud83c\udfad\" src=\"https:\/\/static.xx.fbcdn.net\/images\/emoji.php\/v9\/tae\/1\/16\/1f3ad.png\"> En un mundo cada vez m\u00e1s globalizado, \u201cRelatos del Pueblo\u201d busca rendir homenaje a la riqueza cultural y a la diversidad de nuestra comunidad; un recordatorio de que nuestro pueblo es \u00fanico y valioso, y que sus historias merecen ser contadas y compartidas.<\/p>\n\n\n\n<p><img loading=\"lazy\" decoding=\"async\" height=\"16\" width=\"16\" alt=\"\ud83d\udde3\ufe0f\" src=\"https:\/\/static.xx.fbcdn.net\/images\/emoji.php\/v9\/tfb\/1\/16\/1f5e3.png\"> Esta propuesta nace con el deseo de darle voz a las personas que han vivido la historia de Hersilia, que han sido testigos de su evoluci\u00f3n, de su crecimiento y de sus cambios a lo largo del tiempo. Adem\u00e1s, contar\u00e1 con la participaci\u00f3n y el acompa\u00f1amiento de instituciones culturales y educativas de la comunidad.<\/p>\n\n\n\n<p><img loading=\"lazy\" decoding=\"async\" height=\"16\" width=\"16\" alt=\"\ud83d\udfe3\" src=\"https:\/\/static.xx.fbcdn.net\/images\/emoji.php\/v9\/t7d\/1\/16\/1f7e3.png\"> Bases y condiciones<\/p>\n\n\n\n<p>&#8211; Escritos: extensi\u00f3n m\u00e1xima de 2 p\u00e1ginas.<\/p>\n\n\n\n<p>&#8211; Audios: se podr\u00e1 participar mediante un audio grabado o solicitando a un tercero (en v\u00ednculo con instituciones educativas) que registre la historia.<\/p>\n\n\n\n<p>&#8211; Formato: cuento, relato, cr\u00f3nica o poes\u00eda.<\/p>\n\n\n\n<p>&#8211; Temas o ejes sugeridos: festejos, personajes, historias personales, infancia, deportes, juegos, lugares o tema libre.<\/p>\n\n\n\n<p>&#8211; Participantes: podr\u00e1n participar personas que vivan o hayan vivido en Hersilia.<\/p>\n\n\n\n<p>&#8211; Ni\u00f1os en edad primaria (recopilando historias dentro de su familia), j\u00f3venes y adultos.<\/p>\n\n\n\n<p><img loading=\"lazy\" decoding=\"async\" height=\"16\" width=\"16\" alt=\"\ud83d\udfe3\" src=\"https:\/\/static.xx.fbcdn.net\/images\/emoji.php\/v9\/t7d\/1\/16\/1f7e3.png\"> En cada texto deber\u00e1 consignarse el lugar, la \u00e9poca o el a\u00f1o aproximado en el que se desarrolla la historia. Adem\u00e1s, podr\u00e1n agregarse fotograf\u00edas que acompa\u00f1en el relato.<\/p>\n\n\n\n<p>Se sugiere evitar el uso de nombres reales sin autorizaci\u00f3n, pudiendo utilizar seud\u00f3nimos.<\/p>\n\n\n\n<p>Los relatos deber\u00e1n respetar la memoria de las personas mencionadas. La organizaci\u00f3n podr\u00e1 sugerir modificaciones al autor si lo considera necesario.<\/p>\n\n\n\n<p><img loading=\"lazy\" decoding=\"async\" height=\"16\" width=\"16\" alt=\"\ud83d\udcc5\" src=\"https:\/\/static.xx.fbcdn.net\/images\/emoji.php\/v9\/t7e\/1\/16\/1f4c5.png\"> Fechas importantes<\/p>\n\n\n\n<p>&#8211; Fecha l\u00edmite de entrega: 1 de junio.<\/p>\n\n\n\n<p>&#8211; Publicaci\u00f3n digital de la primera edici\u00f3n: 1 de julio.<\/p>\n\n\n\n<p><img loading=\"lazy\" decoding=\"async\" height=\"16\" width=\"16\" alt=\"\ud83d\udcd6\" src=\"https:\/\/static.xx.fbcdn.net\/images\/emoji.php\/v9\/t9e\/1\/16\/1f4d6.png\"> Recepci\u00f3n de las producciones<\/p>\n\n\n\n<p>&#8211; Personalmente en la Comuna Local.<\/p>\n\n\n\n<p>&#8211; Por correo electr\u00f3nico: germanbertolini3@gmail.com<\/p>\n\n\n\n<p>&#8211; Por mensaje de WhatsApp: 3491 412972<\/p>\n","protected":false},"excerpt":{"rendered":"<p>En un mundo cada vez m\u00e1s globalizado, \u201cRelatos del Pueblo\u201d busca rendir homenaje a la&#8230;<\/p>\n","protected":false},"author":3,"featured_media":32838,"comment_status":"closed","ping_status":"closed","sticky":false,"template":"","format":"standard","meta":{"footnotes":""},"categories":[20,3],"tags":[],"class_list":["post-32837","post","type-post","status-publish","format-standard","has-post-thumbnail","hentry","category-entrevistas","category-noticias"],"featured_image_urls":{"full":["https:\/\/fmamiga909.com.ar\/wp-content\/uploads\/2026\/04\/680517899_27494066260181153_4998355931115474548_n.jpg",1403,1753,false],"thumbnail":["https:\/\/fmamiga909.com.ar\/wp-content\/uploads\/2026\/04\/680517899_27494066260181153_4998355931115474548_n-150x150.jpg",150,150,true],"medium":["https:\/\/fmamiga909.com.ar\/wp-content\/uploads\/2026\/04\/680517899_27494066260181153_4998355931115474548_n-240x300.jpg",240,300,true],"medium_large":["https:\/\/fmamiga909.com.ar\/wp-content\/uploads\/2026\/04\/680517899_27494066260181153_4998355931115474548_n.jpg",1403,1753,false],"large":["https:\/\/fmamiga909.com.ar\/wp-content\/uploads\/2026\/04\/680517899_27494066260181153_4998355931115474548_n-820x1024.jpg",640,799,true],"1536x1536":["https:\/\/fmamiga909.com.ar\/wp-content\/uploads\/2026\/04\/680517899_27494066260181153_4998355931115474548_n-1229x1536.jpg",1229,1536,true],"2048x2048":["https:\/\/fmamiga909.com.ar\/wp-content\/uploads\/2026\/04\/680517899_27494066260181153_4998355931115474548_n.jpg",1403,1753,false],"newsium-slider-full":["https:\/\/fmamiga909.com.ar\/wp-content\/uploads\/2026\/04\/680517899_27494066260181153_4998355931115474548_n-1280x845.jpg",1280,845,true],"newsium-featured":["https:\/\/fmamiga909.com.ar\/wp-content\/uploads\/2026\/04\/680517899_27494066260181153_4998355931115474548_n-1024x1279.jpg",1024,1279,true],"newsium-medium":["https:\/\/fmamiga909.com.ar\/wp-content\/uploads\/2026\/04\/680517899_27494066260181153_4998355931115474548_n-720x475.jpg",720,475,true]},"author_info":{"display_name":"Fredy Giuliano","author_link":"https:\/\/fmamiga909.com.ar\/?author=3"},"category_info":"<a href=\"https:\/\/fmamiga909.com.ar\/?cat=20\" rel=\"category\">Entrevistas<\/a> <a href=\"https:\/\/fmamiga909.com.ar\/?cat=3\" rel=\"category\">Noticias<\/a>","tag_info":"Noticias","comment_count":"0","_links":{"self":[{"href":"https:\/\/fmamiga909.com.ar\/index.php?rest_route=\/wp\/v2\/posts\/32837","targetHints":{"allow":["GET"]}}],"collection":[{"href":"https:\/\/fmamiga909.com.ar\/index.php?rest_route=\/wp\/v2\/posts"}],"about":[{"href":"https:\/\/fmamiga909.com.ar\/index.php?rest_route=\/wp\/v2\/types\/post"}],"author":[{"embeddable":true,"href":"https:\/\/fmamiga909.com.ar\/index.php?rest_route=\/wp\/v2\/users\/3"}],"replies":[{"embeddable":true,"href":"https:\/\/fmamiga909.com.ar\/index.php?rest_route=%2Fwp%2Fv2%2Fcomments&post=32837"}],"version-history":[{"count":1,"href":"https:\/\/fmamiga909.com.ar\/index.php?rest_route=\/wp\/v2\/posts\/32837\/revisions"}],"predecessor-version":[{"id":32839,"href":"https:\/\/fmamiga909.com.ar\/index.php?rest_route=\/wp\/v2\/posts\/32837\/revisions\/32839"}],"wp:featuredmedia":[{"embeddable":true,"href":"https:\/\/fmamiga909.com.ar\/index.php?rest_route=\/wp\/v2\/media\/32838"}],"wp:attachment":[{"href":"https:\/\/fmamiga909.com.ar\/index.php?rest_route=%2Fwp%2Fv2%2Fmedia&parent=32837"}],"wp:term":[{"taxonomy":"category","embeddable":true,"href":"https:\/\/fmamiga909.com.ar\/index.php?rest_route=%2Fwp%2Fv2%2Fcategories&post=32837"},{"taxonomy":"post_tag","embeddable":true,"href":"https:\/\/fmamiga909.com.ar\/index.php?rest_route=%2Fwp%2Fv2%2Ftags&post=32837"}],"curies":[{"name":"wp","href":"https:\/\/api.w.org\/{rel}","templated":true}]}}