{"id":32866,"date":"2026-04-27T20:38:27","date_gmt":"2026-04-27T20:38:27","guid":{"rendered":"https:\/\/fmamiga909.com.ar\/?p=32866"},"modified":"2026-04-27T20:38:27","modified_gmt":"2026-04-27T20:38:27","slug":"la-bomba-de-ramon-diaz-sobre-riquelme-y-river","status":"publish","type":"post","link":"https:\/\/fmamiga909.com.ar\/?p=32866","title":{"rendered":"La bomba de Ram\u00f3n D\u00edaz sobre Riquelme y River"},"content":{"rendered":"<p><span class=\"createDate\">27\/04\/2026 15:51hs.<\/span><time class=\"modificatedDate\" datetime=\"2026-04-27T16:16:53-03:00\"> Actualizado al 27\/04\/2026 16:16hs.<\/time><\/p>\n<div id=\"storyBody\">\n<div id=\"element-body-0\" class=\"sc-136cd478-0 ekTCfV\">\n<p><strong>Son dos grossos.<\/strong> Y si encima uno habla del otro, la cosa se potencia. Es exactamente lo que pas\u00f3 con <strong><a href=\"https:\/\/www.ole.com.ar\/tema\/ramon-diaz.html\" title=\"Ram\u00f3n D\u00edaz\" alt=\"Ram\u00f3n D\u00edaz\" class=\"slug\">Ram\u00f3n D\u00edaz<\/a> y nada menos que <a href=\"https:\/\/www.ole.com.ar\/tema\/juan-roman-riquelme.html\" title=\"Juan Rom\u00e1n Riquelme\" alt=\"Juan Rom\u00e1n Riquelme\" class=\"slug\">Juan Rom\u00e1n Riquelme<\/a>:<\/strong> el entrenador no solamente <strong><a href=\"https:\/\/www.ole.com.ar\/river-plate\/river-ramon-diaz-gallardo-coudet-opinion-presente-actualidad-salida-cambio-entrenador_0_RLqXHFpGYs.html\" target=\"_self\" title=\"habl\u00f3 de River, de Marcelo Gallardo y del presente del Chacho Coudet\" alt=\"habl\u00f3 de River, de Marcelo Gallardo y del presente del Chacho Coudet\">habl\u00f3 de River, de Marcelo Gallardo y del presente del Chacho Coudet<\/a><\/strong>, sino que adem\u00e1s <strong>tir\u00f3 una bomba monumental sobre el pasado del presidente de Boca y una chance que no fue&#8230;<\/strong><\/p>\n<\/div>\n<div id=\"element-body-1\" class=\"sc-136cd478-0 ekTCfV\">\n<p><strong>\u00abEs un genio, para m\u00ed es un genio, es un crack&#8230; Adem\u00e1s, por todo lo que le ha dado al f\u00fatbol argentino, la historia que tiene. Hay que tener mucho respeto por la historia que tiene\u00bb,<\/strong> lo empez\u00f3 elogiando el DT de 66 a\u00f1os que por ahora est\u00e1 sin club. Y enseguida, la declaraci\u00f3n explosiva&#8230;<\/p>\n<\/div>\n<div id=\"element-body-2\" class=\"sc-136cd478-0 ekTCfV\">\n<p>Cuando en el piso de ESPN le preguntaron si le hubiera gustado tenerlo en River, Ram\u00f3n no dud\u00f3. <strong>\u00abMe hubiese gustado, pero \u00e9l no quiso venir a River\u00bb,<\/strong> dijo. Y record\u00f3: \u00bb <strong>Estuvo la posibilidad, estaban todos los de Argentinos Juniors que los quer\u00edan llevar a River (NdeR: C\u00e9sar La Paglia y Diego Placente, adem\u00e1s de Rom\u00e1n). Ah\u00ed me los quise llevar a todos\u00bb.<\/strong><\/p>\n<\/div>\n<div id=\"element-body-3\" class=\"sc-136cd478-0 ekTCfV\">\n<p>As\u00ed, sin filtro. A lo Ram\u00f3n, que adem\u00e1s <strong> tiene una excelente relaci\u00f3n con Riquelme, con quien por ejemplo se saludaron y se abrazaron afectuosamente en el \u00faltimo sorteo de la <a href=\"https:\/\/www.ole.com.ar\/tema\/copa-liberadores.html\" title=\"Copa Liberadores\" alt=\"Copa Liberadores\" class=\"slug\">Libertadores<\/a> en Paraguay.<\/strong><\/p>\n<\/div>\n<p><h2><strong>LA BANCA DE RAM\u00d3N D\u00cdAZ AL BOCA DE UBEDA EN LA LIBERTADORES<\/strong><\/h2>\n<\/p>\n<div id=\"element-body-6\" class=\"sc-136cd478-0 ekTCfV\">\n<p>Hablando de la Copa, el ex entrenador de River tambi\u00e9n <strong>le tir\u00f3 buena onda a Boca y hasta banc\u00f3 con todo a <a href=\"https:\/\/www.ole.com.ar\/tema\/claudio-ubeda.html\" title=\"Claudio Ubeda\" alt=\"Claudio Ubeda\" class=\"slug\">Claudio Ubeda<\/a>, que viene de cambiar silbidos e insultos por elogios y flores.<\/strong><\/p>\n<\/div>\n<div id=\"element-body-7\" class=\"sc-136cd478-0 ekTCfV\">\n<p><strong>\u00abEst\u00e1 muy bien en el mediocampo con Ascacibar y Paredes tienen otro nivel, otra categor\u00eda; si ves dos o tres jugadas que hizo Paredes ves que es de otro nivel\u00bb, <\/strong> empez\u00f3 diciendo. Y enseguida, entre risas, se prendi\u00f3 cuando le dijeron que \u00abtu se\u00f1ora esta entusiasmada\u00bb, siendo que la pareja del DT (Mirta Silvia Riedel) es hincha de Boca ( <strong>\u00abNo la pude cambiar\u00bb<\/strong>, dijo en su momento el \u00eddolo de River).<\/p>\n<\/div>\n<div id=\"element-body-9\" class=\"sc-136cd478-0 ekTCfV\">\n<p>Sin embargo, D\u00edaz us\u00f3 precisamente esa parte de la entrevista para analizar el caso Ubeda, para defenderlo y sobre todo para dar su pron\u00f3stico sobre el futuro de Boca en la Copa LIbertadores. <strong>\u00abAl inicio (su pareja) tuvo un poco de dudas con Ubeda, pero eso es lo que tenemos que ver un poco todo con las presiones y todo es apresurado. Yo miraba y dec\u00eda &#8216;pobrecito Ubeda c\u00f3mo lo castigan y hoy qu\u00e9 tendr\u00edamos que decir'\u00bb,<\/strong> dijo Ram\u00f3n.<\/p>\n<\/div>\n<div id=\"element-body-10\" class=\"sc-136cd478-0 ekTCfV\">\n<p>Y cerr\u00f3: \u00abHaciendo las cosas bien, trabajando, sabiendo que hay momentos que su equipo no rinde como todo el mundo espero, pero de repente se acomoda, consigue unos resultados y empieza a despegar. Por eso me parece que <strong>Boca es uno de los candidatos a ganar la Libertadores, lo digo en serio, porque se reacomod\u00f3\u00bb.<\/strong><\/p>\n<\/div>\n<div class=\"sc-e7b891c4-0 ifHnQL image-embed\" id=\"element-body-11\"><img alt=\"Riquelme y Ram\u00f3n D\u00edaz, en el sorteo de la Libertadores.\" loading=\"lazy\" width=\"720\" height=\"100\" decoding=\"async\" data-nimg=\"1\" style=\"color:transparent\" src=\"https:\/\/fmamiga909.com.ar\/wp-content\/uploads\/2026\/04\/t_0GAWKRK_720x0__1.jpg\"\/><span class=\"epigraphe\">Riquelme y Ram\u00f3n D\u00edaz, en el sorteo de la Libertadores.<\/span><\/div>\n<div class=\"sc-e7b891c4-0 ifHnQL image-embed\" id=\"element-body-12\"><img alt=\"El abrazo de Riquelme con Ram\u00f3n D\u00edaz en Paraguay.\" loading=\"lazy\" width=\"720\" height=\"100\" decoding=\"async\" data-nimg=\"1\" style=\"color:transparent\" src=\"https:\/\/fmamiga909.com.ar\/wp-content\/uploads\/2026\/04\/xMZG4pQ-4_720x0__1.jpg\"\/><span class=\"epigraphe\">El abrazo de Riquelme con Ram\u00f3n D\u00edaz en Paraguay.<\/span><\/div>\n<p><h2><strong>LOS CONCENTRADOS DE BOCA PARA JUGAR CON CRUZEIRO<\/strong><\/h2>\n<\/p>\n<div id=\"element-body-14\" class=\"sc-136cd478-0 ekTCfV\">\n<p><strong>Arqueros:<\/strong> Brey, Garc\u00eda y Rodr\u00edguez.<\/p>\n<\/div>\n<div id=\"element-body-15\" class=\"sc-136cd478-0 ekTCfV\">\n<p><strong>Defensores:<\/strong> Weigandt, Barinaga, Figal, Di Lollo, Costa, Pellegrino, Blanco y Braida.<\/p>\n<\/div>\n<div id=\"element-body-16\" class=\"sc-136cd478-0 ekTCfV\">\n<p><strong>Mediocampistas:<\/strong> Paredes, Delgado, Battaglia, Rey Domenech, Ascacibar, Belmonte, Alarc\u00f3n, Zen\u00f3n, Martegani, Velasco y Aranda.<\/p>\n<\/div>\n<div id=\"element-body-17\" class=\"sc-136cd478-0 ekTCfV\">\n<p><strong>Delanteros:<\/strong> Zeballos, Janson, Romero, Merentiel, Bareiro y Gim\u00e9nez.<\/p>\n<\/div>\n<div class=\"sc-e7b891c4-0 ifHnQL image-embed\" id=\"element-body-18\"><img alt=\"La lista de 28 jugadores que tendr\u00e1 Ubeda a disposici\u00f3n en el partido contra Cruzeiro en la Copa.\" loading=\"lazy\" width=\"720\" height=\"100\" decoding=\"async\" data-nimg=\"1\" style=\"color:transparent\" src=\"https:\/\/fmamiga909.com.ar\/wp-content\/uploads\/2026\/04\/158cxsjeL_720x0__1.jpg\"\/><span class=\"epigraphe\">La lista de 28 jugadores que tendr\u00e1 Ubeda a disposici\u00f3n en el partido contra Cruzeiro en la Copa.<\/span><\/div>\n<div id=\"element-body-19\" class=\"sc-a7166897-0 eoLsBE\"><a href=\"https:\/\/www.ole.com.ar\/boca-juniors\/formacion-boca-cambios-vs-cruzeiro-libertadores_0_xNngcFIwTt.html\" aria-label=\"La formaci\u00f3n de Boca con nueve cambios para visitar a Cruzeiro en la Libertadores\" class=\"sc-3c11979e-0 dqpgzy\"\/><\/p>\n<section><picture><img alt=\"La formaci\u00f3n de Boca con nueve cambios para visitar a Cruzeiro en la Libertadores\" loading=\"lazy\" width=\"290\" height=\"290\" decoding=\"async\" data-nimg=\"1\" style=\"color:transparent\" src=\"https:\/\/fmamiga909.com.ar\/wp-content\/uploads\/2026\/04\/1777322305_126_ELnqeqJf3_290x290__1.jpg\"\/><\/picture>\n<p><span>Mir\u00e1 tambi\u00e9n<\/span><\/p>\n<hr\/>\n<h3>La formaci\u00f3n de Boca con nueve cambios para visitar a Cruzeiro en la Libertadores<\/h3>\n<\/p>\n<\/section>\n<\/div>\n<div id=\"element-body-20\" class=\"sc-a7166897-0 eoLsBE\"><a href=\"https:\/\/www.ole.com.ar\/boca-juniors\/camiseta-amarilla-boca-partido-cruzeiro-copa-libertadores_0_K7DABwJEFv.html\" aria-label=\"La costumbre que respetar\u00e1 Boca para jugar de visitante en la Libertadores\" class=\"sc-3c11979e-0 dqpgzy\"\/><\/p>\n<section><picture><img alt=\"La costumbre que respetar\u00e1 Boca para jugar de visitante en la Libertadores\" loading=\"lazy\" width=\"290\" height=\"290\" decoding=\"async\" data-nimg=\"1\" style=\"color:transparent\" src=\"https:\/\/fmamiga909.com.ar\/wp-content\/uploads\/2026\/04\/ScukoYq2w_290x290__1.jpg\"\/><\/picture>\n<p><span>Mir\u00e1 tambi\u00e9n<\/span><\/p>\n<hr\/>\n<h3>La costumbre que respetar\u00e1 Boca para jugar de visitante en la Libertadores<\/h3>\n<\/p>\n<\/section>\n<\/div>\n<div id=\"element-body-21\" class=\"sc-a7166897-0 eoLsBE\"><a href=\"https:\/\/www.ole.com.ar\/futbol-internacional\/sudamericana\/neymar-santos-boca-casaamarilla-sanlorenzo_0_dCzlonba1Y.html\" aria-label=\"Neymar se entrenar\u00e1 en Boca en la previa del partido ante San Lorenzo\" class=\"sc-3c11979e-0 dqpgzy\"\/><\/p>\n<section><picture><img alt=\"Neymar se entrenar\u00e1 en Boca en la previa del partido ante San Lorenzo\" loading=\"lazy\" width=\"290\" height=\"290\" decoding=\"async\" data-nimg=\"1\" style=\"color:transparent\" src=\"https:\/\/fmamiga909.com.ar\/wp-content\/uploads\/2026\/04\/1777322305_132_AfwaXtzBV_290x290__1.jpg\"\/><\/picture>\n<p><span>Mir\u00e1 tambi\u00e9n<\/span><\/p>\n<hr\/>\n<h3>Neymar se entrenar\u00e1 en Boca en la previa del partido ante San Lorenzo<\/h3>\n<\/p>\n<\/section>\n<\/div>\n<div id=\"element-body-22\" class=\"sc-a7166897-0 eoLsBE\"><a href=\"https:\/\/www.ole.com.ar\/boca-juniors\/visita-boca-bate-record-brasil_0_bhuwAPZWRj.html\" aria-label=\"La visita de Boca bate r\u00e9cord en Brasil\" class=\"sc-3c11979e-0 dqpgzy\"\/><\/p>\n<section><picture><img alt=\"La visita de Boca bate r\u00e9cord en Brasil\" loading=\"lazy\" width=\"290\" height=\"290\" decoding=\"async\" data-nimg=\"1\" style=\"color:transparent\" src=\"https:\/\/fmamiga909.com.ar\/wp-content\/uploads\/2026\/04\/LbZB6kBRG_290x290__1.jpg\"\/><\/picture>\n<p><span>Mir\u00e1 tambi\u00e9n<\/span><\/p>\n<hr\/>\n<h3>La visita de Boca bate r\u00e9cord en Brasil<\/h3>\n<\/p>\n<\/section>\n<\/div>\n<div id=\"element-body-23\" class=\"sc-a7166897-0 eoLsBE\"><a href=\"https:\/\/www.ole.com.ar\/boca-juniors\/fernando-rodriguez-juvenil-primera-convocatoria-viaja-brasil-copa_0_Q3B9abgBhX.html\" aria-label=\"Qui\u00e9n es Fernando Rodr\u00edguez, el juvenil que tendr\u00e1 su primera vez ante Cruzeiro en la Libertadores\" class=\"sc-3c11979e-0 dqpgzy\"\/><\/p>\n<section><picture><img alt=\"Qui\u00e9n es Fernando Rodr\u00edguez, el juvenil que tendr\u00e1 su primera vez ante Cruzeiro en la Libertadores\" loading=\"lazy\" width=\"290\" height=\"290\" decoding=\"async\" data-nimg=\"1\" style=\"color:transparent\" src=\"https:\/\/fmamiga909.com.ar\/wp-content\/uploads\/2026\/04\/1777322306_598_IpPZdQ0pB_290x290__1.jpg\"\/><\/picture>\n<p><span>Mir\u00e1 tambi\u00e9n<\/span><\/p>\n<hr\/>\n<h3>Qui\u00e9n es Fernando Rodr\u00edguez, el juvenil que tendr\u00e1 su primera vez ante Cruzeiro en la Libertadores<\/h3>\n<\/p>\n<\/section>\n<\/div>\n<div id=\"element-body-24\" class=\"sc-a7166897-0 eoLsBE\"><a href=\"https:\/\/www.ole.com.ar\/boca-juniors\/boca-dt-cruzeiro-artur-jorge-previa-copa-libertadores_0_Txy6NqTbWz.html\" aria-label=\"La particular mirada del DT portugu\u00e9s de Cruzeiro sobre el duelo con Boca\" class=\"sc-3c11979e-0 dqpgzy\"\/><\/p>\n<section><picture><img alt=\"La particular mirada del DT portugu\u00e9s de Cruzeiro sobre el duelo con Boca\" loading=\"lazy\" width=\"290\" height=\"290\" decoding=\"async\" data-nimg=\"1\" style=\"color:transparent\" src=\"https:\/\/fmamiga909.com.ar\/wp-content\/uploads\/2026\/04\/1777322306_268_XrBd4Fk7l_290x290__1.jpg\"\/><\/picture>\n<p><span>Mir\u00e1 tambi\u00e9n<\/span><\/p>\n<hr\/>\n<h3>La particular mirada del DT portugu\u00e9s de Cruzeiro sobre el duelo con Boca<\/h3>\n<\/p>\n<\/section>\n<\/div>\n<div id=\"element-body-25\" class=\"sc-a7166897-0 eoLsBE\"><a href=\"https:\/\/www.ole.com.ar\/boca-juniors\/lista-concentrados-convocados-boca-viaje-brasil-partido-copa-libertadores-cruzeiro_0_lCbimVDqkM.html\" aria-label=\"La lista extralarge de Boca en la Copa: tres que vuelven, el debut de un juvenil y un lesionado en recuperaci\u00f3n\" class=\"sc-3c11979e-0 dqpgzy\"\/><\/p>\n<section><picture><img alt=\"La lista extralarge de Boca en la Copa: tres que vuelven, el debut de un juvenil y un lesionado en recuperaci\u00f3n\" loading=\"lazy\" width=\"290\" height=\"290\" decoding=\"async\" data-nimg=\"1\" style=\"color:transparent\" src=\"https:\/\/fmamiga909.com.ar\/wp-content\/uploads\/2026\/04\/1777322306_877_SjvbtJuzM_290x290__1.jpg\"\/><\/picture>\n<p><span>Mir\u00e1 tambi\u00e9n<\/span><\/p>\n<hr\/>\n<h3>La lista extralarge de Boca en la Copa: tres que vuelven, el debut de un juvenil y un lesionado en recuperaci\u00f3n<\/h3>\n<\/p>\n<\/section>\n<\/div>\n<div id=\"element-body-26\" class=\"sc-a7166897-0 eoLsBE\"><a href=\"https:\/\/www.ole.com.ar\/boca-juniors\/boca-historial-cruzeiro-copa-libertadores_0_Oa24jI1ds9.html\" aria-label=\"El pesado historial entre Boca y Cruzeiro con el recuerdo de las finales de 1977, una mand\u00edbula rota y la \u00faltima eliminaci\u00f3n\" class=\"sc-3c11979e-0 dqpgzy\"\/><\/p>\n<section><picture><img alt=\"El pesado historial entre Boca y Cruzeiro con el recuerdo de las finales de 1977, una mand\u00edbula rota y la \u00faltima eliminaci\u00f3n\" loading=\"lazy\" width=\"290\" height=\"290\" decoding=\"async\" data-nimg=\"1\" style=\"color:transparent\" src=\"https:\/\/fmamiga909.com.ar\/wp-content\/uploads\/2026\/04\/pm4nJsV4v_290x290__1.jpg\"\/><\/picture>\n<p><span>Mir\u00e1 tambi\u00e9n<\/span><\/p>\n<hr\/>\n<h3>El pesado historial entre Boca y Cruzeiro con el recuerdo de las finales de 1977, una mand\u00edbula rota y la \u00faltima eliminaci\u00f3n<\/h3>\n<\/p>\n<\/section>\n<\/div>\n<div id=\"element-body-27\" class=\"sc-a7166897-0 eoLsBE\"><a href=\"https:\/\/www.ole.com.ar\/futbol-internacional\/libertadores\/cruzeiro-vs-boca-copa-libertadores-dia-horario-ver-tv-online-formaciones_0_r4aiETx0sN.html\" aria-label=\"Cruzeiro vs. Boca, por la Copa Libertadores: hora, c\u00f3mo ver y probables formaciones\" class=\"sc-3c11979e-0 dqpgzy\"\/><\/p>\n<section><picture><img alt=\"Cruzeiro vs. Boca, por la Copa Libertadores: hora, c\u00f3mo ver y probables formaciones\" loading=\"lazy\" width=\"290\" height=\"290\" decoding=\"async\" data-nimg=\"1\" style=\"color:transparent\" src=\"https:\/\/fmamiga909.com.ar\/wp-content\/uploads\/2026\/04\/o33ix63a-_290x290__1.jpg\"\/><\/picture>\n<p><span>Mir\u00e1 tambi\u00e9n<\/span><\/p>\n<hr\/>\n<h3>Cruzeiro vs. Boca, por la Copa Libertadores: hora, c\u00f3mo ver y probables formaciones<\/h3>\n<\/p>\n<\/section>\n<\/div>\n<\/div>\n<p><a href=\"https:\/\/www.ole.com.ar\/boca-juniors\/ramon-diaz-river-juan-roman-riquelme-declaraciones-boca_0_JLaN3fcwIh.html\">source<\/a><\/p>\n","protected":false},"excerpt":{"rendered":"<p>27\/04\/2026 15:51hs. Actualizado al 27\/04\/2026 16:16hs. Son dos grossos. Y si encima uno habla del&#8230;<\/p>\n","protected":false},"author":3,"featured_media":32867,"comment_status":"closed","ping_status":"closed","sticky":false,"template":"","format":"standard","meta":{"footnotes":""},"categories":[21],"tags":[],"class_list":["post-32866","post","type-post","status-publish","format-standard","has-post-thumbnail","hentry","category-deportes"],"featured_image_urls":{"full":["https:\/\/fmamiga909.com.ar\/wp-content\/uploads\/2026\/04\/wp-header-logo-526.png",720,432,false],"thumbnail":["https:\/\/fmamiga909.com.ar\/wp-content\/uploads\/2026\/04\/wp-header-logo-526-150x150.png",150,150,true],"medium":["https:\/\/fmamiga909.com.ar\/wp-content\/uploads\/2026\/04\/wp-header-logo-526-300x180.png",300,180,true],"medium_large":["https:\/\/fmamiga909.com.ar\/wp-content\/uploads\/2026\/04\/wp-header-logo-526.png",720,432,false],"large":["https:\/\/fmamiga909.com.ar\/wp-content\/uploads\/2026\/04\/wp-header-logo-526.png",640,384,false],"1536x1536":["https:\/\/fmamiga909.com.ar\/wp-content\/uploads\/2026\/04\/wp-header-logo-526.png",720,432,false],"2048x2048":["https:\/\/fmamiga909.com.ar\/wp-content\/uploads\/2026\/04\/wp-header-logo-526.png",720,432,false],"newsium-slider-full":["https:\/\/fmamiga909.com.ar\/wp-content\/uploads\/2026\/04\/wp-header-logo-526.png",720,432,false],"newsium-featured":["https:\/\/fmamiga909.com.ar\/wp-content\/uploads\/2026\/04\/wp-header-logo-526.png",720,432,false],"newsium-medium":["https:\/\/fmamiga909.com.ar\/wp-content\/uploads\/2026\/04\/wp-header-logo-526.png",720,432,false]},"author_info":{"display_name":"Fredy Giuliano","author_link":"https:\/\/fmamiga909.com.ar\/?author=3"},"category_info":"<a href=\"https:\/\/fmamiga909.com.ar\/?cat=21\" rel=\"category\">Deportes<\/a>","tag_info":"Deportes","comment_count":"0","_links":{"self":[{"href":"https:\/\/fmamiga909.com.ar\/index.php?rest_route=\/wp\/v2\/posts\/32866","targetHints":{"allow":["GET"]}}],"collection":[{"href":"https:\/\/fmamiga909.com.ar\/index.php?rest_route=\/wp\/v2\/posts"}],"about":[{"href":"https:\/\/fmamiga909.com.ar\/index.php?rest_route=\/wp\/v2\/types\/post"}],"author":[{"embeddable":true,"href":"https:\/\/fmamiga909.com.ar\/index.php?rest_route=\/wp\/v2\/users\/3"}],"replies":[{"embeddable":true,"href":"https:\/\/fmamiga909.com.ar\/index.php?rest_route=%2Fwp%2Fv2%2Fcomments&post=32866"}],"version-history":[{"count":0,"href":"https:\/\/fmamiga909.com.ar\/index.php?rest_route=\/wp\/v2\/posts\/32866\/revisions"}],"wp:featuredmedia":[{"embeddable":true,"href":"https:\/\/fmamiga909.com.ar\/index.php?rest_route=\/wp\/v2\/media\/32867"}],"wp:attachment":[{"href":"https:\/\/fmamiga909.com.ar\/index.php?rest_route=%2Fwp%2Fv2%2Fmedia&parent=32866"}],"wp:term":[{"taxonomy":"category","embeddable":true,"href":"https:\/\/fmamiga909.com.ar\/index.php?rest_route=%2Fwp%2Fv2%2Fcategories&post=32866"},{"taxonomy":"post_tag","embeddable":true,"href":"https:\/\/fmamiga909.com.ar\/index.php?rest_route=%2Fwp%2Fv2%2Ftags&post=32866"}],"curies":[{"name":"wp","href":"https:\/\/api.w.org\/{rel}","templated":true}]}}