{"id":32880,"date":"2026-04-27T20:48:40","date_gmt":"2026-04-27T20:48:40","guid":{"rendered":"https:\/\/fmamiga909.com.ar\/?p=32880"},"modified":"2026-04-27T20:48:40","modified_gmt":"2026-04-27T20:48:40","slug":"lanus-vs-liga-de-quito-por-la-copa-libertadores-hora-como-ver-y-probables-formaciones","status":"publish","type":"post","link":"https:\/\/fmamiga909.com.ar\/?p=32880","title":{"rendered":"Lan\u00fas vs. Liga de Quito, por la Copa Libertadores: hora, c\u00f3mo ver y probables formaciones"},"content":{"rendered":"<p><time class=\"createDate\" datetime=\"2026-04-27T16:24:14-03:00\">27\/04\/2026 16:24hs.<\/time><\/p>\n<div id=\"storyBody\">\n<div id=\"element-body-0\" class=\"sc-136cd478-0 ekTCfV\">\n<p>Noche de Copa en La Fortaleza. Este martes, <strong><a href=\"https:\/\/www.ole.com.ar\/tema\/lanus.html\" title=\"Lan\u00fas\" alt=\"Lan\u00fas\" class=\"slug\">Lan\u00fas<\/a> recibir\u00e1 a <a href=\"https:\/\/www.ole.com.ar\/tema\/liga-de-quito.html\" title=\"liga de quito\" alt=\"liga de quito\" class=\"slug\">Liga de Quito<\/a> en un duelo crucial por la tercera fecha de la fase de grupos de la <a href=\"https:\/\/www.ole.com.ar\/tema\/copa-libertadores.html\" title=\"Copa Libertadores\" alt=\"Copa Libertadores\" class=\"slug\">Libertadores<\/a><\/strong>. El Granate de Mauricio Pellegrino necesita los tres puntos para no perderle pisada al equipo ecuatoriano, que llega como \u00fanico l\u00edder del Grupo G. Conoc\u00e9 todos los detalles de este partido.<\/p>\n<\/div>\n<p><h2><strong>C\u00f3mo llega Lan\u00fas<\/strong><\/h2>\n<\/p>\n<div id=\"element-body-2\" class=\"sc-136cd478-0 ekTCfV\">\n<p>El Lan\u00fas de Mauricio Pellegrino atraviesa un presente de contrastes. Mientras en el Torneo Apertura viene de un empate sin goles ante Central C\u00f3rdoba que dej\u00f3 sabor a poco, en el plano internacional tiene la necesidad de sumar. <strong>Actualmente ocupa la tercera posici\u00f3n del Grupo G con tres puntos<\/strong> y arrastra una alarmante falta de gol: apenas un tanto convertido en lo que va de la fase de grupos, que fue en el triunfo por la m\u00ednima ante Always Ready. En su otra presentaci\u00f3n en la Copa, cay\u00f3 por la m\u00ednima ante Mirassol en Brasil, equipo que hoy marcha segundo.<\/p>\n<\/div>\n<div class=\"sc-e7b891c4-0 ifHnQL image-embed\" id=\"element-body-3\"><img alt=\"Lan\u00fas necesita ganar para alcanzar a Liga en la cima (@clublanus).\" loading=\"lazy\" width=\"720\" height=\"100\" decoding=\"async\" data-nimg=\"1\" style=\"color:transparent\" src=\"https:\/\/fmamiga909.com.ar\/wp-content\/uploads\/2026\/04\/1777322919_506_JfXQtn5Dv_720x0__1.jpg\"\/><span class=\"epigraphe\">Lan\u00fas necesita ganar para alcanzar a Liga en la cima (@clublanus).<\/span><\/div>\n<p><h3><strong>\u00daltimos 5 partidos de Lan\u00fas:<\/strong><\/h3>\n<\/p>\n<div id=\"element-body-5\" class=\"sc-136cd478-0 ekTCfV\">\n<ul>\n<li>24\/04\/26: Lan\u00fas 0 &#8211; 0 Central C\u00f3rdoba (Torneo Apertura)<\/li>\n<li>20\/04\/26: Gimnasia (M) 1 &#8211; 0 Lan\u00fas (Torneo Apertura)<\/li>\n<li>16\/04\/26: Lan\u00fas 1 &#8211; 0 Always Ready (Libertadores)<\/li>\n<li>13\/04\/26: Lan\u00fas 1 &#8211; 0 Banfield (Torneo Apertura)<\/li>\n<li>08\/04\/26: Mirassol 1 &#8211; 0 Lan\u00fas (Libertadores)<\/li>\n<\/ul>\n<\/div>\n<p><h2><strong>C\u00f3mo llega Liga de Quito<\/strong><\/h2>\n<\/p>\n<div id=\"element-body-8\" class=\"sc-136cd478-0 ekTCfV\">\n<p>Por su parte, Liga de Quito pisa suelo argentino con la tranquilidad de ser el l\u00edder invicto de la zona. Bajo la conducci\u00f3n t\u00e1ctica de Tiago Nunes, <strong>el Albo ha mostrado un gran nivel para vencer 1-0 a Always Ready en Bolivia y 2-1 a Mirassol en Ecuador<\/strong>. Aunque viene de una ajustada derrota ante Emelec en su liga local, el conjunto comandado de Ecuador sabe jugar estos partidos y buscar\u00e1 encaminar su clasificaci\u00f3n en Argentina.<\/p>\n<\/div>\n<p><h3><strong>\u00daltimos 5 partidos de LDU Quito:<\/strong><\/h3>\n<\/p>\n<div id=\"element-body-10\" class=\"sc-136cd478-0 ekTCfV\">\n<ul>\n<li>25\/04\/26: Emelec 1 &#8211; 0 LDU Quito (Liga Pro)<\/li>\n<li>22\/04\/26: LDU Quito 0 &#8211; 0 Aucas (Liga Pro)<\/li>\n<li>19\/04\/26: IDV 0 &#8211; 2 LDU Quito (Liga Pro)<\/li>\n<li>14\/04\/26: LDU Quito 2 &#8211; 0 Mirassol (Libertadores)<\/li>\n<li>10\/04\/26: Delf\u00edn 1 &#8211; 0 LDU Quito (Liga Pro)<\/li>\n<\/ul>\n<\/div>\n<p><h2><strong>\u00bfA qu\u00e9 hora juegan de Lan\u00fas vs. Liga de Quito?<\/strong><\/h2>\n<\/p>\n<div id=\"element-body-14\" class=\"sc-136cd478-0 ekTCfV\">\n<p>El encuentro entre Lan\u00fas y Liga de Quito <strong>se llevar\u00e1 a cabo este martes 28 de abril de 2026 a las 19:00<\/strong> (hora de Argentina) en el Estadio Ciudad de Lan\u00fas &#8211; N\u00e9stor D\u00edaz P\u00e9rez.<\/p>\n<\/div>\n<p><h2><strong>\u00bfQu\u00e9 canal de TV transmite Lan\u00fas vs. Liga de Quito?<\/strong><\/h2>\n<\/p>\n<div id=\"element-body-16\" class=\"sc-136cd478-0 ekTCfV\">\n<p>El partido ser\u00e1 transmitido en vivo por la se\u00f1al de <strong>Fox Sports<\/strong> y a trav\u00e9s de la plataforma de streaming <strong>Disney+<\/strong>. Adem\u00e1s, como siempre, vas a poder seguir el minuto a minuto a trav\u00e9s de la web de <strong>Ol\u00e9<\/strong>.<\/p>\n<\/div>\n<p><h2><strong>La probable formaci\u00f3n de Lan\u00fas ante Liga de Quito<\/strong><\/h2>\n<\/p>\n<div id=\"element-body-18\" class=\"sc-136cd478-0 ekTCfV\">\n<p>Nahuel Losada; Juan Jos\u00e9 Guidara, Carlos Izquierdoz, Jos\u00e9 Canale, Braian Marcich; Agust\u00edn Medina, Agust\u00edn Cardozo; Eduardo Salvio, Marcelino Moreno, Ramiro Carrera; Walter Bou o Dylan Aquino. <strong>DT: Mauricio Pellegrino<\/strong>.<\/p>\n<\/div>\n<div class=\"sc-e7b891c4-0 ifHnQL image-embed\" id=\"element-body-19\"><img alt=\"Pellegrino quiere otra victoria copera (REUTERS).\" loading=\"lazy\" width=\"720\" height=\"100\" decoding=\"async\" data-nimg=\"1\" style=\"color:transparent\" src=\"https:\/\/fmamiga909.com.ar\/wp-content\/uploads\/2026\/04\/lcq54SWhv_720x0__1.jpg\"\/><span class=\"epigraphe\">Pellegrino quiere otra victoria copera (REUTERS).<\/span><\/div>\n<p><h2><strong>El posible once de Liga de Quito ante Lan\u00fas<\/strong><\/h2>\n<\/p>\n<div id=\"element-body-21\" class=\"sc-136cd478-0 ekTCfV\">\n<p>Gonzalo Valle; Jos\u00e9 Quintero, Daniel de la Cruz, Juan Pablo Segovia, Leonel Qui\u00f1\u00f3nez; Jes\u00fas Pretell, Gabriel Villamil; Yan Qui\u00f1\u00f3nez, Rodney Redes, Jhohan Corozo; Deyverson. <strong>DT: Tiago Nunes<\/strong>.<\/p>\n<\/div>\n<p><h2><strong>La terna arbitral de Lan\u00fas vs. Liga de Quito<\/strong><\/h2>\n<\/p>\n<div id=\"element-body-23\" class=\"sc-136cd478-0 ekTCfV\">\n<ul>\n<li><strong>\u00c1rbitro principal: Jos\u00e9 Cabero (CHI)<\/strong><\/li>\n<li>Asistente 1: Jos\u00e9 Retamal (CHI)<\/li>\n<li>Asistente 2: Miguel Rocha (CHI)<\/li>\n<li>Cuarto \u00e1rbitro: Diego Flores (CHI)<\/li>\n<li>VAR: Juan Lara (CHI)<\/li>\n<li>AVAR: Edson Cisternas (CHI)<\/li>\n<\/ul>\n<\/div>\n<div id=\"element-body-24\" class=\"sc-a7166897-0 eoLsBE\"><a href=\"https:\/\/www.ole.com.ar\/ecuador\/internacional\/estadistica-preocupa-liga-quito-visitando-argentina-copa-libertadores-historial-lanus_0_LUj6TPi1Mx.html\" aria-label=\"La estad\u00edstica que preocupa en Liga de Quito visitando Argentina por Copa Libertadores\" class=\"sc-3c11979e-0 dqpgzy\"\/><\/p>\n<section><picture><img alt=\"La estad\u00edstica que preocupa en Liga de Quito visitando Argentina por Copa Libertadores\" loading=\"lazy\" width=\"290\" height=\"290\" decoding=\"async\" data-nimg=\"1\" style=\"color:transparent\" src=\"https:\/\/fmamiga909.com.ar\/wp-content\/uploads\/2026\/04\/MNRiXHPCl_290x290__1.jpg\"\/><\/picture>\n<p><span>Mir\u00e1 tambi\u00e9n<\/span><\/p>\n<hr\/>\n<h3>La estad\u00edstica que preocupa en Liga de Quito visitando Argentina por Copa Libertadores<\/h3>\n<\/p>\n<\/section>\n<\/div>\n<div id=\"element-body-25\" class=\"sc-a7166897-0 eoLsBE\"><a href=\"https:\/\/www.ole.com.ar\/futbol-internacional\/libertadores\/copa-libertadores-fecha-3-dia-horario-juega-argentino_0_XmGoZ2JQeh.html\" aria-label=\"Fecha 3 de la Libertadores: d\u00edas, horarios, TV y qu\u00e9 se juega cada equipo argentino\" class=\"sc-3c11979e-0 dqpgzy\"\/><\/p>\n<section><picture><img alt=\"Fecha 3 de la Libertadores: d\u00edas, horarios, TV y qu\u00e9 se juega cada equipo argentino\" loading=\"lazy\" width=\"290\" height=\"290\" decoding=\"async\" data-nimg=\"1\" style=\"color:transparent\" src=\"https:\/\/fmamiga909.com.ar\/wp-content\/uploads\/2026\/04\/1777322919_928_o8I6jnoaD_290x290__1.jpg\"\/><\/picture>\n<p><span>Mir\u00e1 tambi\u00e9n<\/span><\/p>\n<hr\/>\n<h3>Fecha 3 de la Libertadores: d\u00edas, horarios, TV y qu\u00e9 se juega cada equipo argentino<\/h3>\n<\/p>\n<\/section>\n<\/div>\n<div id=\"element-body-26\" class=\"sc-a7166897-0 eoLsBE\"><a href=\"https:\/\/www.ole.com.ar\/futbol-primera\/torneo-apertura-anual-fecha-16-apertura-tabla-libertadores-sudamericana-descenso_0_4uWWs1Zme3.html\" aria-label=\"Tabla anual: Independiente Rivadavia arriba, River segundo y Boca en zona de Sudamericana\" class=\"sc-3c11979e-0 dqpgzy\"\/><\/p>\n<section><picture><img alt=\"Tabla anual: Independiente Rivadavia arriba, River segundo y Boca en zona de Sudamericana\" loading=\"lazy\" width=\"290\" height=\"290\" decoding=\"async\" data-nimg=\"1\" style=\"color:transparent\" src=\"https:\/\/fmamiga909.com.ar\/wp-content\/uploads\/2026\/04\/1777322920_466_ST6BbhJuX_290x290__1.jpg\"\/><\/picture>\n<p><span>Mir\u00e1 tambi\u00e9n<\/span><\/p>\n<hr\/>\n<h3>Tabla anual: Independiente Rivadavia arriba, River segundo y Boca en zona de Sudamericana<\/h3>\n<\/p>\n<\/section>\n<\/div>\n<div id=\"element-body-27\" class=\"sc-a7166897-0 eoLsBE\"><a href=\"https:\/\/www.ole.com.ar\/futbol-primera\/tabla-promedios-descensos-afa-torneo-apertura_0_jsgMKijvoI.html\" aria-label=\"As\u00ed est\u00e1n los descensos en la fecha 16 del Apertura\" class=\"sc-3c11979e-0 dqpgzy\"\/><\/p>\n<section><picture><img alt=\"As\u00ed est\u00e1n los descensos en la fecha 16 del Apertura\" loading=\"lazy\" width=\"290\" height=\"290\" decoding=\"async\" data-nimg=\"1\" style=\"color:transparent\" src=\"https:\/\/fmamiga909.com.ar\/wp-content\/uploads\/2026\/04\/1777322920_813_p8NAlB8CC_290x290__1.jpg\"\/><\/picture>\n<p><span>Mir\u00e1 tambi\u00e9n<\/span><\/p>\n<hr\/>\n<h3>As\u00ed est\u00e1n los descensos en la fecha 16 del Apertura<\/h3>\n<\/p>\n<\/section>\n<\/div>\n<\/div>\n<p><a href=\"https:\/\/www.ole.com.ar\/futbol-internacional\/libertadores\/lanus-vs-liga-quito-copa-libertadores-dia-horario-ver-vivo-tv-online_0_HgGGQph008.html\">source<\/a><\/p>\n","protected":false},"excerpt":{"rendered":"<p>27\/04\/2026 16:24hs. Noche de Copa en La Fortaleza. Este martes, Lan\u00fas recibir\u00e1 a Liga de&#8230;<\/p>\n","protected":false},"author":3,"featured_media":32881,"comment_status":"closed","ping_status":"closed","sticky":false,"template":"","format":"standard","meta":{"footnotes":""},"categories":[21],"tags":[],"class_list":["post-32880","post","type-post","status-publish","format-standard","has-post-thumbnail","hentry","category-deportes"],"featured_image_urls":{"full":["https:\/\/fmamiga909.com.ar\/wp-content\/uploads\/2026\/04\/wp-header-logo-528.png",720,480,false],"thumbnail":["https:\/\/fmamiga909.com.ar\/wp-content\/uploads\/2026\/04\/wp-header-logo-528-150x150.png",150,150,true],"medium":["https:\/\/fmamiga909.com.ar\/wp-content\/uploads\/2026\/04\/wp-header-logo-528-300x200.png",300,200,true],"medium_large":["https:\/\/fmamiga909.com.ar\/wp-content\/uploads\/2026\/04\/wp-header-logo-528.png",720,480,false],"large":["https:\/\/fmamiga909.com.ar\/wp-content\/uploads\/2026\/04\/wp-header-logo-528.png",640,427,false],"1536x1536":["https:\/\/fmamiga909.com.ar\/wp-content\/uploads\/2026\/04\/wp-header-logo-528.png",720,480,false],"2048x2048":["https:\/\/fmamiga909.com.ar\/wp-content\/uploads\/2026\/04\/wp-header-logo-528.png",720,480,false],"newsium-slider-full":["https:\/\/fmamiga909.com.ar\/wp-content\/uploads\/2026\/04\/wp-header-logo-528.png",720,480,false],"newsium-featured":["https:\/\/fmamiga909.com.ar\/wp-content\/uploads\/2026\/04\/wp-header-logo-528.png",720,480,false],"newsium-medium":["https:\/\/fmamiga909.com.ar\/wp-content\/uploads\/2026\/04\/wp-header-logo-528-720x475.png",720,475,true]},"author_info":{"display_name":"Fredy Giuliano","author_link":"https:\/\/fmamiga909.com.ar\/?author=3"},"category_info":"<a href=\"https:\/\/fmamiga909.com.ar\/?cat=21\" rel=\"category\">Deportes<\/a>","tag_info":"Deportes","comment_count":"0","_links":{"self":[{"href":"https:\/\/fmamiga909.com.ar\/index.php?rest_route=\/wp\/v2\/posts\/32880","targetHints":{"allow":["GET"]}}],"collection":[{"href":"https:\/\/fmamiga909.com.ar\/index.php?rest_route=\/wp\/v2\/posts"}],"about":[{"href":"https:\/\/fmamiga909.com.ar\/index.php?rest_route=\/wp\/v2\/types\/post"}],"author":[{"embeddable":true,"href":"https:\/\/fmamiga909.com.ar\/index.php?rest_route=\/wp\/v2\/users\/3"}],"replies":[{"embeddable":true,"href":"https:\/\/fmamiga909.com.ar\/index.php?rest_route=%2Fwp%2Fv2%2Fcomments&post=32880"}],"version-history":[{"count":0,"href":"https:\/\/fmamiga909.com.ar\/index.php?rest_route=\/wp\/v2\/posts\/32880\/revisions"}],"wp:featuredmedia":[{"embeddable":true,"href":"https:\/\/fmamiga909.com.ar\/index.php?rest_route=\/wp\/v2\/media\/32881"}],"wp:attachment":[{"href":"https:\/\/fmamiga909.com.ar\/index.php?rest_route=%2Fwp%2Fv2%2Fmedia&parent=32880"}],"wp:term":[{"taxonomy":"category","embeddable":true,"href":"https:\/\/fmamiga909.com.ar\/index.php?rest_route=%2Fwp%2Fv2%2Fcategories&post=32880"},{"taxonomy":"post_tag","embeddable":true,"href":"https:\/\/fmamiga909.com.ar\/index.php?rest_route=%2Fwp%2Fv2%2Ftags&post=32880"}],"curies":[{"name":"wp","href":"https:\/\/api.w.org\/{rel}","templated":true}]}}