{"id":32892,"date":"2026-04-27T20:59:22","date_gmt":"2026-04-27T20:59:22","guid":{"rendered":"https:\/\/fmamiga909.com.ar\/?p=32892"},"modified":"2026-04-27T20:59:22","modified_gmt":"2026-04-27T20:59:22","slug":"boca-ya-esta-en-viaje-rumbo-a-brasil","status":"publish","type":"post","link":"https:\/\/fmamiga909.com.ar\/?p=32892","title":{"rendered":"Boca ya est\u00e1 en viaje rumbo a Brasil"},"content":{"rendered":"<p><time class=\"createDate\" datetime=\"2026-04-27T16:50:38-03:00\">27\/04\/2026 16:50hs.<\/time><\/p>\n<div id=\"storyBody\">\n<div id=\"element-body-0\" class=\"sc-136cd478-0 ekTCfV\">\n<p>El primer viaje a Brasil despu\u00e9s de dos a\u00f1os tiene como destino el mismo de aquella vez. <strong>Es que en Belo Horizonte fue donde el <a href=\"https:\/\/www.ole.com.ar\/tema\/boca-juniors.html\" title=\"Boca Juniors\" alt=\"Boca Juniors\" class=\"slug\">Boca<\/a> de Diego Mart\u00ednez perdi\u00f3 por penales la chance de seguir en la Copa Sudamericana y de acrecentar el buen r\u00e9cord que tiene el Xeneize en tierras brasile\u00f1as.<\/strong> Por eso el viaje de regreso es especial, y desde este lunes a la tarde ya est\u00e1 en marcha.<\/p>\n<\/div>\n<div id=\"element-body-2\" class=\"sc-136cd478-0 ekTCfV\">\n<p>Cerca de las 16, el plantel comandado por Claudio Ubeda lleg\u00f3 al aeropuerto de Ezeiza para abordar el vuelo directo y encarar el partido por la tercera fecha del Grupo D de la Copa Libertadores, <strong>que lo tiene como \u00fanico puntero con seis puntos sobre seis, y con la chance de ganarse buena parte del boleto a octavos de final si se vuelve con los tres puntos en el bolsillo.<\/strong><\/p>\n<\/div>\n<div id=\"element-body-3\" class=\"sc-136cd478-0 ekTCfV\">\n<p>La llegada a Minas Gerais ser\u00e1 pasadas las 18 y un rato despu\u00e9s (alrededor de las 19) <strong> se estima que ser\u00e1 el ingreso del plantel al hotel, donde ser\u00e1 recibido por hinchas locales y argentinos residentes. <\/strong><\/p>\n<\/div>\n<div id=\"element-body-4\" class=\"sc-a7166897-0 eoLsBE\"><a href=\"https:\/\/www.ole.com.ar\/boca-juniors\/camiseta-amarilla-boca-partido-cruzeiro-copa-libertadores_0_K7DABwJEFv.html\" aria-label=\"La costumbre que respetar\u00e1 Boca para jugar de visitante en la Libertadores\" class=\"sc-3c11979e-0 dqpgzy\"\/><\/p>\n<section><picture><img alt=\"La costumbre que respetar\u00e1 Boca para jugar de visitante en la Libertadores\" loading=\"lazy\" width=\"290\" height=\"290\" decoding=\"async\" data-nimg=\"1\" style=\"color:transparent\" src=\"https:\/\/fmamiga909.com.ar\/wp-content\/uploads\/2026\/04\/1777323561_171_ScukoYq2w_290x290__1.jpg\"\/><\/picture>\n<p><span>Mir\u00e1 tambi\u00e9n<\/span><\/p>\n<hr\/>\n<h3>La costumbre que respetar\u00e1 Boca para jugar de visitante en la Libertadores<\/h3>\n<\/p>\n<\/section>\n<\/div>\n<div id=\"element-body-5\" class=\"sc-a7166897-0 eoLsBE\"><a href=\"https:\/\/www.ole.com.ar\/boca-juniors\/formacion-boca-cambios-vs-cruzeiro-libertadores_0_xNngcFIwTt.html\" aria-label=\"La formaci\u00f3n de Boca con nueve cambios para visitar a Cruzeiro en la Libertadores\" class=\"sc-3c11979e-0 dqpgzy\"\/><\/p>\n<section><picture><img alt=\"La formaci\u00f3n de Boca con nueve cambios para visitar a Cruzeiro en la Libertadores\" loading=\"lazy\" width=\"290\" height=\"290\" decoding=\"async\" data-nimg=\"1\" style=\"color:transparent\" src=\"https:\/\/fmamiga909.com.ar\/wp-content\/uploads\/2026\/04\/1777323561_79_ELnqeqJf3_290x290__1.jpg\"\/><\/picture>\n<p><span>Mir\u00e1 tambi\u00e9n<\/span><\/p>\n<hr\/>\n<h3>La formaci\u00f3n de Boca con nueve cambios para visitar a Cruzeiro en la Libertadores<\/h3>\n<\/p>\n<\/section>\n<\/div>\n<div id=\"element-body-6\" class=\"sc-a7166897-0 eoLsBE\"><a href=\"https:\/\/www.ole.com.ar\/boca-juniors\/boca-historial-cruzeiro-copa-libertadores_0_Oa24jI1ds9.html\" aria-label=\"El pesado historial entre Boca y Cruzeiro con el recuerdo de las finales de 1977, una mand\u00edbula rota y la \u00faltima eliminaci\u00f3n\" class=\"sc-3c11979e-0 dqpgzy\"\/><\/p>\n<section><picture><img alt=\"El pesado historial entre Boca y Cruzeiro con el recuerdo de las finales de 1977, una mand\u00edbula rota y la \u00faltima eliminaci\u00f3n\" loading=\"lazy\" width=\"290\" height=\"290\" decoding=\"async\" data-nimg=\"1\" style=\"color:transparent\" src=\"https:\/\/fmamiga909.com.ar\/wp-content\/uploads\/2026\/04\/1777323561_945_pm4nJsV4v_290x290__1.jpg\"\/><\/picture>\n<p><span>Mir\u00e1 tambi\u00e9n<\/span><\/p>\n<hr\/>\n<h3>El pesado historial entre Boca y Cruzeiro con el recuerdo de las finales de 1977, una mand\u00edbula rota y la \u00faltima eliminaci\u00f3n<\/h3>\n<\/p>\n<\/section>\n<\/div>\n<\/div>\n<p><a href=\"https:\/\/www.ole.com.ar\/boca-juniors\/boca-cruzeiro-viaje-brasil_0_BQPsgbchUB.html\">source<\/a><\/p>\n","protected":false},"excerpt":{"rendered":"<p>27\/04\/2026 16:50hs. El primer viaje a Brasil despu\u00e9s de dos a\u00f1os tiene como destino el&#8230;<\/p>\n","protected":false},"author":3,"featured_media":32893,"comment_status":"closed","ping_status":"closed","sticky":false,"template":"","format":"standard","meta":{"footnotes":""},"categories":[21],"tags":[],"class_list":["post-32892","post","type-post","status-publish","format-standard","has-post-thumbnail","hentry","category-deportes"],"featured_image_urls":{"full":["https:\/\/fmamiga909.com.ar\/wp-content\/uploads\/2026\/04\/wp-header-logo-530.png",290,290,false],"thumbnail":["https:\/\/fmamiga909.com.ar\/wp-content\/uploads\/2026\/04\/wp-header-logo-530-150x150.png",150,150,true],"medium":["https:\/\/fmamiga909.com.ar\/wp-content\/uploads\/2026\/04\/wp-header-logo-530.png",290,290,false],"medium_large":["https:\/\/fmamiga909.com.ar\/wp-content\/uploads\/2026\/04\/wp-header-logo-530.png",290,290,false],"large":["https:\/\/fmamiga909.com.ar\/wp-content\/uploads\/2026\/04\/wp-header-logo-530.png",290,290,false],"1536x1536":["https:\/\/fmamiga909.com.ar\/wp-content\/uploads\/2026\/04\/wp-header-logo-530.png",290,290,false],"2048x2048":["https:\/\/fmamiga909.com.ar\/wp-content\/uploads\/2026\/04\/wp-header-logo-530.png",290,290,false],"newsium-slider-full":["https:\/\/fmamiga909.com.ar\/wp-content\/uploads\/2026\/04\/wp-header-logo-530.png",290,290,false],"newsium-featured":["https:\/\/fmamiga909.com.ar\/wp-content\/uploads\/2026\/04\/wp-header-logo-530.png",290,290,false],"newsium-medium":["https:\/\/fmamiga909.com.ar\/wp-content\/uploads\/2026\/04\/wp-header-logo-530.png",290,290,false]},"author_info":{"display_name":"Fredy Giuliano","author_link":"https:\/\/fmamiga909.com.ar\/?author=3"},"category_info":"<a href=\"https:\/\/fmamiga909.com.ar\/?cat=21\" rel=\"category\">Deportes<\/a>","tag_info":"Deportes","comment_count":"0","_links":{"self":[{"href":"https:\/\/fmamiga909.com.ar\/index.php?rest_route=\/wp\/v2\/posts\/32892","targetHints":{"allow":["GET"]}}],"collection":[{"href":"https:\/\/fmamiga909.com.ar\/index.php?rest_route=\/wp\/v2\/posts"}],"about":[{"href":"https:\/\/fmamiga909.com.ar\/index.php?rest_route=\/wp\/v2\/types\/post"}],"author":[{"embeddable":true,"href":"https:\/\/fmamiga909.com.ar\/index.php?rest_route=\/wp\/v2\/users\/3"}],"replies":[{"embeddable":true,"href":"https:\/\/fmamiga909.com.ar\/index.php?rest_route=%2Fwp%2Fv2%2Fcomments&post=32892"}],"version-history":[{"count":0,"href":"https:\/\/fmamiga909.com.ar\/index.php?rest_route=\/wp\/v2\/posts\/32892\/revisions"}],"wp:featuredmedia":[{"embeddable":true,"href":"https:\/\/fmamiga909.com.ar\/index.php?rest_route=\/wp\/v2\/media\/32893"}],"wp:attachment":[{"href":"https:\/\/fmamiga909.com.ar\/index.php?rest_route=%2Fwp%2Fv2%2Fmedia&parent=32892"}],"wp:term":[{"taxonomy":"category","embeddable":true,"href":"https:\/\/fmamiga909.com.ar\/index.php?rest_route=%2Fwp%2Fv2%2Fcategories&post=32892"},{"taxonomy":"post_tag","embeddable":true,"href":"https:\/\/fmamiga909.com.ar\/index.php?rest_route=%2Fwp%2Fv2%2Ftags&post=32892"}],"curies":[{"name":"wp","href":"https:\/\/api.w.org\/{rel}","templated":true}]}}