{"id":32911,"date":"2026-04-27T21:09:36","date_gmt":"2026-04-27T21:09:36","guid":{"rendered":"https:\/\/fmamiga909.com.ar\/?p=32911"},"modified":"2026-04-27T21:09:36","modified_gmt":"2026-04-27T21:09:36","slug":"la-costumbre-que-respetara-boca-para-jugar-de-visitante-en-la-libertadores","status":"publish","type":"post","link":"https:\/\/fmamiga909.com.ar\/?p=32911","title":{"rendered":"La costumbre que respetar\u00e1 Boca para jugar de visitante en la Libertadores"},"content":{"rendered":"<p><time class=\"createDate\" datetime=\"2026-04-27T15:19:31-03:00\">27\/04\/2026 15:19hs.<\/time><\/p>\n<div id=\"storyBody\">\n<div id=\"element-body-0\" class=\"sc-136cd478-0 ekTCfV\">\n<p><strong><a href=\"https:\/\/www.ole.com.ar\/tema\/boca-juniors.html\" title=\"Boca Juniors\" alt=\"Boca Juniors\" class=\"slug\">Boca<\/a> disputar\u00e1 este martes su tercer partido en la fase de grupos de la <a href=\"https:\/\/www.ole.com.ar\/tema\/copa-libertadores.html\" title=\"Copa Libertadores\" alt=\"Copa Libertadores\" class=\"slug\">Libertadores<\/a>, <\/strong> cuando visite a <strong><a href=\"https:\/\/www.ole.com.ar\/tema\/cruzeiro.html\" title=\"Cruzeiro\" alt=\"Cruzeiro\" class=\"slug\">Cruzeiro<\/a><\/strong> desde las 21.30 en el Estadio Mineirao. Llega de la mejor manera, con una racha invicta de 14 partidos, en donde se destacan los dos triunfos en el Grupo D de la Copa. Sin embargo, <strong>tambi\u00e9n llega con una costumbre, una que tiene que ver con las veces que sale de la Bombonera, al menos en esta competencia.<\/strong><\/p>\n<\/div>\n<div id=\"element-body-1\" class=\"sc-136cd478-0 ekTCfV\">\n<p><strong>\u00bfCu\u00e1l es? La indumentaria. <\/strong> S\u00ed, porque el equipo de <strong><a href=\"https:\/\/www.ole.com.ar\/tema\/claudio-ubeda.html\" title=\"Claudio Ubeda\" alt=\"Claudio Ubeda\" class=\"slug\">Claudio Ubeda<\/a><\/strong> jugar\u00e1 ante los brasile\u00f1os con la <strong>camiseta alternativa amarilla<\/strong>, la misma que viene de utilizar de visitante en Chile, el 7 de abril pasado cuando por la primera jornada de la Libertadores <strong>le gan\u00f3 2-1 a Universidad Cat\u00f3lica con los goles de <a href=\"https:\/\/www.ole.com.ar\/tema\/leandro-paredes.html\" title=\"Leandro Paredes\" alt=\"Leandro Paredes\" class=\"slug\">Leandro Paredes<\/a> y <a href=\"https:\/\/www.ole.com.ar\/tema\/adam-bareiro.html\" title=\"Adam Bareiro\" alt=\"Adam Bareiro\" class=\"slug\">Adam Bareiro<\/a>. <\/strong><\/p>\n<\/div>\n<div id=\"element-body-2\" class=\"sc-136cd478-0 ekTCfV\">\n<p><strong>Esa fue la \u00fanica vez que utiliz\u00f3 esa pilcha, ya que en el segundo partido que disput\u00f3 en esta Copa, no solamente lo hizo en condici\u00f3n de local (3-0 a Barcelona de Ecuador, el 14\/4), sino que adem\u00e1s us\u00f3 la formaci\u00f3n tradicional, <\/strong> la camiseta azul con la franja amarilla. Por lo visto, ahora la amarilla se prepara para salir a la cancha nada menos que en Brasil.<\/p>\n<\/div>\n<div class=\"sc-e7b891c4-0 ifHnQL image-embed\" id=\"element-body-3\"><img alt=\"Boca, con la amarilla en Chile. Fue victoria 2-1 ante Universidad Cat\u00f3lica (EFE).\" loading=\"lazy\" width=\"720\" height=\"100\" decoding=\"async\" data-nimg=\"1\" style=\"color:transparent\" src=\"https:\/\/fmamiga909.com.ar\/wp-content\/uploads\/2026\/04\/NQyO7e2x8_720x0__1.jpg\"\/><span class=\"epigraphe\">Boca, con la amarilla en Chile. Fue victoria 2-1 ante Universidad Cat\u00f3lica (EFE).<\/span><\/div>\n<p><h2><strong>LOS CONVOCADOS DE BOCA PARA JUGAR CON CRUZEIRO<\/strong><\/h2>\n<\/p>\n<div id=\"element-body-5\" class=\"sc-136cd478-0 ekTCfV\">\n<p><strong>Arqueros:<\/strong> Brey, Garc\u00eda y Rodr\u00edguez.<\/p>\n<\/div>\n<div id=\"element-body-6\" class=\"sc-136cd478-0 ekTCfV\">\n<p><strong>Defensores:<\/strong> Weigandt, Barinaga, Figal, Di Lollo, Costa, Pellegrino, Blanco y Braida.<\/p>\n<\/div>\n<div id=\"element-body-7\" class=\"sc-136cd478-0 ekTCfV\">\n<p><strong>Mediocampistas:<\/strong> Paredes, Delgado, Battaglia, Rey Domenech, Ascacibar, Belmonte, Alarc\u00f3n, Zen\u00f3n, Martegani, Velasco y Aranda.<\/p>\n<\/div>\n<div id=\"element-body-8\" class=\"sc-136cd478-0 ekTCfV\">\n<p><strong>Delanteros:<\/strong> Zeballos, Janson, Romero, Merentiel, Bareiro y Gim\u00e9nez.<\/p>\n<\/div>\n<div class=\"sc-e7b891c4-0 ifHnQL image-embed\" id=\"element-body-9\"><img alt=\"La lista de 28 jugadores que tendr\u00e1 Ubeda a disposici\u00f3n en el partido contra Cruzeiro en la Copa.\" loading=\"lazy\" width=\"720\" height=\"100\" decoding=\"async\" data-nimg=\"1\" style=\"color:transparent\" src=\"https:\/\/fmamiga909.com.ar\/wp-content\/uploads\/2026\/04\/1777324174_496_158cxsjeL_720x0__1.jpg\"\/><span class=\"epigraphe\">La lista de 28 jugadores que tendr\u00e1 Ubeda a disposici\u00f3n en el partido contra Cruzeiro en la Copa.<\/span><\/div>\n<p><h2><strong>LA FORMACI\u00d3N DE BOCA EN LA LIBERTADORES<\/strong><\/h2>\n<\/p>\n<div id=\"element-body-11\" class=\"sc-136cd478-0 ekTCfV\">\n<p><strong>Leandro Brey; Marcelo Weigandt, Lautaro Di Lollo, Ayrton Costa, Lautaro Blanco; Santiago Ascacibar, Milton Delgado, Leandro Paredes, Tom\u00e1s Aranda; Miguel Merentiel y Adam Bareiro.<\/strong><\/p>\n<\/div>\n<div class=\"sc-e7b891c4-0 ifHnQL image-embed\" id=\"element-body-12\"><img alt=\"&quot;Es imprescindible que las relaciones humanas en un grupo fluyan de la manera que lo est\u00e1n haciendo&quot;, dijo Ubeda sobre la uni\u00f3n del grupo (Prensa Boca).\" loading=\"lazy\" width=\"720\" height=\"100\" decoding=\"async\" data-nimg=\"1\" style=\"color:transparent\" src=\"https:\/\/fmamiga909.com.ar\/wp-content\/uploads\/2026\/04\/uaoaWFuHM_720x0__1.jpg\"\/><span class=\"epigraphe\">\u00abEs imprescindible que las relaciones humanas en un grupo fluyan de la manera que lo est\u00e1n haciendo\u00bb, dijo Ubeda sobre la uni\u00f3n del grupo (Prensa Boca).<\/span><\/div>\n<div id=\"element-body-13\" class=\"sc-a7166897-0 eoLsBE\"><a href=\"https:\/\/www.ole.com.ar\/boca-juniors\/boca-historial-cruzeiro-copa-libertadores_0_Oa24jI1ds9.html\" aria-label=\"El pesado historial entre Boca y Cruzeiro con el recuerdo de las finales de 1977, una mand\u00edbula rota y la \u00faltima eliminaci\u00f3n\" class=\"sc-3c11979e-0 dqpgzy\"\/><\/p>\n<section><picture><img alt=\"El pesado historial entre Boca y Cruzeiro con el recuerdo de las finales de 1977, una mand\u00edbula rota y la \u00faltima eliminaci\u00f3n\" loading=\"lazy\" width=\"290\" height=\"290\" decoding=\"async\" data-nimg=\"1\" style=\"color:transparent\" src=\"https:\/\/fmamiga909.com.ar\/wp-content\/uploads\/2026\/04\/1777324175_595_pm4nJsV4v_290x290__1.jpg\"\/><\/picture>\n<p><span>Mir\u00e1 tambi\u00e9n<\/span><\/p>\n<hr\/>\n<h3>El pesado historial entre Boca y Cruzeiro con el recuerdo de las finales de 1977, una mand\u00edbula rota y la \u00faltima eliminaci\u00f3n<\/h3>\n<\/p>\n<\/section>\n<\/div>\n<div id=\"element-body-14\" class=\"sc-a7166897-0 eoLsBE\"><a href=\"https:\/\/www.ole.com.ar\/boca-juniors\/formacion-boca-cambios-vs-cruzeiro-libertadores_0_xNngcFIwTt.html\" aria-label=\"La formaci\u00f3n de Boca con nueve cambios para visitar a Cruzeiro en la Libertadores\" class=\"sc-3c11979e-0 dqpgzy\"\/><\/p>\n<section><picture><img alt=\"La formaci\u00f3n de Boca con nueve cambios para visitar a Cruzeiro en la Libertadores\" loading=\"lazy\" width=\"290\" height=\"290\" decoding=\"async\" data-nimg=\"1\" style=\"color:transparent\" src=\"https:\/\/fmamiga909.com.ar\/wp-content\/uploads\/2026\/04\/1777324175_600_ELnqeqJf3_290x290__1.jpg\"\/><\/picture>\n<p><span>Mir\u00e1 tambi\u00e9n<\/span><\/p>\n<hr\/>\n<h3>La formaci\u00f3n de Boca con nueve cambios para visitar a Cruzeiro en la Libertadores<\/h3>\n<\/p>\n<\/section>\n<\/div>\n<div id=\"element-body-15\" class=\"sc-a7166897-0 eoLsBE\"><a href=\"https:\/\/www.ole.com.ar\/boca-juniors\/lista-concentrados-convocados-boca-viaje-brasil-partido-copa-libertadores-cruzeiro_0_lCbimVDqkM.html\" aria-label=\"La lista extralarge de Boca en la Copa: tres que vuelven, el debut de un juvenil y un lesionado en recuperaci\u00f3n\" class=\"sc-3c11979e-0 dqpgzy\"\/><\/p>\n<section><picture><img alt=\"La lista extralarge de Boca en la Copa: tres que vuelven, el debut de un juvenil y un lesionado en recuperaci\u00f3n\" loading=\"lazy\" width=\"290\" height=\"290\" decoding=\"async\" data-nimg=\"1\" style=\"color:transparent\" src=\"https:\/\/fmamiga909.com.ar\/wp-content\/uploads\/2026\/04\/1777324175_750_SjvbtJuzM_290x290__1.jpg\"\/><\/picture>\n<p><span>Mir\u00e1 tambi\u00e9n<\/span><\/p>\n<hr\/>\n<h3>La lista extralarge de Boca en la Copa: tres que vuelven, el debut de un juvenil y un lesionado en recuperaci\u00f3n<\/h3>\n<\/p>\n<\/section>\n<\/div>\n<div id=\"element-body-16\" class=\"sc-a7166897-0 eoLsBE\"><a href=\"https:\/\/www.ole.com.ar\/boca-juniors\/boca-dt-cruzeiro-artur-jorge-previa-copa-libertadores_0_Txy6NqTbWz.html\" aria-label=\"La particular mirada del DT portugu\u00e9s de Cruzeiro sobre el duelo con Boca\" class=\"sc-3c11979e-0 dqpgzy\"\/><\/p>\n<section><picture><img alt=\"La particular mirada del DT portugu\u00e9s de Cruzeiro sobre el duelo con Boca\" loading=\"lazy\" width=\"290\" height=\"290\" decoding=\"async\" data-nimg=\"1\" style=\"color:transparent\" src=\"https:\/\/fmamiga909.com.ar\/wp-content\/uploads\/2026\/04\/1777324175_72_XrBd4Fk7l_290x290__1.jpg\"\/><\/picture>\n<p><span>Mir\u00e1 tambi\u00e9n<\/span><\/p>\n<hr\/>\n<h3>La particular mirada del DT portugu\u00e9s de Cruzeiro sobre el duelo con Boca<\/h3>\n<\/p>\n<\/section>\n<\/div>\n<div id=\"element-body-17\" class=\"sc-a7166897-0 eoLsBE\"><a href=\"https:\/\/www.ole.com.ar\/futbol-internacional\/libertadores\/cruzeiro-vs-boca-copa-libertadores-dia-horario-ver-tv-online-formaciones_0_r4aiETx0sN.html\" aria-label=\"Cruzeiro vs. Boca, por la Copa Libertadores: hora, c\u00f3mo ver y probables formaciones\" class=\"sc-3c11979e-0 dqpgzy\"\/><\/p>\n<section><picture><img alt=\"Cruzeiro vs. Boca, por la Copa Libertadores: hora, c\u00f3mo ver y probables formaciones\" loading=\"lazy\" width=\"290\" height=\"290\" decoding=\"async\" data-nimg=\"1\" style=\"color:transparent\" src=\"https:\/\/fmamiga909.com.ar\/wp-content\/uploads\/2026\/04\/1777324175_807_o33ix63a-_290x290__1.jpg\"\/><\/picture>\n<p><span>Mir\u00e1 tambi\u00e9n<\/span><\/p>\n<hr\/>\n<h3>Cruzeiro vs. Boca, por la Copa Libertadores: hora, c\u00f3mo ver y probables formaciones<\/h3>\n<\/p>\n<\/section>\n<\/div>\n<div id=\"element-body-18\" class=\"sc-a7166897-0 eoLsBE\"><a href=\"https:\/\/www.ole.com.ar\/boca-juniors\/visita-boca-bate-record-brasil_0_bhuwAPZWRj.html\" aria-label=\"La visita de Boca bate r\u00e9cord en Brasil\" class=\"sc-3c11979e-0 dqpgzy\"\/><\/p>\n<section><picture><img alt=\"La visita de Boca bate r\u00e9cord en Brasil\" loading=\"lazy\" width=\"290\" height=\"290\" decoding=\"async\" data-nimg=\"1\" style=\"color:transparent\" src=\"https:\/\/fmamiga909.com.ar\/wp-content\/uploads\/2026\/04\/1777324176_814_LbZB6kBRG_290x290__1.jpg\"\/><\/picture>\n<p><span>Mir\u00e1 tambi\u00e9n<\/span><\/p>\n<hr\/>\n<h3>La visita de Boca bate r\u00e9cord en Brasil<\/h3>\n<\/p>\n<\/section>\n<\/div>\n<div id=\"element-body-19\" class=\"sc-a7166897-0 eoLsBE\"><a href=\"https:\/\/www.ole.com.ar\/futbol-internacional\/sudamericana\/neymar-santos-boca-casaamarilla-sanlorenzo_0_dCzlonba1Y.html\" aria-label=\"Neymar se entrenar\u00e1 en Boca en la previa del partido ante San Lorenzo\" class=\"sc-3c11979e-0 dqpgzy\"\/><\/p>\n<section><picture><img alt=\"Neymar se entrenar\u00e1 en Boca en la previa del partido ante San Lorenzo\" loading=\"lazy\" width=\"290\" height=\"290\" decoding=\"async\" data-nimg=\"1\" style=\"color:transparent\" src=\"https:\/\/fmamiga909.com.ar\/wp-content\/uploads\/2026\/04\/1777324176_88_AfwaXtzBV_290x290__1.jpg\"\/><\/picture>\n<p><span>Mir\u00e1 tambi\u00e9n<\/span><\/p>\n<hr\/>\n<h3>Neymar se entrenar\u00e1 en Boca en la previa del partido ante San Lorenzo<\/h3>\n<\/p>\n<\/section>\n<\/div>\n<div id=\"element-body-20\" class=\"sc-a7166897-0 eoLsBE\"><a href=\"https:\/\/www.ole.com.ar\/boca-juniors\/fernando-rodriguez-juvenil-primera-convocatoria-viaja-brasil-copa_0_Q3B9abgBhX.html\" aria-label=\"Qui\u00e9n es Fernando Rodr\u00edguez, el juvenil que tendr\u00e1 su primera vez ante Cruzeiro en la Libertadores\" class=\"sc-3c11979e-0 dqpgzy\"\/><\/p>\n<section><picture><img alt=\"Qui\u00e9n es Fernando Rodr\u00edguez, el juvenil que tendr\u00e1 su primera vez ante Cruzeiro en la Libertadores\" loading=\"lazy\" width=\"290\" height=\"290\" decoding=\"async\" data-nimg=\"1\" style=\"color:transparent\" src=\"https:\/\/fmamiga909.com.ar\/wp-content\/uploads\/2026\/04\/1777324176_44_IpPZdQ0pB_290x290__1.jpg\"\/><\/picture>\n<p><span>Mir\u00e1 tambi\u00e9n<\/span><\/p>\n<hr\/>\n<h3>Qui\u00e9n es Fernando Rodr\u00edguez, el juvenil que tendr\u00e1 su primera vez ante Cruzeiro en la Libertadores<\/h3>\n<\/p>\n<\/section>\n<\/div>\n<\/div>\n<p><a href=\"https:\/\/www.ole.com.ar\/boca-juniors\/camiseta-amarilla-boca-partido-cruzeiro-copa-libertadores_0_K7DABwJEFv.html\">source<\/a><\/p>\n","protected":false},"excerpt":{"rendered":"<p>27\/04\/2026 15:19hs. Boca disputar\u00e1 este martes su tercer partido en la fase de grupos de&#8230;<\/p>\n","protected":false},"author":3,"featured_media":32912,"comment_status":"closed","ping_status":"closed","sticky":false,"template":"","format":"standard","meta":{"footnotes":""},"categories":[21],"tags":[],"class_list":["post-32911","post","type-post","status-publish","format-standard","has-post-thumbnail","hentry","category-deportes"],"featured_image_urls":{"full":["https:\/\/fmamiga909.com.ar\/wp-content\/uploads\/2026\/04\/wp-header-logo-532.png",720,480,false],"thumbnail":["https:\/\/fmamiga909.com.ar\/wp-content\/uploads\/2026\/04\/wp-header-logo-532-150x150.png",150,150,true],"medium":["https:\/\/fmamiga909.com.ar\/wp-content\/uploads\/2026\/04\/wp-header-logo-532-300x200.png",300,200,true],"medium_large":["https:\/\/fmamiga909.com.ar\/wp-content\/uploads\/2026\/04\/wp-header-logo-532.png",720,480,false],"large":["https:\/\/fmamiga909.com.ar\/wp-content\/uploads\/2026\/04\/wp-header-logo-532.png",640,427,false],"1536x1536":["https:\/\/fmamiga909.com.ar\/wp-content\/uploads\/2026\/04\/wp-header-logo-532.png",720,480,false],"2048x2048":["https:\/\/fmamiga909.com.ar\/wp-content\/uploads\/2026\/04\/wp-header-logo-532.png",720,480,false],"newsium-slider-full":["https:\/\/fmamiga909.com.ar\/wp-content\/uploads\/2026\/04\/wp-header-logo-532.png",720,480,false],"newsium-featured":["https:\/\/fmamiga909.com.ar\/wp-content\/uploads\/2026\/04\/wp-header-logo-532.png",720,480,false],"newsium-medium":["https:\/\/fmamiga909.com.ar\/wp-content\/uploads\/2026\/04\/wp-header-logo-532-720x475.png",720,475,true]},"author_info":{"display_name":"Fredy Giuliano","author_link":"https:\/\/fmamiga909.com.ar\/?author=3"},"category_info":"<a href=\"https:\/\/fmamiga909.com.ar\/?cat=21\" rel=\"category\">Deportes<\/a>","tag_info":"Deportes","comment_count":"0","_links":{"self":[{"href":"https:\/\/fmamiga909.com.ar\/index.php?rest_route=\/wp\/v2\/posts\/32911","targetHints":{"allow":["GET"]}}],"collection":[{"href":"https:\/\/fmamiga909.com.ar\/index.php?rest_route=\/wp\/v2\/posts"}],"about":[{"href":"https:\/\/fmamiga909.com.ar\/index.php?rest_route=\/wp\/v2\/types\/post"}],"author":[{"embeddable":true,"href":"https:\/\/fmamiga909.com.ar\/index.php?rest_route=\/wp\/v2\/users\/3"}],"replies":[{"embeddable":true,"href":"https:\/\/fmamiga909.com.ar\/index.php?rest_route=%2Fwp%2Fv2%2Fcomments&post=32911"}],"version-history":[{"count":0,"href":"https:\/\/fmamiga909.com.ar\/index.php?rest_route=\/wp\/v2\/posts\/32911\/revisions"}],"wp:featuredmedia":[{"embeddable":true,"href":"https:\/\/fmamiga909.com.ar\/index.php?rest_route=\/wp\/v2\/media\/32912"}],"wp:attachment":[{"href":"https:\/\/fmamiga909.com.ar\/index.php?rest_route=%2Fwp%2Fv2%2Fmedia&parent=32911"}],"wp:term":[{"taxonomy":"category","embeddable":true,"href":"https:\/\/fmamiga909.com.ar\/index.php?rest_route=%2Fwp%2Fv2%2Fcategories&post=32911"},{"taxonomy":"post_tag","embeddable":true,"href":"https:\/\/fmamiga909.com.ar\/index.php?rest_route=%2Fwp%2Fv2%2Ftags&post=32911"}],"curies":[{"name":"wp","href":"https:\/\/api.w.org\/{rel}","templated":true}]}}