{"id":32941,"date":"2026-04-28T08:40:18","date_gmt":"2026-04-28T08:40:18","guid":{"rendered":"https:\/\/fmamiga909.com.ar\/?p=32941"},"modified":"2026-04-28T08:40:18","modified_gmt":"2026-04-28T08:40:18","slug":"neymar-a-ole-estoy-feliz-por-el-carino-de-los-hinchas-de-san-lorenzo","status":"publish","type":"post","link":"https:\/\/fmamiga909.com.ar\/?p=32941","title":{"rendered":"Neymar a Ol\u00e9: &quot;Estoy feliz por el cari\u00f1o de los hinchas de San Lorenzo&quot;"},"content":{"rendered":"<p><span class=\"createDate\">27\/04\/2026 21:47hs.<\/span><time class=\"modificatedDate\" datetime=\"2026-04-27T21:58:58-03:00\"> Actualizado al 27\/04\/2026 21:58hs.<\/time><\/p>\n<div id=\"storyBody\">\n<div id=\"element-body-0\" class=\"sc-136cd478-0 ekTCfV\">\n<p>La locura que gener\u00f3 la presencia de <strong><a href=\"https:\/\/www.ole.com.ar\/tema\/neymar.html\" title=\"Neymar\" alt=\"Neymar\" class=\"slug\">Neymar<\/a><\/strong> en Argentina tambi\u00e9n <strong>despert\u00f3 sensaciones en el crack<\/strong> brasile\u00f1o, quien luego del entrenamiento vespertino del Santos le cont\u00f3 a <strong>Ol\u00e9 <\/strong> qu\u00e9 le generaron las muestras de afecto que recibi\u00f3.<\/p>\n<\/div>\n<div id=\"element-body-1\" class=\"sc-136cd478-0 ekTCfV\">\n<p><strong>\u201cEstoy muy feliz por el cari\u00f1o que recib\u00ed de la gente y de los hinchas de San Lorenzo\u201d<\/strong>, se\u00f1al\u00f3 en referencia a lo que fueron los d\u00edas previos a viajar a nuestro pa\u00eds y estas horas que lleva en Buenos Aires.<\/p>\n<\/div>\n<div id=\"element-body-2\" class=\"sc-136cd478-0 ekTCfV\">\n<p>Vale destacar que apenas se conocieron los grupos de la Copa Sudamericana, Ney puso <strong>un tuit con un gui\u00f1o para el Cicl\u00f3n<\/strong>: \u00abFeliz y entusiasmado por los desaf\u00edos que tengo con el Santos. Me alegra el cari\u00f1o demostrado por los aficionados de San Lorenzo. <strong>Estoy seguro de que har\u00e1n una gran fiesta el d\u00eda del partido<\/strong>. Nos vemos all\u00ed\u00bb<\/p>\n<\/div>\n<div id=\"element-body-3\" class=\"sc-136cd478-0 ekTCfV\">\n<p>Luego de decir <strong>presente en el empate ante Coritiba<\/strong>, el experimentado delantero <strong>no estuvo en la visita al Bah\u00eda que termin\u00f3 0-0 <\/strong> y entonces frente a los de Gustavo \u00c1lvarez <strong>ser\u00e1 su regreso al equipo<\/strong> de Cuca. <strong>\u00abEstamos con las mejores expectativas y no tengo dudas de que ser\u00e1 un gran partido\u00bb<\/strong>, se\u00f1al\u00f3.<\/p>\n<\/div>\n<div id=\"element-body-4\" class=\"sc-136cd478-0 ekTCfV\">\n<p>El Santos no viene bien, necesita resultados y Ney lo sabe. \u201c <strong>Entrenamos bien y estamos listos para jugar<\/strong>. Si Dios quiere podremos <strong>conseguir una victoria que ser\u00e1 muy importante para lo que resta de la Sudamericana<\/strong>\u201d, concluy\u00f3 sobre lo que espera del encuentro en el Pedro Bidegain.<\/p>\n<\/div>\n<p><h2><strong>\u00abSer\u00e1 un gran partido, en uno de los estadios m\u00e1s importantes del f\u00fatbol argentino\u00bb<\/strong><\/h2>\n<\/p>\n<div class=\"sc-e7b891c4-0 ifHnQL image-embed\" id=\"element-body-6\"><img alt=\"El presidente Teixeira encabeza la delegaci\u00f3n en Argentina. (Foto: prensa Santos).\" loading=\"lazy\" width=\"720\" height=\"100\" decoding=\"async\" data-nimg=\"1\" style=\"color:transparent\" src=\"https:\/\/fmamiga909.com.ar\/wp-content\/uploads\/2026\/04\/I_4Z0RgjF_720x0__1.jpg\"\/><span class=\"epigraphe\">El presidente Teixeira encabeza la delegaci\u00f3n en Argentina. (Foto: prensa Santos).<\/span><\/div>\n<div id=\"element-body-7\" class=\"sc-136cd478-0 ekTCfV\">\n<p>Marcelo Teixeira, presidente del Santos, tambi\u00e9n le coment\u00f3 a <strong>Ol\u00e9 <\/strong> lo que lo sorprendi\u00f3 de Buenos Aires. \u201c <strong>Es impresionante ver c\u00f3mo este partido est\u00e1 generando gran expectaci\u00f3n en la ciudad<\/strong>. Caminando por las calles y hablando con la gente notamos una enorme expectativa en torno a la llegada del Santos de Pel\u00e9, uno de los clubes m\u00e1s grandes del f\u00fatbol mundial, como lo han destacado la prensa y la afici\u00f3n\u00bb, se\u00f1al\u00f3 primero. Mientras que enseguida hizo foco en Ney y en lo que se imagina del partido ante San Lorenzo de este martes por la tarde: \u00bb <strong>La presencia de Neymar, un jugador de clase mundial, tambi\u00e9n est\u00e1 causando gran entusiasmo<\/strong>, lo cual es completamente natural. <strong>No tengo dudas de que ser\u00e1 un gran partido, en uno de los estadios m\u00e1s importantes del f\u00fatbol argentino<\/strong>&#8230; Todo este revuelo a\u00f1ade a\u00fan m\u00e1s ingredientes al encuentro\u201d,<\/p>\n<\/div>\n<div id=\"element-body-8\" class=\"sc-a7166897-0 eoLsBE\"><a href=\"https:\/\/www.ole.com.ar\/futbol-internacional\/neymar-entrenamiento-casa-amarilla-sudamericana-partido-san-lorenzo_0_XmsyWhyO4B.html\" aria-label=\"Furor por Neymar en Buenos Aires: pr\u00e1ctica en Casa Amarilla, la foto con un jugador de River, otro de Boca y el cari\u00f1o de la gente\" class=\"sc-3c11979e-0 dqpgzy\"\/><\/p>\n<section><picture><img alt=\"Furor por Neymar en Buenos Aires: pr\u00e1ctica en Casa Amarilla, la foto con un jugador de River, otro de Boca y el cari\u00f1o de la gente\" loading=\"lazy\" width=\"290\" height=\"290\" decoding=\"async\" data-nimg=\"1\" style=\"color:transparent\" src=\"https:\/\/fmamiga909.com.ar\/wp-content\/uploads\/2026\/04\/1777365618_611_XwrMFXsAT_290x290__1.jpg\"\/><\/picture>\n<p><span>Mir\u00e1 tambi\u00e9n<\/span><\/p>\n<hr\/>\n<h3>Furor por Neymar en Buenos Aires: pr\u00e1ctica en Casa Amarilla, la foto con un jugador de River, otro de Boca y el cari\u00f1o de la gente<\/h3>\n<\/p>\n<\/section>\n<\/div>\n<div id=\"element-body-9\" class=\"sc-a7166897-0 eoLsBE\"><a href=\"https:\/\/www.ole.com.ar\/san-lorenzo\/san-lorenzo-banfield-rodrigo-auzmendi-contrato-libre-intimacion_0_1uBkBJ4KtX.html\" aria-label=\"El delantero que brilla en San Lorenzo pero estaba en conflicto con su ex club\" class=\"sc-3c11979e-0 dqpgzy\"\/><\/p>\n<section><picture><img alt=\"El delantero que brilla en San Lorenzo pero estaba en conflicto con su ex club\" loading=\"lazy\" width=\"290\" height=\"290\" decoding=\"async\" data-nimg=\"1\" style=\"color:transparent\" src=\"https:\/\/fmamiga909.com.ar\/wp-content\/uploads\/2026\/04\/QxhsduZXD_290x290__1.jpg\"\/><\/picture>\n<p><span>Mir\u00e1 tambi\u00e9n<\/span><\/p>\n<hr\/>\n<h3>El delantero que brilla en San Lorenzo pero estaba en conflicto con su ex club<\/h3>\n<\/p>\n<\/section>\n<\/div>\n<div id=\"element-body-10\" class=\"sc-a7166897-0 eoLsBE\"><a href=\"https:\/\/www.ole.com.ar\/san-lorenzo\/san-lorenzo-equipo-sudamericana-santos-neymar-11-repite_0_ozrqsOwYJS.html\" aria-label=\"San Lorenzo repetir\u00eda equipo otra vez ante Santos que tiene a Neymar en duda\" class=\"sc-3c11979e-0 dqpgzy\"\/><\/p>\n<section><picture><img alt=\"San Lorenzo repetir\u00eda equipo otra vez ante Santos que tiene a Neymar en duda\" loading=\"lazy\" width=\"290\" height=\"290\" decoding=\"async\" data-nimg=\"1\" style=\"color:transparent\" src=\"https:\/\/fmamiga909.com.ar\/wp-content\/uploads\/2026\/04\/uvK_dEWTc_290x290__1.jpg\"\/><\/picture>\n<p><span>Mir\u00e1 tambi\u00e9n<\/span><\/p>\n<hr\/>\n<h3>San Lorenzo repetir\u00eda equipo otra vez ante Santos que tiene a Neymar en duda<\/h3>\n<\/p>\n<\/section>\n<\/div>\n<div id=\"element-body-11\" class=\"sc-a7166897-0 eoLsBE\"><a href=\"https:\/\/www.ole.com.ar\/futbol-internacional\/sudamericana\/santos-neymar-antecedentes-argentina_0_GlJ2GZ3xBX.html\" aria-label=\"Neymar y sus ocho partidos en Argentina: cu\u00e1ndo fue la \u00faltima vez que jug\u00f3 ac\u00e1\" class=\"sc-3c11979e-0 dqpgzy\"\/><\/p>\n<section><picture><img alt=\"Neymar y sus ocho partidos en Argentina: cu\u00e1ndo fue la \u00faltima vez que jug\u00f3 ac\u00e1\" loading=\"lazy\" width=\"290\" height=\"290\" decoding=\"async\" data-nimg=\"1\" style=\"color:transparent\" src=\"https:\/\/fmamiga909.com.ar\/wp-content\/uploads\/2026\/04\/2fX4YnEWD_290x290__1.jpg\"\/><\/picture>\n<p><span>Mir\u00e1 tambi\u00e9n<\/span><\/p>\n<hr\/>\n<h3>Neymar y sus ocho partidos en Argentina: cu\u00e1ndo fue la \u00faltima vez que jug\u00f3 ac\u00e1<\/h3>\n<\/p>\n<\/section>\n<\/div>\n<div id=\"element-body-12\" class=\"sc-a7166897-0 eoLsBE\"><a href=\"https:\/\/www.ole.com.ar\/fuera-de-juego\/neymar-foto-chico-joven-santos-mismo-nombre-homenaje_0_OiCvRvg6Yf.html\" aria-label=\"Neymar conoci\u00f3 a Neymar en Buenos Aires\" class=\"sc-3c11979e-0 dqpgzy\"\/><\/p>\n<section><picture><img alt=\"Neymar conoci\u00f3 a Neymar en Buenos Aires\" loading=\"lazy\" width=\"290\" height=\"290\" decoding=\"async\" data-nimg=\"1\" style=\"color:transparent\" src=\"https:\/\/fmamiga909.com.ar\/wp-content\/uploads\/2026\/04\/EtJ1YFv29_290x290__1.jpg\"\/><\/picture>\n<p><span>Mir\u00e1 tambi\u00e9n<\/span><\/p>\n<hr\/>\n<h3>Neymar conoci\u00f3 a Neymar en Buenos Aires<\/h3>\n<\/p>\n<\/section>\n<\/div>\n<\/div>\n<p><a href=\"https:\/\/www.ole.com.ar\/san-lorenzo\/san-lorenzo-neymar-santos-copa-sudamericana-ole_0_MQSqBxV6yA.html\">source<\/a><\/p>\n","protected":false},"excerpt":{"rendered":"<p>27\/04\/2026 21:47hs. Actualizado al 27\/04\/2026 21:58hs. La locura que gener\u00f3 la presencia de Neymar en&#8230;<\/p>\n","protected":false},"author":3,"featured_media":32942,"comment_status":"closed","ping_status":"closed","sticky":false,"template":"","format":"standard","meta":{"footnotes":""},"categories":[21],"tags":[],"class_list":["post-32941","post","type-post","status-publish","format-standard","has-post-thumbnail","hentry","category-deportes"],"featured_image_urls":{"full":["https:\/\/fmamiga909.com.ar\/wp-content\/uploads\/2026\/04\/wp-header-logo-537.png",720,480,false],"thumbnail":["https:\/\/fmamiga909.com.ar\/wp-content\/uploads\/2026\/04\/wp-header-logo-537-150x150.png",150,150,true],"medium":["https:\/\/fmamiga909.com.ar\/wp-content\/uploads\/2026\/04\/wp-header-logo-537-300x200.png",300,200,true],"medium_large":["https:\/\/fmamiga909.com.ar\/wp-content\/uploads\/2026\/04\/wp-header-logo-537.png",720,480,false],"large":["https:\/\/fmamiga909.com.ar\/wp-content\/uploads\/2026\/04\/wp-header-logo-537.png",640,427,false],"1536x1536":["https:\/\/fmamiga909.com.ar\/wp-content\/uploads\/2026\/04\/wp-header-logo-537.png",720,480,false],"2048x2048":["https:\/\/fmamiga909.com.ar\/wp-content\/uploads\/2026\/04\/wp-header-logo-537.png",720,480,false],"newsium-slider-full":["https:\/\/fmamiga909.com.ar\/wp-content\/uploads\/2026\/04\/wp-header-logo-537.png",720,480,false],"newsium-featured":["https:\/\/fmamiga909.com.ar\/wp-content\/uploads\/2026\/04\/wp-header-logo-537.png",720,480,false],"newsium-medium":["https:\/\/fmamiga909.com.ar\/wp-content\/uploads\/2026\/04\/wp-header-logo-537-720x475.png",720,475,true]},"author_info":{"display_name":"Fredy Giuliano","author_link":"https:\/\/fmamiga909.com.ar\/?author=3"},"category_info":"<a href=\"https:\/\/fmamiga909.com.ar\/?cat=21\" rel=\"category\">Deportes<\/a>","tag_info":"Deportes","comment_count":"0","_links":{"self":[{"href":"https:\/\/fmamiga909.com.ar\/index.php?rest_route=\/wp\/v2\/posts\/32941","targetHints":{"allow":["GET"]}}],"collection":[{"href":"https:\/\/fmamiga909.com.ar\/index.php?rest_route=\/wp\/v2\/posts"}],"about":[{"href":"https:\/\/fmamiga909.com.ar\/index.php?rest_route=\/wp\/v2\/types\/post"}],"author":[{"embeddable":true,"href":"https:\/\/fmamiga909.com.ar\/index.php?rest_route=\/wp\/v2\/users\/3"}],"replies":[{"embeddable":true,"href":"https:\/\/fmamiga909.com.ar\/index.php?rest_route=%2Fwp%2Fv2%2Fcomments&post=32941"}],"version-history":[{"count":0,"href":"https:\/\/fmamiga909.com.ar\/index.php?rest_route=\/wp\/v2\/posts\/32941\/revisions"}],"wp:featuredmedia":[{"embeddable":true,"href":"https:\/\/fmamiga909.com.ar\/index.php?rest_route=\/wp\/v2\/media\/32942"}],"wp:attachment":[{"href":"https:\/\/fmamiga909.com.ar\/index.php?rest_route=%2Fwp%2Fv2%2Fmedia&parent=32941"}],"wp:term":[{"taxonomy":"category","embeddable":true,"href":"https:\/\/fmamiga909.com.ar\/index.php?rest_route=%2Fwp%2Fv2%2Fcategories&post=32941"},{"taxonomy":"post_tag","embeddable":true,"href":"https:\/\/fmamiga909.com.ar\/index.php?rest_route=%2Fwp%2Fv2%2Ftags&post=32941"}],"curies":[{"name":"wp","href":"https:\/\/api.w.org\/{rel}","templated":true}]}}