{"id":32967,"date":"2026-04-28T09:01:02","date_gmt":"2026-04-28T09:01:02","guid":{"rendered":"https:\/\/fmamiga909.com.ar\/?p=32967"},"modified":"2026-04-28T09:01:02","modified_gmt":"2026-04-28T09:01:02","slug":"en-plena-recuperacion-la-tierna-foto-de-cuti-romero-con-sus-hijos-en-su-cumple-28","status":"publish","type":"post","link":"https:\/\/fmamiga909.com.ar\/?p=32967","title":{"rendered":"En plena recuperaci\u00f3n, la tierna foto de Cuti Romero con sus hijos en su cumple 28"},"content":{"rendered":"<p><time class=\"createDate\" datetime=\"2026-04-27T21:57:43-03:00\">27\/04\/2026 21:57hs.<\/time><\/p>\n<div id=\"storyBody\">\n<div id=\"element-body-0\" class=\"sc-136cd478-0 ekTCfV\">\n<p><a href=\"https:\/\/www.ole.com.ar\/tema\/cristian-romero.html\" title=\"Cristian Romero\" alt=\"Cristian Romero\" class=\"slug\">Cristian Romero<\/a> celebr\u00f3 este lunes 27 de abril sus 28 a\u00f1os. El zaguero argentino, que se recupera de una lesi\u00f3n en su rodilla derecha, <strong>comparti\u00f3 una imagen en redes sociales con sus peque\u00f1os hijos (Valentino y Lucy) y una torta de ocasi\u00f3n.<\/strong> \u00bfSu gran deseo? Poder estar presente en el Mundial, sin dudas. <\/p>\n<\/div>\n<div class=\"sc-e7b891c4-0 ifHnQL image-embed\" id=\"element-body-1\"><img alt=\"El Cuti Romero con sus hijos (Instagram).\" loading=\"lazy\" width=\"720\" height=\"100\" decoding=\"async\" data-nimg=\"1\" style=\"color:transparent\" src=\"https:\/\/fmamiga909.com.ar\/wp-content\/uploads\/2026\/04\/oO7PGkSVq_720x0__1.jpg\"\/><span class=\"epigraphe\">El Cuti Romero con sus hijos (Instagram).<\/span><\/div>\n<p><h2><strong>Cuti Romero: su recuperaci\u00f3n y cu\u00e1ndo podr\u00eda retornar<\/strong><\/h2>\n<\/p>\n<div id=\"element-body-3\" class=\"sc-136cd478-0 ekTCfV\">\n<p>El zaguero de Tottenham se lastim <strong>\u00f3 el pasado 12 de abril en un partido entre su equipo y Sunderland al chocar con su arquero Anton\u00edn Kinsky tras ser empujado por un rival.<\/strong> En un primer momento se temi\u00f3 lo peor, pero luego el parte m\u00e9dico indic\u00f3 <strong>una lesi\u00f3n en el ligamento colateral de la citada rodilla derecha con un plazo de recuperaci\u00f3n de cinco a ocho semanas.<\/strong><\/p>\n<\/div>\n<div class=\"sc-e7b891c4-0 ifHnQL image-embed\" id=\"element-body-4\"><img alt=\"El Cuti y el momento de su lesi\u00f3n (AP). \" loading=\"lazy\" width=\"720\" height=\"100\" decoding=\"async\" data-nimg=\"1\" style=\"color:transparent\" src=\"https:\/\/fmamiga909.com.ar\/wp-content\/uploads\/2026\/04\/7aqWMRQys_720x0__1.jpg\"\/><span class=\"epigraphe\">El Cuti y el momento de su lesi\u00f3n (AP). <\/span><\/div>\n<div id=\"element-body-5\" class=\"sc-136cd478-0 ekTCfV\">\n<p>La rehabilitaci\u00f3n le har\u00e1 perder el final de la temporada con los Spurs, que pelean por evitar el descenso en la Premier League. <strong> Y llegar\u00e1 con lo justo al Mundial.<\/strong> Es decir, se espera que est\u00e9 recuperado f\u00edsicamente, aunque no tendr\u00e1 rodaje futbol\u00edstico.<\/p>\n<\/div>\n<div id=\"element-body-6\" class=\"sc-136cd478-0 ekTCfV\">\n<p>En el mejor de los casos, si est\u00e1 bien, <strong>podr\u00eda sumar minutos en los amistosos ante Honduras (6 de junio en Texas) e Islandia (9 de junio en Alabama).<\/strong> El debut de Argentina en el Mundial ser\u00e1 el 16 ante Argelia en Kansas.<\/p>\n<\/div>\n<div id=\"element-body-7\" class=\"sc-a7166897-0 eoLsBE\"><a href=\"https:\/\/www.ole.com.ar\/futbol-internacional\/america\/flamengo-copa-libertadores-estudiantes-jugador-lesion-alarma-malas-noticias-brasil_0_HTDnkqd2wC.html\" aria-label=\"Malas noticias para Flamengo: el jugador lesionado que no podr\u00e1 jugar ante Estudiantes\" class=\"sc-3c11979e-0 dqpgzy\"\/><\/p>\n<section><picture><img alt=\"Malas noticias para Flamengo: el jugador lesionado que no podr\u00e1 jugar ante Estudiantes\" loading=\"lazy\" width=\"290\" height=\"290\" decoding=\"async\" data-nimg=\"1\" style=\"color:transparent\" src=\"https:\/\/fmamiga909.com.ar\/wp-content\/uploads\/2026\/04\/eJBuHcnPW_290x290__1.jpg\"\/><\/picture>\n<p><span>Mir\u00e1 tambi\u00e9n<\/span><\/p>\n<hr\/>\n<h3>Malas noticias para Flamengo: el jugador lesionado que no podr\u00e1 jugar ante Estudiantes<\/h3>\n<\/p>\n<\/section>\n<\/div>\n<div id=\"element-body-8\" class=\"sc-a7166897-0 eoLsBE\"><a href=\"https:\/\/www.ole.com.ar\/futbol-internacional\/sudamericana-racing-rival-caracas-llega_0_JOrj0H8CkQ.html\" aria-label=\"C\u00f3mo viene Caracas, el rival de Racing en la Copa Sudamericana\" class=\"sc-3c11979e-0 dqpgzy\"\/><\/p>\n<section><picture><img alt=\"C\u00f3mo viene Caracas, el rival de Racing en la Copa Sudamericana\" loading=\"lazy\" width=\"290\" height=\"290\" decoding=\"async\" data-nimg=\"1\" style=\"color:transparent\" src=\"https:\/\/fmamiga909.com.ar\/wp-content\/uploads\/2026\/04\/BF9KVp6S8_290x290__1.jpg\"\/><\/picture>\n<p><span>Mir\u00e1 tambi\u00e9n<\/span><\/p>\n<hr\/>\n<h3>C\u00f3mo viene Caracas, el rival de Racing en la Copa Sudamericana<\/h3>\n<\/p>\n<\/section>\n<\/div>\n<div id=\"element-body-9\" class=\"sc-a7166897-0 eoLsBE\"><a href=\"https:\/\/www.ole.com.ar\/futbol-internacional\/neymar-entrenamiento-casa-amarilla-sudamericana-partido-san-lorenzo_0_XmsyWhyO4B.html\" aria-label=\"Furor por Neymar en Buenos Aires: pr\u00e1ctica en Casa Amarilla, la foto con un jugador de River, otro de Boca y el cari\u00f1o de la gente\" class=\"sc-3c11979e-0 dqpgzy\"\/><\/p>\n<section><picture><img alt=\"Furor por Neymar en Buenos Aires: pr\u00e1ctica en Casa Amarilla, la foto con un jugador de River, otro de Boca y el cari\u00f1o de la gente\" loading=\"lazy\" width=\"290\" height=\"290\" decoding=\"async\" data-nimg=\"1\" style=\"color:transparent\" src=\"https:\/\/fmamiga909.com.ar\/wp-content\/uploads\/2026\/04\/1777366862_393_XwrMFXsAT_290x290__1.jpg\"\/><\/picture>\n<p><span>Mir\u00e1 tambi\u00e9n<\/span><\/p>\n<hr\/>\n<h3>Furor por Neymar en Buenos Aires: pr\u00e1ctica en Casa Amarilla, la foto con un jugador de River, otro de Boca y el cari\u00f1o de la gente<\/h3>\n<\/p>\n<\/section>\n<\/div>\n<\/div>\n<p><a href=\"https:\/\/www.ole.com.ar\/futbol-internacional\/inglaterra\/cuti-romero-cumple-28-fotos-hijos_0_ZahWvmaQ5k.html\">source<\/a><\/p>\n","protected":false},"excerpt":{"rendered":"<p>27\/04\/2026 21:57hs. Cristian Romero celebr\u00f3 este lunes 27 de abril sus 28 a\u00f1os. El zaguero&#8230;<\/p>\n","protected":false},"author":3,"featured_media":32968,"comment_status":"closed","ping_status":"closed","sticky":false,"template":"","format":"standard","meta":{"footnotes":""},"categories":[21],"tags":[],"class_list":["post-32967","post","type-post","status-publish","format-standard","has-post-thumbnail","hentry","category-deportes"],"featured_image_urls":{"full":["https:\/\/fmamiga909.com.ar\/wp-content\/uploads\/2026\/04\/wp-header-logo-541.png",720,765,false],"thumbnail":["https:\/\/fmamiga909.com.ar\/wp-content\/uploads\/2026\/04\/wp-header-logo-541-150x150.png",150,150,true],"medium":["https:\/\/fmamiga909.com.ar\/wp-content\/uploads\/2026\/04\/wp-header-logo-541-282x300.png",282,300,true],"medium_large":["https:\/\/fmamiga909.com.ar\/wp-content\/uploads\/2026\/04\/wp-header-logo-541.png",720,765,false],"large":["https:\/\/fmamiga909.com.ar\/wp-content\/uploads\/2026\/04\/wp-header-logo-541.png",640,680,false],"1536x1536":["https:\/\/fmamiga909.com.ar\/wp-content\/uploads\/2026\/04\/wp-header-logo-541.png",720,765,false],"2048x2048":["https:\/\/fmamiga909.com.ar\/wp-content\/uploads\/2026\/04\/wp-header-logo-541.png",720,765,false],"newsium-slider-full":["https:\/\/fmamiga909.com.ar\/wp-content\/uploads\/2026\/04\/wp-header-logo-541.png",720,765,false],"newsium-featured":["https:\/\/fmamiga909.com.ar\/wp-content\/uploads\/2026\/04\/wp-header-logo-541.png",720,765,false],"newsium-medium":["https:\/\/fmamiga909.com.ar\/wp-content\/uploads\/2026\/04\/wp-header-logo-541-720x475.png",720,475,true]},"author_info":{"display_name":"Fredy Giuliano","author_link":"https:\/\/fmamiga909.com.ar\/?author=3"},"category_info":"<a href=\"https:\/\/fmamiga909.com.ar\/?cat=21\" rel=\"category\">Deportes<\/a>","tag_info":"Deportes","comment_count":"0","_links":{"self":[{"href":"https:\/\/fmamiga909.com.ar\/index.php?rest_route=\/wp\/v2\/posts\/32967","targetHints":{"allow":["GET"]}}],"collection":[{"href":"https:\/\/fmamiga909.com.ar\/index.php?rest_route=\/wp\/v2\/posts"}],"about":[{"href":"https:\/\/fmamiga909.com.ar\/index.php?rest_route=\/wp\/v2\/types\/post"}],"author":[{"embeddable":true,"href":"https:\/\/fmamiga909.com.ar\/index.php?rest_route=\/wp\/v2\/users\/3"}],"replies":[{"embeddable":true,"href":"https:\/\/fmamiga909.com.ar\/index.php?rest_route=%2Fwp%2Fv2%2Fcomments&post=32967"}],"version-history":[{"count":0,"href":"https:\/\/fmamiga909.com.ar\/index.php?rest_route=\/wp\/v2\/posts\/32967\/revisions"}],"wp:featuredmedia":[{"embeddable":true,"href":"https:\/\/fmamiga909.com.ar\/index.php?rest_route=\/wp\/v2\/media\/32968"}],"wp:attachment":[{"href":"https:\/\/fmamiga909.com.ar\/index.php?rest_route=%2Fwp%2Fv2%2Fmedia&parent=32967"}],"wp:term":[{"taxonomy":"category","embeddable":true,"href":"https:\/\/fmamiga909.com.ar\/index.php?rest_route=%2Fwp%2Fv2%2Fcategories&post=32967"},{"taxonomy":"post_tag","embeddable":true,"href":"https:\/\/fmamiga909.com.ar\/index.php?rest_route=%2Fwp%2Fv2%2Ftags&post=32967"}],"curies":[{"name":"wp","href":"https:\/\/api.w.org\/{rel}","templated":true}]}}