{"id":32982,"date":"2026-04-28T20:36:13","date_gmt":"2026-04-28T20:36:13","guid":{"rendered":"https:\/\/fmamiga909.com.ar\/?p=32982"},"modified":"2026-04-28T20:36:13","modified_gmt":"2026-04-28T20:36:13","slug":"video-el-emotivo-momento-que-vivio-un-pequeno-fanatico-de-river-con-santiago-beltran","status":"publish","type":"post","link":"https:\/\/fmamiga909.com.ar\/?p=32982","title":{"rendered":"Video: el emotivo momento que vivi\u00f3 un peque\u00f1o fan\u00e1tico de River con Santiago Beltr\u00e1n"},"content":{"rendered":"<p><span class=\"createDate\">28\/04\/2026 16:09hs.<\/span><time class=\"modificatedDate\" datetime=\"2026-04-28T16:16:31-03:00\"> Actualizado al 28\/04\/2026 16:16hs.<\/time><\/p>\n<div id=\"storyBody\">\n<div id=\"element-body-0\" class=\"sc-136cd478-0 ekTCfV\">\n<p>Aunque <strong><a href=\"https:\/\/www.ole.com.ar\/tema\/river-plate.html\" title=\"River Plate\" alt=\"River Plate\" class=\"slug\">River<\/a><\/strong> ya estaba clasificado a los Playoffs y le toc\u00f3 enfrentar a uno de los rivales m\u00e1s d\u00e9biles del Apertura como lo es <strong><a href=\"https:\/\/www.ole.com.ar\/tema\/aldosivi.html\" title=\"Aldosivi\" alt=\"Aldosivi\" class=\"slug\">Aldosivi<\/a><\/strong>, para <strong>Milo Ben\u00edtez<\/strong> ese partido fue como una final del mundo que no olvidar\u00e1 jam\u00e1s. De Quilmes al <strong><a href=\"https:\/\/www.ole.com.ar\/tema\/estadio-monumental.html\" title=\"Estadio Monumental\" alt=\"Estadio Monumental\" class=\"slug\">Monumental<\/a><\/strong>, se llev\u00f3 una hermosa sorpresa cuando se enter\u00f3 que iba a poder estar a cent\u00edmetros de sus \u00eddolos, <strong>en el c\u00e9sped de un estadio que \u00abnunca\u00bb hab\u00eda so\u00f1ado ni siquiera con poder pisarlo. <\/strong> Un momento muy especial para un peque\u00f1o guerrero que incluy\u00f3 un abrazo con <strong><a href=\"https:\/\/www.ole.com.ar\/tema\/santiago-beltran.html\" title=\"Santiago Beltr\u00e1n\" alt=\"Santiago Beltr\u00e1n\" class=\"slug\">Santiago Beltr\u00e1n<\/a><\/strong>.<\/p>\n<\/div>\n<div id=\"element-body-1\" class=\"sc-136cd478-0 ekTCfV\">\n<p>Nervioso, por momentos temblando y sin poder contener las l\u00e1grimas cuando se sent\u00f3 a pasitos del campo de juego a observar la entrada en calor de los jugadores, <strong> Milo pudo disfrutar de un instante eterno con uno de sus futbolistas favoritos<\/strong>. Todav\u00eda sin poder entender bien lo que estaba viviendo, le alcanzaron una pelota y <strong> no dud\u00f3 en patearla hacia donde el joven arquero se iba para el vestuario<\/strong> con Marcelo Barovero.<\/p>\n<\/div>\n<div id=\"element-body-2\" class=\"sc-136cd478-0 ekTCfV\">\n<p>Sin esperar la devoluci\u00f3n, <strong>invadido por la ansiedad y la alegr\u00eda<\/strong>, no dud\u00f3 <strong> en fundirse en un abrazo con Beltr\u00e1n<\/strong> para luego volver a sentarse y soltar esas l\u00e1grimas \u00fanicas, llenas de felicidad y como premio a <strong>su lucha diaria.<\/strong><\/p>\n<\/div>\n<div id=\"element-body-3\" class=\"sc-136cd478-0 ekTCfV\">\n<p>El video, publicado por el sitio oficial del club, no tard\u00f3 en viralizarse y la mam\u00e1 de Milo agradeci\u00f3 por todo lo que vivi\u00f3 su hijo y detall\u00f3 por qu\u00e9 fue tan importante para \u00e9l: <strong> \u00abEsto era su sue\u00f1o desde beb\u00e9 y obvio ser futbolista<\/strong>, pero en octubre pasado <strong>tuvo una reca\u00edda en su enfermedad que le impidi\u00f3 hacer actividad f\u00edsica y su mundo se derrumb\u00f3\u00bb.<\/strong><\/p>\n<\/div>\n<div id=\"element-body-4\" class=\"sc-136cd478-0 ekTCfV\">\n<p>Adem\u00e1s, dijo que \u00abesto es un mimo para que el siga adelante y vea que hay otra vida aparte de estudios y d\u00edas interminables en el Hospital Garrahan. <strong> Dios mand\u00f3 ese \u00e1ngel que eligi\u00f3 para esto y yo estoy muy feliz por \u00e9l.<\/strong> Gracias a su pap\u00e1 tambi\u00e9n que anda de ac\u00e1 para all\u00e1 para poder llevarlo a la cancha. <strong>Los amo, me explota el coraz\u00f3n de felicidad\u00bb.<\/strong><\/p>\n<\/div>\n<p><h2><strong>El emotivo momento de Milo con Beltr\u00e1n en el Monumental<\/strong><\/h2>\n<\/p>\n<p><h2><strong>El futuro de Beltr\u00e1n en el arco de River ante la inminente vuelta de Armani<\/strong><\/h2>\n<\/p>\n<div id=\"element-body-8\" class=\"sc-136cd478-0 ekTCfV\">\n<p>A pesar del alta m\u00e9dica que recibi\u00f3 Franco Armani y de sus dos semanas de puesta a punto, para Coudet a\u00fan no estar\u00edan dadas las condiciones para el retorno del Pulpo como titular, <strong>principalmente por su extensa falta de ritmo de competencia<\/strong>, algo que suele sufrirse m\u00e1s en los jugadores que se acercan a los 40 a\u00f1os (el casildense los cumple el 16 de octubre), y por <strong>la seguridad que viene transmitiendo Santiago Beltr\u00e1n hasta en partidos de alto calibre como el supercl\u00e1sico.<\/strong><\/p>\n<\/div>\n<div id=\"element-body-9\" class=\"sc-136cd478-0 ekTCfV\">\n<p>Otro detalle a tener en cuenta es que el peso de la historia de Armani en River no le permitir\u00eda sentarse en el banco como suplente del juvenil de 21 a\u00f1os y esperar su chance de recuperar el puesto en cancha. De esta manera, <strong>el partido que se presenta favorable para el regreso del campe\u00f3n del mundo es del domingo ante Atl\u00e9tico Tucum\u00e1n<\/strong>, ya que el equipo est\u00e1 clasificado para los octavos del Apertura y el det\u00e9 eval\u00faa utilizar un 11 con varios cambios tras el regreso de San Pablo luego del duelo de Copa Sudamericana frente a Bragantino.<\/p>\n<\/div>\n<\/div>\n<p><a href=\"https:\/\/www.ole.com.ar\/river-plate\/video-emotivo-santiago-beltran-hincha-river_0_sS3IVbrnNg.html\">source<\/a><\/p>\n","protected":false},"excerpt":{"rendered":"<p>28\/04\/2026 16:09hs. Actualizado al 28\/04\/2026 16:16hs. Aunque River ya estaba clasificado a los Playoffs y&#8230;<\/p>\n","protected":false},"author":3,"featured_media":32983,"comment_status":"closed","ping_status":"closed","sticky":false,"template":"","format":"standard","meta":{"footnotes":""},"categories":[21],"tags":[],"class_list":["post-32982","post","type-post","status-publish","format-standard","has-post-thumbnail","hentry","category-deportes"],"featured_image_urls":{"full":["https:\/\/fmamiga909.com.ar\/wp-content\/uploads\/2026\/04\/wp-header-logo-545.png",2000,1500,false],"thumbnail":["https:\/\/fmamiga909.com.ar\/wp-content\/uploads\/2026\/04\/wp-header-logo-545-150x150.png",150,150,true],"medium":["https:\/\/fmamiga909.com.ar\/wp-content\/uploads\/2026\/04\/wp-header-logo-545-300x225.png",300,225,true],"medium_large":["https:\/\/fmamiga909.com.ar\/wp-content\/uploads\/2026\/04\/wp-header-logo-545.png",2000,1500,false],"large":["https:\/\/fmamiga909.com.ar\/wp-content\/uploads\/2026\/04\/wp-header-logo-545-1024x768.png",640,480,true],"1536x1536":["https:\/\/fmamiga909.com.ar\/wp-content\/uploads\/2026\/04\/wp-header-logo-545-1536x1152.png",1536,1152,true],"2048x2048":["https:\/\/fmamiga909.com.ar\/wp-content\/uploads\/2026\/04\/wp-header-logo-545.png",2000,1500,false],"newsium-slider-full":["https:\/\/fmamiga909.com.ar\/wp-content\/uploads\/2026\/04\/wp-header-logo-545-1280x845.png",1280,845,true],"newsium-featured":["https:\/\/fmamiga909.com.ar\/wp-content\/uploads\/2026\/04\/wp-header-logo-545-1024x768.png",1024,768,true],"newsium-medium":["https:\/\/fmamiga909.com.ar\/wp-content\/uploads\/2026\/04\/wp-header-logo-545-720x475.png",720,475,true]},"author_info":{"display_name":"Fredy Giuliano","author_link":"https:\/\/fmamiga909.com.ar\/?author=3"},"category_info":"<a href=\"https:\/\/fmamiga909.com.ar\/?cat=21\" rel=\"category\">Deportes<\/a>","tag_info":"Deportes","comment_count":"0","_links":{"self":[{"href":"https:\/\/fmamiga909.com.ar\/index.php?rest_route=\/wp\/v2\/posts\/32982","targetHints":{"allow":["GET"]}}],"collection":[{"href":"https:\/\/fmamiga909.com.ar\/index.php?rest_route=\/wp\/v2\/posts"}],"about":[{"href":"https:\/\/fmamiga909.com.ar\/index.php?rest_route=\/wp\/v2\/types\/post"}],"author":[{"embeddable":true,"href":"https:\/\/fmamiga909.com.ar\/index.php?rest_route=\/wp\/v2\/users\/3"}],"replies":[{"embeddable":true,"href":"https:\/\/fmamiga909.com.ar\/index.php?rest_route=%2Fwp%2Fv2%2Fcomments&post=32982"}],"version-history":[{"count":0,"href":"https:\/\/fmamiga909.com.ar\/index.php?rest_route=\/wp\/v2\/posts\/32982\/revisions"}],"wp:featuredmedia":[{"embeddable":true,"href":"https:\/\/fmamiga909.com.ar\/index.php?rest_route=\/wp\/v2\/media\/32983"}],"wp:attachment":[{"href":"https:\/\/fmamiga909.com.ar\/index.php?rest_route=%2Fwp%2Fv2%2Fmedia&parent=32982"}],"wp:term":[{"taxonomy":"category","embeddable":true,"href":"https:\/\/fmamiga909.com.ar\/index.php?rest_route=%2Fwp%2Fv2%2Fcategories&post=32982"},{"taxonomy":"post_tag","embeddable":true,"href":"https:\/\/fmamiga909.com.ar\/index.php?rest_route=%2Fwp%2Fv2%2Ftags&post=32982"}],"curies":[{"name":"wp","href":"https:\/\/api.w.org\/{rel}","templated":true}]}}