{"id":32989,"date":"2026-04-28T20:38:38","date_gmt":"2026-04-28T20:38:38","guid":{"rendered":"https:\/\/fmamiga909.com.ar\/?p=32989"},"modified":"2026-04-28T20:38:38","modified_gmt":"2026-04-28T20:38:38","slug":"jose-mourinho-el-nombre-que-divide-al-real-madrid-y-seduce-a-florentino-perez","status":"publish","type":"post","link":"https:\/\/fmamiga909.com.ar\/?p=32989","title":{"rendered":"Jos\u00e9 Mourinho, el nombre que divide al Real Madrid y seduce a Florentino P\u00e9rez"},"content":{"rendered":"<p><time class=\"createDate\" datetime=\"2026-04-28T17:11:05-03:00\">28\/04\/2026 17:11hs.<\/time><\/p>\n<div id=\"storyBody\">\n<div id=\"element-body-0\" class=\"sc-136cd478-0 ekTCfV\">\n<p><strong>En el mundo <a href=\"https:\/\/www.ole.com.ar\/tema\/real-madrid.html\" title=\"Real Madrid\" alt=\"Real Madrid\" class=\"slug\">Real Madrid<\/a> siempre hay ruido cuando no hay t\u00edtulos, y ahora el foco est\u00e1 puesto en el banco<\/strong>. Con un presente sin festejo por segundo a\u00f1o consecutivo, <a href=\"https:\/\/www.ole.com.ar\/tema\/florentino-perez.html\" title=\"Florentino P\u00e9rez\" alt=\"Florentino P\u00e9rez\" class=\"slug\">Florentino P\u00e9rez<\/a> ya mueve sus fichas y tiene un nombre sonando para encargarse del equipo que le hace ruido al hincha madridista: <strong><a href=\"https:\/\/www.ole.com.ar\/tema\/jose-mourinho.html\" title=\"Jos\u00e9 Mourinho\" alt=\"Jos\u00e9 Mourinho\" class=\"slug\">Jos\u00e9 Mourinho<\/a><\/strong>.<\/p>\n<\/div>\n<div class=\"sc-e7b891c4-0 ifHnQL image-embed\" id=\"element-body-1\"><img alt=\"\u00bfVolver\u00e1 Mourinho al Real Madrid?\" loading=\"lazy\" width=\"720\" height=\"100\" decoding=\"async\" data-nimg=\"1\" style=\"color:transparent\" src=\"https:\/\/fmamiga909.com.ar\/wp-content\/uploads\/2026\/04\/JOJ62akqU_720x0__1.jpg\"\/><span class=\"epigraphe\">\u00bfVolver\u00e1 Mourinho al Real Madrid?<\/span><\/div>\n<div id=\"element-body-2\" class=\"sc-136cd478-0 ekTCfV\">\n<p>Seg\u00fan The Athletic, a partir de m\u00faltiples fuentes que pidieron mantenerse an\u00f3nimas, <strong>el portugu\u00e9s es el principal candidato para reemplazar a <a href=\"https:\/\/www.ole.com.ar\/tema\/alvaro-arbeloa.html\" title=\"\u00c1lvaro Arbeloa\" alt=\"\u00c1lvaro Arbeloa\" class=\"slug\">\u00c1lvaro Arbeloa<\/a><\/strong>, quien hab\u00eda asumido a comienzos de 2026 tras la salida de <a href=\"https:\/\/www.ole.com.ar\/tema\/xabi-alonso.html\" title=\"Xabi Alonso\" alt=\"Xabi Alonso\" class=\"slug\">Xabi Alonso<\/a>. Esta vez, la decisi\u00f3n no pasa tanto por la estructura deportiva, sino que <strong>el propio presidente tom\u00f3 el control del tema y busca el apoyo de otras voces dentro del club<\/strong>.<\/p>\n<\/div>\n<p><h2>Un viejo conocido que dej\u00f3 huella<\/h2>\n<\/p>\n<div id=\"element-body-4\" class=\"sc-136cd478-0 ekTCfV\">\n<p>El posible regreso de Mourinho no es uno m\u00e1s. Entre 2010 y 2013, el DT <strong>dej\u00f3 su marca en el club, con tres t\u00edtulos importantes: la <a href=\"https:\/\/www.ole.com.ar\/tema\/copa-del-rey.html\" title=\"Copa del Rey\" alt=\"Copa del Rey\" class=\"slug\">Copa del Rey<\/a> 2010\/11, <a href=\"https:\/\/www.ole.com.ar\/tema\/la-liga.html\" title=\"La Liga\" alt=\"La Liga\" class=\"slug\">La Liga<\/a> inolvidable en la temporada 2011\/12, y la <a href=\"https:\/\/www.ole.com.ar\/tema\/supercopa-de-espana.html\" title=\"Supercopa de Espa\u00f1a\" alt=\"Supercopa de Espa\u00f1a\" class=\"slug\">Supercopa de Espa\u00f1a<\/a> en 2012<\/strong>. Todo esto con n\u00fameros r\u00e9cord: 128 triunfos en sus 178 partidos, con apenas 22 derrotas.<\/p>\n<\/div>\n<div id=\"element-body-5\" class=\"sc-136cd478-0 ekTCfV\">\n<p>Eso s\u00ed, <strong>no todo fue color de rosa en su paso por el equipo espa\u00f1ol<\/strong>. Su ciclo tambi\u00e9n tuvo momentos calientes, con conflictos internos, como su relaci\u00f3n tensa con <a href=\"https:\/\/www.ole.com.ar\/tema\/iker-casillas.html\" title=\"Iker Casillas\" alt=\"Iker Casillas\" class=\"slug\">Iker Casillas<\/a>, que hicieron ruido puertas adentro y entre los hinchas. Esa mochila es parte del debate actual: <strong>hay sectores del club que no terminan de ver su vuelta con buenos ojos<\/strong>.<\/p>\n<\/div>\n<div id=\"element-body-6\" class=\"sc-136cd478-0 ekTCfV\">\n<p>A todo eso, tambi\u00e9n <strong>hay que agregarle las cr\u00edticas que recibi\u00f3 este a\u00f1o despu\u00e9s de defender a <a href=\"https:\/\/www.ole.com.ar\/tema\/gianluca-prestianni.html\" title=\"Gianluca Prestianni\" alt=\"Gianluca Prestianni\" class=\"slug\">Gianluca Prestianni<\/a> en el incidente con <a href=\"https:\/\/www.ole.com.ar\/tema\/vinicius.html\" title=\"Vinicius\" alt=\"Vinicius\" class=\"slug\">Vinicius<\/a><\/strong>, la joyita del Madrid, en un partido de Champions League. El t\u00e9cnico de 63 a\u00f1os hab\u00eda dicho que el incidente lo empez\u00f3 el jugador brasilero, lo que no cay\u00f3 bien con los seguidores madrile\u00f1os.<\/p>\n<\/div>\n<div class=\"sc-e7b891c4-0 ifHnQL image-embed\" id=\"element-body-7\"><img alt=\"Vin\u00edcius y Prestianni, protagonistas de un episodio m\u00e1s que pol\u00e9mico.\" loading=\"lazy\" width=\"720\" height=\"100\" decoding=\"async\" data-nimg=\"1\" style=\"color:transparent\" src=\"https:\/\/fmamiga909.com.ar\/wp-content\/uploads\/2026\/04\/HWEqS4kIS_720x0__1.jpg\"\/><span class=\"epigraphe\">Vin\u00edcius y Prestianni, protagonistas de un episodio m\u00e1s que pol\u00e9mico.<\/span><\/div>\n<p><h2>Su presente y la cl\u00e1usula<\/h2>\n<\/p>\n<div id=\"element-body-9\" class=\"sc-136cd478-0 ekTCfV\">\n<p>Hoy, Mourinho est\u00e1 a cargo del <a href=\"https:\/\/www.ole.com.ar\/tema\/benfica.html\" title=\"Benfica\" alt=\"Benfica\" class=\"slug\">Benfica<\/a>, donde lleg\u00f3 en septiembre de 2025. <strong>Tiene v\u00ednculo vigente hasta junio de 2027<\/strong>, pero no es un hecho imposible liberarlo y llevarlo hasta la capital de Espa\u00f1a: su contrato incluye una <strong>cl\u00e1usula cercana a los 3 millones de euros<\/strong>, que puede activarse a tan solo 10 d\u00edas despu\u00e9s de que termine la temporada.<\/p>\n<\/div>\n<p><h2>Otras posibles opciones para Florentino<\/h2>\n<\/p>\n<div id=\"element-body-11\" class=\"sc-136cd478-0 ekTCfV\">\n<p>M\u00e1s all\u00e1 de que Mou corre con ventaja para el presidente del Real Madrid, no es el \u00fanico nombre entre las opciones. Tambi\u00e9n <strong>fueron mencionados el argentino <a href=\"https:\/\/www.ole.com.ar\/tema\/mauricio-pochettino.html\" title=\"Mauricio Pochettino\" alt=\"Mauricio Pochettino\" class=\"slug\">Mauricio Pochettino<\/a><\/strong>, que hoy est\u00e1 dirigiendo a la selecci\u00f3n de Estados Unidos, y <strong><a href=\"https:\/\/www.ole.com.ar\/tema\/didier-deschamps.html\" title=\"Didier Deschamps\" alt=\"Didier Deschamps\" class=\"slug\">Didier Deschamps<\/a><\/strong>, el DT de Francia.<\/p>\n<\/div>\n<div id=\"element-body-12\" class=\"sc-136cd478-0 ekTCfV\">\n<p><strong>Otro que seduce al dirigente es <a href=\"https:\/\/www.ole.com.ar\/tema\/jurgen-klopp.html\" title=\"Jurgen Klopp\" alt=\"Jurgen Klopp\" class=\"slug\">Jurgen Klopp<\/a><\/strong>, aunque el alem\u00e1n ya dej\u00f3 en claro varias veces que est\u00e1 c\u00f3modo en su rol dirigencial dentro de Red Bull y no tiene pensado volver al d\u00eda a d\u00eda de un entrenador.<\/p>\n<\/div>\n<div id=\"element-body-13\" class=\"sc-a7166897-0 eoLsBE\"><a href=\"https:\/\/www.ole.com.ar\/seleccion\/nico-gonzalez-atletico-madrid-seleccion-mundial-desgarro-lesion_0_Qz7XUfJ654.html\" aria-label=\"Preocupaci\u00f3n por Nico Gonz\u00e1lez: se pierde la Champions por un desgarro y llega con lo justo al Mundial\" class=\"sc-3c11979e-0 dqpgzy\"\/><\/p>\n<section><picture><img alt=\"Preocupaci\u00f3n por Nico Gonz\u00e1lez: se pierde la Champions por un desgarro y llega con lo justo al Mundial\" loading=\"lazy\" width=\"290\" height=\"290\" decoding=\"async\" data-nimg=\"1\" style=\"color:transparent\" src=\"https:\/\/fmamiga909.com.ar\/wp-content\/uploads\/2026\/04\/1777408718_368_0gUsiLE_h_290x290__1.jpg\"\/><\/picture>\n<p><span>Mir\u00e1 tambi\u00e9n<\/span><\/p>\n<hr\/>\n<h3>Preocupaci\u00f3n por Nico Gonz\u00e1lez: se pierde la Champions por un desgarro y llega con lo justo al Mundial<\/h3>\n<\/p>\n<\/section>\n<\/div>\n<div id=\"element-body-14\" class=\"sc-a7166897-0 eoLsBE\"><a href=\"https:\/\/www.ole.com.ar\/tenis\/enzo-fernandez-masters-1000-madrid-jude-bellingham-tenis_0_vyTms5fXgZ.html\" aria-label=\"Presencia de lujo en el Masters 1000 de Madrid: Enzo Fern\u00e1ndez, Bellingham y varios jugadores del Chelsea\" class=\"sc-3c11979e-0 dqpgzy\"\/><\/p>\n<section><picture><img alt=\"Presencia de lujo en el Masters 1000 de Madrid: Enzo Fern\u00e1ndez, Bellingham y varios jugadores del Chelsea\" loading=\"lazy\" width=\"290\" height=\"290\" decoding=\"async\" data-nimg=\"1\" style=\"color:transparent\" src=\"https:\/\/fmamiga909.com.ar\/wp-content\/uploads\/2026\/04\/7ZC8wEPhm_290x290__1.jpg\"\/><\/picture>\n<p><span>Mir\u00e1 tambi\u00e9n<\/span><\/p>\n<hr\/>\n<h3>Presencia de lujo en el Masters 1000 de Madrid: Enzo Fern\u00e1ndez, Bellingham y varios jugadores del Chelsea<\/h3>\n<\/p>\n<\/section>\n<\/div>\n<div id=\"element-body-15\" class=\"sc-a7166897-0 eoLsBE\"><a href=\"https:\/\/www.ole.com.ar\/futbol-internacional\/espana\/julian-alvarez-simeone-barcelona-arsenal-psg_0_Fr5wtKdZPU.html\" aria-label=\"Diego Simeone: &quot;Es normal que a un jugador extraordinario como Juli\u00e1n \u00c1lvarez lo quieran Arsenal, PSG y Barcelona&quot;\" class=\"sc-3c11979e-0 dqpgzy\"\/><\/p>\n<section><picture><img alt=\"Diego Simeone: &quot;Es normal que a un jugador extraordinario como Juli\u00e1n \u00c1lvarez lo quieran Arsenal, PSG y Barcelona&quot;\" loading=\"lazy\" width=\"290\" height=\"290\" decoding=\"async\" data-nimg=\"1\" style=\"color:transparent\" src=\"https:\/\/fmamiga909.com.ar\/wp-content\/uploads\/2026\/04\/Sd_sEA6Rq_290x290__1.jpg\"\/><\/picture>\n<p><span>Mir\u00e1 tambi\u00e9n<\/span><\/p>\n<hr\/>\n<h3>Diego Simeone: \u00abEs normal que a un jugador extraordinario como Juli\u00e1n \u00c1lvarez lo quieran Arsenal, PSG y Barcelona\u00bb<\/h3>\n<\/p>\n<\/section>\n<\/div>\n<\/div>\n<p><a href=\"https:\/\/www.ole.com.ar\/futbol-internacional\/espana\/real-madrid-nuevo-dt-jose-mourinho-florentino-perez-alvaro-arbeloa-benfica_0_4oIKi2xdwY.html\">source<\/a><\/p>\n","protected":false},"excerpt":{"rendered":"<p>28\/04\/2026 17:11hs. En el mundo Real Madrid siempre hay ruido cuando no hay t\u00edtulos, y&#8230;<\/p>\n","protected":false},"author":3,"featured_media":32990,"comment_status":"closed","ping_status":"closed","sticky":false,"template":"","format":"standard","meta":{"footnotes":""},"categories":[21],"tags":[],"class_list":["post-32989","post","type-post","status-publish","format-standard","has-post-thumbnail","hentry","category-deportes"],"featured_image_urls":{"full":["https:\/\/fmamiga909.com.ar\/wp-content\/uploads\/2026\/04\/wp-header-logo-546.png",720,404,false],"thumbnail":["https:\/\/fmamiga909.com.ar\/wp-content\/uploads\/2026\/04\/wp-header-logo-546-150x150.png",150,150,true],"medium":["https:\/\/fmamiga909.com.ar\/wp-content\/uploads\/2026\/04\/wp-header-logo-546-300x168.png",300,168,true],"medium_large":["https:\/\/fmamiga909.com.ar\/wp-content\/uploads\/2026\/04\/wp-header-logo-546.png",720,404,false],"large":["https:\/\/fmamiga909.com.ar\/wp-content\/uploads\/2026\/04\/wp-header-logo-546.png",640,359,false],"1536x1536":["https:\/\/fmamiga909.com.ar\/wp-content\/uploads\/2026\/04\/wp-header-logo-546.png",720,404,false],"2048x2048":["https:\/\/fmamiga909.com.ar\/wp-content\/uploads\/2026\/04\/wp-header-logo-546.png",720,404,false],"newsium-slider-full":["https:\/\/fmamiga909.com.ar\/wp-content\/uploads\/2026\/04\/wp-header-logo-546.png",720,404,false],"newsium-featured":["https:\/\/fmamiga909.com.ar\/wp-content\/uploads\/2026\/04\/wp-header-logo-546.png",720,404,false],"newsium-medium":["https:\/\/fmamiga909.com.ar\/wp-content\/uploads\/2026\/04\/wp-header-logo-546.png",720,404,false]},"author_info":{"display_name":"Fredy Giuliano","author_link":"https:\/\/fmamiga909.com.ar\/?author=3"},"category_info":"<a href=\"https:\/\/fmamiga909.com.ar\/?cat=21\" rel=\"category\">Deportes<\/a>","tag_info":"Deportes","comment_count":"0","_links":{"self":[{"href":"https:\/\/fmamiga909.com.ar\/index.php?rest_route=\/wp\/v2\/posts\/32989","targetHints":{"allow":["GET"]}}],"collection":[{"href":"https:\/\/fmamiga909.com.ar\/index.php?rest_route=\/wp\/v2\/posts"}],"about":[{"href":"https:\/\/fmamiga909.com.ar\/index.php?rest_route=\/wp\/v2\/types\/post"}],"author":[{"embeddable":true,"href":"https:\/\/fmamiga909.com.ar\/index.php?rest_route=\/wp\/v2\/users\/3"}],"replies":[{"embeddable":true,"href":"https:\/\/fmamiga909.com.ar\/index.php?rest_route=%2Fwp%2Fv2%2Fcomments&post=32989"}],"version-history":[{"count":0,"href":"https:\/\/fmamiga909.com.ar\/index.php?rest_route=\/wp\/v2\/posts\/32989\/revisions"}],"wp:featuredmedia":[{"embeddable":true,"href":"https:\/\/fmamiga909.com.ar\/index.php?rest_route=\/wp\/v2\/media\/32990"}],"wp:attachment":[{"href":"https:\/\/fmamiga909.com.ar\/index.php?rest_route=%2Fwp%2Fv2%2Fmedia&parent=32989"}],"wp:term":[{"taxonomy":"category","embeddable":true,"href":"https:\/\/fmamiga909.com.ar\/index.php?rest_route=%2Fwp%2Fv2%2Fcategories&post=32989"},{"taxonomy":"post_tag","embeddable":true,"href":"https:\/\/fmamiga909.com.ar\/index.php?rest_route=%2Fwp%2Fv2%2Ftags&post=32989"}],"curies":[{"name":"wp","href":"https:\/\/api.w.org\/{rel}","templated":true}]}}