{"id":33009,"date":"2026-04-28T20:48:31","date_gmt":"2026-04-28T20:48:31","guid":{"rendered":"https:\/\/fmamiga909.com.ar\/?p=33009"},"modified":"2026-04-28T20:48:31","modified_gmt":"2026-04-28T20:48:31","slug":"el-divertido-desafio-al-que-se-enfrentaron-leandro-paredes-y-miguel-merentiel-antes-de-la-copa-libertadores","status":"publish","type":"post","link":"https:\/\/fmamiga909.com.ar\/?p=33009","title":{"rendered":"El divertido desaf\u00edo al que se enfrentaron Leandro Paredes y Miguel Merentiel antes de la Copa Libertadores"},"content":{"rendered":"<p><time class=\"createDate\" datetime=\"2026-04-28T16:09:32-03:00\">28\/04\/2026 16:09hs.<\/time><\/p>\n<div id=\"storyBody\">\n<div id=\"element-body-0\" class=\"sc-136cd478-0 ekTCfV\">\n<p><strong><a href=\"https:\/\/www.ole.com.ar\/tema\/boca-juniors.html\" title=\"Boca Juniors\" alt=\"Boca Juniors\" class=\"slug\">Boca<\/a> <\/strong> tiene un gran desaf\u00edo por delante: ganarle a <strong><a href=\"https:\/\/www.ole.com.ar\/tema\/cruzeiro.html\" title=\"Cruzeiro\" alt=\"Cruzeiro\" class=\"slug\">Cruzeiro<\/a> <\/strong> en la tercera fecha de la fase de grupos de la Copa Libertadores para mantenerse puntero e invicto en su zona. Sin embargo, en la previa, dos de sus futbolistas se expusieron a uno m\u00e1s gracioso.<\/p>\n<\/div>\n<div id=\"element-body-1\" class=\"sc-136cd478-0 ekTCfV\">\n<p><strong><a href=\"https:\/\/www.ole.com.ar\/tema\/leandro-paredes.html\" title=\"Leandro Paredes\" alt=\"Leandro Paredes\" class=\"slug\">Leandro Paredes<\/a><\/strong> y <strong><a href=\"https:\/\/www.ole.com.ar\/tema\/miguel-merentiel.html\" title=\"Miguel Merentiel\" alt=\"Miguel Merentiel\" class=\"slug\">Miguel Merentiel<\/a> <\/strong> jugaron a \u00abadivinar la palabra\u00bb, un pasatiempo que enfrenta a dos competidores. Por un lado, el capit\u00e1n del Xeneize fue el encargado de pronunciar el vocablo. Por el otro, el delantero que deb\u00eda acertar mientras escuchaba m\u00fasica con auriculares.<\/p>\n<\/div>\n<div class=\"sc-e7b891c4-0 ifHnQL image-embed\" id=\"element-body-2\"><img alt=\"Miguel Merentiel y Leandro Paredes. (PRENSA BOCA)\" loading=\"lazy\" width=\"720\" height=\"100\" decoding=\"async\" data-nimg=\"1\" style=\"color:transparent\" src=\"https:\/\/fmamiga909.com.ar\/wp-content\/uploads\/2026\/04\/gXUq_msmJ_720x0__2.jpg#1777403265291\"\/><span class=\"epigraphe\">Miguel Merentiel y Leandro Paredes. (PRENSA BOCA)<\/span><\/div>\n<div id=\"element-body-3\" class=\"sc-136cd478-0 ekTCfV\">\n<p>\u00bb <strong>\u00bfC\u00f3mo? \u00bfQu\u00e9 dijo? El gracioso desaf\u00edo entre dos referentes<\/strong>\u00ab, escribi\u00f3 la cuenta oficial de la Conmebol en sus redes sociales. Acto seguido, subi\u00f3 el video en el que se los puede apreciar a ambos durante el reto viral.<\/p>\n<\/div>\n<p><h2>El divertido desaf\u00edo que protagonizaron Leandro Paredes y Miguel Merentiel en las redes de Conmebol<\/h2>\n<\/p>\n<p><h2>\u00bfA qu\u00e9 hora juegan Cruzeiro vs. Boca?<\/h2>\n<\/p>\n<div id=\"element-body-7\" class=\"sc-136cd478-0 ekTCfV\">\n<p>El encuentro entre Cruzeiro y Boca se llevar\u00e1 a cabo este martes 28 de abril de 2026 a las 21:30 (hora de Argentina y Brasil) en el Estadio Governador Magalh\u00e3es de Belo Horizonte.<\/p>\n<\/div>\n<p><h2>\u00bfQu\u00e9 canal de TV transmite Cruzeiro vs. Boca?<\/h2>\n<\/p>\n<div id=\"element-body-9\" class=\"sc-136cd478-0 ekTCfV\">\n<p>La transmisi\u00f3n en vivo del partido entre Cruzeiro y Boca estar\u00e1 a cargo de las se\u00f1ales de Fox Sports y Telefe. Adem\u00e1s, se podr\u00e1 seguir v\u00eda streaming a trav\u00e9s de Disney+ Premium y Pluto TV. Como siempre, podr\u00e1 seguir el minuto a minuto por ac\u00e1, en la web de Ol\u00e9.<\/p>\n<\/div>\n<div id=\"element-body-10\" class=\"sc-a7166897-0 eoLsBE\"><a href=\"https:\/\/www.ole.com.ar\/boca-juniors\/boca-cruzeiro-viaje-brasil_0_BQPsgbchUB.html\" aria-label=\"Con Riquelme junto al plantel, Boca ya est\u00e1 en Belo Horizonte y fue recibido por hinchas en el hotel\" class=\"sc-3c11979e-0 dqpgzy\"\/><\/p>\n<section><picture><img alt=\"Con Riquelme junto al plantel, Boca ya est\u00e1 en Belo Horizonte y fue recibido por hinchas en el hotel\" loading=\"lazy\" width=\"290\" height=\"290\" decoding=\"async\" data-nimg=\"1\" style=\"color:transparent\" src=\"https:\/\/fmamiga909.com.ar\/wp-content\/uploads\/2026\/04\/qBcGGUYlq_290x290__1.jpg\"\/><\/picture>\n<p><span>Mir\u00e1 tambi\u00e9n<\/span><\/p>\n<hr\/>\n<h3>Con Riquelme junto al plantel, Boca ya est\u00e1 en Belo Horizonte y fue recibido por hinchas en el hotel<\/h3>\n<\/p>\n<\/section>\n<\/div>\n<div id=\"element-body-11\" class=\"sc-a7166897-0 eoLsBE\"><a href=\"https:\/\/www.ole.com.ar\/boca-juniors\/boca-ubeda-dt-rueda-prensa-declaraciones_0_iZWjkgwwV8.html\" aria-label=\"Ubeda en la previa de su primer partido en Brasil: &quot;La clave est\u00e1 en ser s\u00f3lidos&quot;\" class=\"sc-3c11979e-0 dqpgzy\"\/><\/p>\n<section><picture><img alt=\"Ubeda en la previa de su primer partido en Brasil: &quot;La clave est\u00e1 en ser s\u00f3lidos&quot;\" loading=\"lazy\" width=\"290\" height=\"290\" decoding=\"async\" data-nimg=\"1\" style=\"color:transparent\" src=\"https:\/\/fmamiga909.com.ar\/wp-content\/uploads\/2026\/04\/8oHCcE8pB_290x290__1.jpg\"\/><\/picture>\n<p><span>Mir\u00e1 tambi\u00e9n<\/span><\/p>\n<hr\/>\n<h3>Ubeda en la previa de su primer partido en Brasil: \u00abLa clave est\u00e1 en ser s\u00f3lidos\u00bb<\/h3>\n<\/p>\n<\/section>\n<\/div>\n<div id=\"element-body-12\" class=\"sc-a7166897-0 eoLsBE\"><a href=\"https:\/\/www.ole.com.ar\/boca-juniors\/polemico-antecedente-boca-arbitro-dirigira-cruzeiro_0_qZDB0xd6OM.html\" aria-label=\"El escandaloso antecedente con Boca y en Brasil del \u00e1rbitro que dirigir\u00e1 ante Cruzeiro\" class=\"sc-3c11979e-0 dqpgzy\"\/><\/p>\n<section><picture><img alt=\"El escandaloso antecedente con Boca y en Brasil del \u00e1rbitro que dirigir\u00e1 ante Cruzeiro\" loading=\"lazy\" width=\"290\" height=\"290\" decoding=\"async\" data-nimg=\"1\" style=\"color:transparent\" src=\"https:\/\/fmamiga909.com.ar\/wp-content\/uploads\/2026\/04\/v-xheZ-91_290x290__1.jpg\"\/><\/picture>\n<p><span>Mir\u00e1 tambi\u00e9n<\/span><\/p>\n<hr\/>\n<h3>El escandaloso antecedente con Boca y en Brasil del \u00e1rbitro que dirigir\u00e1 ante Cruzeiro<\/h3>\n<\/p>\n<\/section>\n<\/div>\n<\/div>\n<p><a href=\"https:\/\/www.ole.com.ar\/boca-juniors\/miguel-merentiel-leandro-paredes-boca-libertadores-desafio_0_oQpUSUIAFW.html\">source<\/a><\/p>\n","protected":false},"excerpt":{"rendered":"<p>28\/04\/2026 16:09hs. Boca tiene un gran desaf\u00edo por delante: ganarle a Cruzeiro en la tercera&#8230;<\/p>\n","protected":false},"author":3,"featured_media":33010,"comment_status":"closed","ping_status":"closed","sticky":false,"template":"","format":"standard","meta":{"footnotes":""},"categories":[21],"tags":[],"class_list":["post-33009","post","type-post","status-publish","format-standard","has-post-thumbnail","hentry","category-deportes"],"featured_image_urls":{"full":["https:\/\/fmamiga909.com.ar\/wp-content\/uploads\/2026\/04\/wp-header-logo-549.png",720,907,false],"thumbnail":["https:\/\/fmamiga909.com.ar\/wp-content\/uploads\/2026\/04\/wp-header-logo-549-150x150.png",150,150,true],"medium":["https:\/\/fmamiga909.com.ar\/wp-content\/uploads\/2026\/04\/wp-header-logo-549-238x300.png",238,300,true],"medium_large":["https:\/\/fmamiga909.com.ar\/wp-content\/uploads\/2026\/04\/wp-header-logo-549.png",720,907,false],"large":["https:\/\/fmamiga909.com.ar\/wp-content\/uploads\/2026\/04\/wp-header-logo-549.png",640,806,false],"1536x1536":["https:\/\/fmamiga909.com.ar\/wp-content\/uploads\/2026\/04\/wp-header-logo-549.png",720,907,false],"2048x2048":["https:\/\/fmamiga909.com.ar\/wp-content\/uploads\/2026\/04\/wp-header-logo-549.png",720,907,false],"newsium-slider-full":["https:\/\/fmamiga909.com.ar\/wp-content\/uploads\/2026\/04\/wp-header-logo-549-720x845.png",720,845,true],"newsium-featured":["https:\/\/fmamiga909.com.ar\/wp-content\/uploads\/2026\/04\/wp-header-logo-549.png",720,907,false],"newsium-medium":["https:\/\/fmamiga909.com.ar\/wp-content\/uploads\/2026\/04\/wp-header-logo-549-720x475.png",720,475,true]},"author_info":{"display_name":"Fredy Giuliano","author_link":"https:\/\/fmamiga909.com.ar\/?author=3"},"category_info":"<a href=\"https:\/\/fmamiga909.com.ar\/?cat=21\" rel=\"category\">Deportes<\/a>","tag_info":"Deportes","comment_count":"0","_links":{"self":[{"href":"https:\/\/fmamiga909.com.ar\/index.php?rest_route=\/wp\/v2\/posts\/33009","targetHints":{"allow":["GET"]}}],"collection":[{"href":"https:\/\/fmamiga909.com.ar\/index.php?rest_route=\/wp\/v2\/posts"}],"about":[{"href":"https:\/\/fmamiga909.com.ar\/index.php?rest_route=\/wp\/v2\/types\/post"}],"author":[{"embeddable":true,"href":"https:\/\/fmamiga909.com.ar\/index.php?rest_route=\/wp\/v2\/users\/3"}],"replies":[{"embeddable":true,"href":"https:\/\/fmamiga909.com.ar\/index.php?rest_route=%2Fwp%2Fv2%2Fcomments&post=33009"}],"version-history":[{"count":0,"href":"https:\/\/fmamiga909.com.ar\/index.php?rest_route=\/wp\/v2\/posts\/33009\/revisions"}],"wp:featuredmedia":[{"embeddable":true,"href":"https:\/\/fmamiga909.com.ar\/index.php?rest_route=\/wp\/v2\/media\/33010"}],"wp:attachment":[{"href":"https:\/\/fmamiga909.com.ar\/index.php?rest_route=%2Fwp%2Fv2%2Fmedia&parent=33009"}],"wp:term":[{"taxonomy":"category","embeddable":true,"href":"https:\/\/fmamiga909.com.ar\/index.php?rest_route=%2Fwp%2Fv2%2Fcategories&post=33009"},{"taxonomy":"post_tag","embeddable":true,"href":"https:\/\/fmamiga909.com.ar\/index.php?rest_route=%2Fwp%2Fv2%2Ftags&post=33009"}],"curies":[{"name":"wp","href":"https:\/\/api.w.org\/{rel}","templated":true}]}}