{"id":33032,"date":"2026-04-28T21:40:19","date_gmt":"2026-04-28T21:40:19","guid":{"rendered":"https:\/\/fmamiga909.com.ar\/?p=33032"},"modified":"2026-04-28T21:40:19","modified_gmt":"2026-04-28T21:40:19","slug":"boca-en-belo-horizonte-los-unicos-sobrevivientes-que-buscaran-revancha-ante-cruzeiro","status":"publish","type":"post","link":"https:\/\/fmamiga909.com.ar\/?p=33032","title":{"rendered":"Boca en Belo Horizonte: los \u00fanicos sobrevivientes que buscar\u00e1n revancha ante Cruzeiro"},"content":{"rendered":"<p><span class=\"createDate\">28\/04\/2026 16:46hs.<\/span><time class=\"modificatedDate\" datetime=\"2026-04-28T16:47:30-03:00\"> Actualizado al 28\/04\/2026 16:47hs.<\/time><\/p>\n<div id=\"storyBody\">\n<div id=\"element-body-0\" class=\"sc-136cd478-0 ekTCfV\">\n<p>Aquel 22 de agosto de 2024 qued\u00f3 marcado a fuego en el hincha de <strong><a href=\"https:\/\/www.ole.com.ar\/tema\/boca-juniors.html\" title=\"Boca Juniors\" alt=\"Boca Juniors\" class=\"slug\">Boca<\/a><\/strong>. <strong> <\/strong> Y no precisamente por un buen recuerdo. Fue la noche del pisot\u00f3n de <strong><a href=\"https:\/\/www.ole.com.ar\/tema\/luis-advincula.html\" title=\"Luis Adv\u00edncula\" alt=\"Luis Adv\u00edncula\" class=\"slug\">Luis Adv\u00edncula<\/a><\/strong> a los 9 segundos, <strong> la inmediata roja de Wilmar Rold\u00e1n al peruano que rompi\u00f3 todos los planes<\/strong> y la <strong> <a href=\"https:\/\/www.ole.com.ar\/futbol-internacional\/sudamericana\/boca-cruzeiro-hora-tv-ver-formaciones-copa-sudamericana_0_xlFjd7ed3u.html\" target=\"_self\" title=\"posterior eliminaci\u00f3n de la Copa Sudam\u00e9rica por penales ante Cruzeiro.\" alt=\"posterior eliminaci\u00f3n de la Copa Sudam\u00e9rica por penales ante Cruzeiro.\">posterior eliminaci\u00f3n de los octavos de la Copa Sudam\u00e9rica por penales ante Cruzeiro.<\/a><\/strong><\/p>\n<\/div>\n<div id=\"element-body-1\" class=\"sc-136cd478-0 ekTCfV\">\n<p>Esta vez, el destino vuelve a poner al Xeneize frente a frente con el conjunto brasile\u00f1o, pero el panorama es radicalmente distinto: este martes, desde las 21:30, el Xeneize saltar\u00e1 nuevamente al c\u00e9sped del Mineirao, aunque en esta ocasi\u00f3n el marco es la <strong><a href=\"https:\/\/www.ole.com.ar\/tema\/copa-libertadores.html\" title=\"Copa Libertadores\" alt=\"Copa Libertadores\" class=\"slug\">Copa Libertadores<\/a><\/strong>, el gran objetivo del a\u00f1o para los dirigidos por <strong><a href=\"https:\/\/www.ole.com.ar\/tema\/claudio-ubeda.html\" title=\"Claudio Ubeda\" alt=\"Claudio Ubeda\" class=\"slug\">Claudio Ubeda<\/a>.<\/strong> El contexto es otro, la urgencia es distinta (porque no hay una eliminaci\u00f3n en juego) y <strong> la ambici\u00f3n de traerse los tres puntos para asegurar el pase a octavos est\u00e1 m\u00e1s latente que nunca.<\/strong><\/p>\n<\/div>\n<div id=\"element-body-3\" class=\"sc-136cd478-0 ekTCfV\">\n<p>Basta con mirar la planilla para entender que este Boca es muy diferente. En aquella noche fat\u00eddica bajo el mando de Diego Mart\u00ednez, el Xeneize form\u00f3 con: <strong>Sergio Romero; Luis Adv\u00edncula, Cristian Lema, Marcos Rojo, Lautaro Blanco; Pol Fern\u00e1ndez, Cristian Medina, Agust\u00edn Martegani, Kevin Zen\u00f3n; Milton Gim\u00e9nez y Miguel Merentiel.<\/strong><\/p>\n<\/div>\n<div class=\"sc-e7b891c4-0 ifHnQL image-embed\" id=\"element-body-4\"><img alt=\"La formaci\u00f3n de Boca aquella noche en Belo Horizonte. (Foto:AFP)\" loading=\"lazy\" width=\"720\" height=\"100\" decoding=\"async\" data-nimg=\"1\" style=\"color:transparent\" src=\"https:\/\/fmamiga909.com.ar\/wp-content\/uploads\/2026\/04\/fZBtgUyUS_720x0__1.jpg\"\/><span class=\"epigraphe\">La formaci\u00f3n de Boca aquella noche en Belo Horizonte. (Foto:AFP)<\/span><\/div>\n<p><h2><strong>El mapa de la renovaci\u00f3n<\/strong><\/h2>\n<\/p>\n<div id=\"element-body-6\" class=\"sc-136cd478-0 ekTCfV\">\n<p>\u00bfQu\u00e9 qued\u00f3 de aquel 11? Muy poco. El recambio ha sido casi total, ya sea por rendimientos, ventas o decisiones t\u00e1cticas de <strong><a href=\"https:\/\/www.ole.com.ar\/tema\/claudio-ubeda.html\" title=\"Claudio Ubeda\" alt=\"Claudio Ubeda\" class=\"slug\">Claudio Ubeda<\/a><\/strong>. De los que saltaron a la cancha esa noche en el Mineirao, solo dos repiten titularidad absoluta: <strong>Lautaro Blanco y Miguel Merentiel.<\/strong><\/p>\n<\/div>\n<div class=\"sc-e7b891c4-0 ifHnQL image-embed\" id=\"element-body-7\"><img alt=\"Merentiel fall\u00f3 el \u00faltimo penal tir\u00e1ndolo por encima del travesa\u00f1o.\" loading=\"lazy\" width=\"720\" height=\"100\" decoding=\"async\" data-nimg=\"1\" style=\"color:transparent\" src=\"https:\/\/fmamiga909.com.ar\/wp-content\/uploads\/2026\/04\/M2TUPoZzH_720x0__1.jpg\"\/><span class=\"epigraphe\">Merentiel fall\u00f3 el \u00faltimo penal tir\u00e1ndolo por encima del travesa\u00f1o.<\/span><\/div>\n<div class=\"sc-e7b891c4-0 ifHnQL image-embed\" id=\"element-body-8\"><img alt=\"Lautaro Blanco el otro sobreviviente de aquella noche fat\u00eddica.\" loading=\"lazy\" width=\"720\" height=\"100\" decoding=\"async\" data-nimg=\"1\" style=\"color:transparent\" src=\"https:\/\/fmamiga909.com.ar\/wp-content\/uploads\/2026\/04\/bjk9T2Jc4_720x0__1.jpg\"\/><span class=\"epigraphe\">Lautaro Blanco el otro sobreviviente de aquella noche fat\u00eddica.<\/span><\/div>\n<div id=\"element-body-9\" class=\"sc-136cd478-0 ekTCfV\">\n<p>El resto es un rompecabezas nuevo. Sergio Romero ya se fue del club envuelto en pol\u00e9mica y <a href=\"https:\/\/www.ole.com.ar\/tema\/leandro-brey.html\" title=\"Leandro Brey\" alt=\"Leandro Brey\" class=\"slug\">Leandro Brey<\/a> es hoy el due\u00f1o del arco por la grave lesi\u00f3n de Marchesin. En la defensa, nombres como <strong>Weigandt, Di Lollo y Ayrton Costa <\/strong> asoman para blindar el fondo. En el medio, la transformaci\u00f3n es total: el arribo de <a href=\"https:\/\/www.ole.com.ar\/tema\/leandro-paredes.html\" title=\"Leandro Paredes\" alt=\"Leandro Paredes\" class=\"slug\"\/><strong><a href=\"https:\/\/www.ole.com.ar\/tema\/leandro-paredes.html\" title=\"Leandro Paredes\" alt=\"Leandro Paredes\" class=\"slug\">Leandro Paredes<\/a> le dio otra jerarqu\u00eda al eje, acompa\u00f1ado por el despliegue de Ascacibar, la explosiva aparici\u00f3n de Aranda y el patrullaje utilitario de Delgado.<\/strong><\/p>\n<\/div>\n<p><h2><strong>Presentes opuestos<\/strong><\/h2>\n<\/p>\n<div id=\"element-body-11\" class=\"sc-136cd478-0 ekTCfV\">\n<p>El contraste tambi\u00e9n se ve en el banco y en los que quedaron fuera. <strong> Kevin Zen\u00f3n y Agust\u00edn Martegani<\/strong>, titulares aquella noche, hoy atraviesan un presente alejado del protagonismo, mirando la mayor\u00eda de los partidos desde afuera. Por su parte, la delantera sum\u00f3 la potencia de <strong><a href=\"https:\/\/www.ole.com.ar\/tema\/adam-bareiro.html\" title=\"Adam Bareiro\" alt=\"Adam Bareiro\" class=\"slug\">Adam Bareiro<\/a><\/strong> para acompa\u00f1ar a la Bestia, ante la rotaci\u00f3n de <strong> un Milton Gim\u00e9nez que hoy es m\u00e1s una alternativa que una fija.<\/strong><\/p>\n<\/div>\n<div id=\"element-body-13\" class=\"sc-136cd478-0 ekTCfV\">\n<p>As\u00ed, Boca vuelve a un escenario donde sufri\u00f3, pero lo hace con una cara lavada. Sin Adv\u00edncula (expulsado en aquella ocasi\u00f3n) y con una estructura mucho m\u00e1s joven y renovada, el equipo de Ubeda busca que esta visita al Mineirao sea el paso definitivo <strong>hacia los octavos de la Libertadores. <\/strong><\/p>\n<\/div>\n<p><h2><strong>As\u00ed esta el historial entre Boca y Cruzeiro<\/strong><\/h2>\n<\/p>\n<div id=\"element-body-15\" class=\"sc-136cd478-0 ekTCfV\">\n<p>En total, ambos equipos se enfrentaron en 16 oportunidades. <strong> Boca le lleva dos victorias de ventaja al conjunto brasile\u00f1o, con siete triunfos contra cinco derrotas, mientras que empataron en los cuatro restantes<\/strong>. Una rivalidad marcada por cruces pesados, festejos inolvidables para ambos lados y alguna herida abierta para el club argentino.<\/p>\n<\/div>\n<div id=\"element-body-17\" class=\"sc-136cd478-0 ekTCfV\">\n<p>Adem\u00e1s, este partido tendr\u00e1 un agregado y una nueva misi\u00f3n para Ubeda y su buen presente. Si bien el Sif\u00f3n llega con un historial favorable, buscar\u00e1 acortar la mala racha como visitante, donde <strong>Boca solamente gan\u00f3 en una oportunidad, con dos empates y cuatro derrotas en el Mineirao<\/strong>. El \u00fanico triunfo fue en los octavos de final en la Libertadores 2008, con victoria por 2-1 con goles de Rodrigo Palacio y Mart\u00edn Palermo.<\/p>\n<\/div>\n<div id=\"element-body-18\" class=\"sc-a7166897-0 eoLsBE\"><a href=\"https:\/\/www.ole.com.ar\/boca-juniors\/boca-chicho-serna-charla-refuerzo-sebastian-villa_0_HfFLqNwzk3.html\" aria-label=\"Fue parte del Consejo de Riquelme y sorprendi\u00f3 con el refuerzo ideal para Boca: &quot;Villa en este equipo ser\u00eda un as&quot;\" class=\"sc-3c11979e-0 dqpgzy\"\/><\/p>\n<section><picture><img alt=\"Fue parte del Consejo de Riquelme y sorprendi\u00f3 con el refuerzo ideal para Boca: &quot;Villa en este equipo ser\u00eda un as&quot;\" loading=\"lazy\" width=\"290\" height=\"290\" decoding=\"async\" data-nimg=\"1\" style=\"color:transparent\" src=\"https:\/\/fmamiga909.com.ar\/wp-content\/uploads\/2026\/04\/V8j4jMw23_290x290__1.jpg\"\/><\/picture>\n<p><span>Mir\u00e1 tambi\u00e9n<\/span><\/p>\n<hr\/>\n<h3>Fue parte del Consejo de Riquelme y sorprendi\u00f3 con el refuerzo ideal para Boca: \u00abVilla en este equipo ser\u00eda un as\u00bb<\/h3>\n<\/p>\n<\/section>\n<\/div>\n<div id=\"element-body-19\" class=\"sc-a7166897-0 eoLsBE\"><a href=\"https:\/\/www.ole.com.ar\/futbol-internacional\/libertadores\/cruzeiro-vs-boca-copa-libertadores-dia-horario-ver-tv-online-formaciones_0_r4aiETx0sN.html\" aria-label=\"Qu\u00e9 canal de TV transmite Cruzeiro vs. Boca, por la Copa Libertadores\" class=\"sc-3c11979e-0 dqpgzy\"\/><\/p>\n<section><picture><img alt=\"Qu\u00e9 canal de TV transmite Cruzeiro vs. Boca, por la Copa Libertadores\" loading=\"lazy\" width=\"290\" height=\"290\" decoding=\"async\" data-nimg=\"1\" style=\"color:transparent\" src=\"https:\/\/fmamiga909.com.ar\/wp-content\/uploads\/2026\/04\/1777412419_878_o33ix63a-_290x290__1.jpg\"\/><\/picture>\n<p><span>Mir\u00e1 tambi\u00e9n<\/span><\/p>\n<hr\/>\n<h3>Qu\u00e9 canal de TV transmite Cruzeiro vs. Boca, por la Copa Libertadores<\/h3>\n<\/p>\n<\/section>\n<\/div>\n<div id=\"element-body-20\" class=\"sc-a7166897-0 eoLsBE\"><a href=\"https:\/\/www.ole.com.ar\/boca-juniors\/boca-equipo-plantel-ubeda-brasil-cruzeiro-mineirao_0_OpHXyTQDwj.html\" aria-label=\"La chance que tiene Boca en su vuelta a Brasil y por qu\u00e9 ante Cruzeiro puede ser un partido clave\" class=\"sc-3c11979e-0 dqpgzy\"\/><\/p>\n<section><picture><img alt=\"La chance que tiene Boca en su vuelta a Brasil y por qu\u00e9 ante Cruzeiro puede ser un partido clave\" loading=\"lazy\" width=\"290\" height=\"290\" decoding=\"async\" data-nimg=\"1\" style=\"color:transparent\" src=\"https:\/\/fmamiga909.com.ar\/wp-content\/uploads\/2026\/04\/_tDAUXyop_290x290__1.jpg\"\/><\/picture>\n<p><span>Mir\u00e1 tambi\u00e9n<\/span><\/p>\n<hr\/>\n<h3>La chance que tiene Boca en su vuelta a Brasil y por qu\u00e9 ante Cruzeiro puede ser un partido clave<\/h3>\n<\/p>\n<\/section>\n<\/div>\n<div id=\"element-body-21\" class=\"sc-a7166897-0 eoLsBE\"><a href=\"https:\/\/www.ole.com.ar\/boca-juniors\/boca-reencuentro-ander-herrera-neymar-camisetas-concentracion_0_bAowKQNc73.html\" aria-label=\"El reencuentro de Ander Herrera con su amigo Neymar\" class=\"sc-3c11979e-0 dqpgzy\"\/><\/p>\n<section><picture><img alt=\"El reencuentro de Ander Herrera con su amigo Neymar\" loading=\"lazy\" width=\"290\" height=\"290\" decoding=\"async\" data-nimg=\"1\" style=\"color:transparent\" src=\"https:\/\/fmamiga909.com.ar\/wp-content\/uploads\/2026\/04\/stC_2c7rp_290x290__1.jpg\"\/><\/picture>\n<p><span>Mir\u00e1 tambi\u00e9n<\/span><\/p>\n<hr\/>\n<h3>El reencuentro de Ander Herrera con su amigo Neymar<\/h3>\n<\/p>\n<\/section>\n<\/div>\n<div id=\"element-body-22\" class=\"sc-a7166897-0 eoLsBE\"><a href=\"https:\/\/www.ole.com.ar\/boca-juniors\/boca-cruzeiro-viaje-brasil_0_BQPsgbchUB.html\" aria-label=\"Con Riquelme junto al plantel, Boca ya est\u00e1 en Belo Horizonte y fue recibido por hinchas en el hotel\" class=\"sc-3c11979e-0 dqpgzy\"\/><\/p>\n<section><picture><img alt=\"Con Riquelme junto al plantel, Boca ya est\u00e1 en Belo Horizonte y fue recibido por hinchas en el hotel\" loading=\"lazy\" width=\"290\" height=\"290\" decoding=\"async\" data-nimg=\"1\" style=\"color:transparent\" src=\"https:\/\/fmamiga909.com.ar\/wp-content\/uploads\/2026\/04\/1777412419_329_qBcGGUYlq_290x290__1.jpg\"\/><\/picture>\n<p><span>Mir\u00e1 tambi\u00e9n<\/span><\/p>\n<hr\/>\n<h3>Con Riquelme junto al plantel, Boca ya est\u00e1 en Belo Horizonte y fue recibido por hinchas en el hotel<\/h3>\n<\/p>\n<\/section>\n<\/div>\n<\/div>\n<p><a href=\"https:\/\/www.ole.com.ar\/boca-juniors\/boca-cruzeiro-renovacion-libertadores-mineirao-blanco-merentiel-bareiro_0_vJWIrl8GVr.html\">source<\/a><\/p>\n","protected":false},"excerpt":{"rendered":"<p>28\/04\/2026 16:46hs. Actualizado al 28\/04\/2026 16:47hs. Aquel 22 de agosto de 2024 qued\u00f3 marcado a&#8230;<\/p>\n","protected":false},"author":3,"featured_media":33033,"comment_status":"closed","ping_status":"closed","sticky":false,"template":"","format":"standard","meta":{"footnotes":""},"categories":[21],"tags":[],"class_list":["post-33032","post","type-post","status-publish","format-standard","has-post-thumbnail","hentry","category-deportes"],"featured_image_urls":{"full":["https:\/\/fmamiga909.com.ar\/wp-content\/uploads\/2026\/04\/wp-header-logo-552.png",720,465,false],"thumbnail":["https:\/\/fmamiga909.com.ar\/wp-content\/uploads\/2026\/04\/wp-header-logo-552-150x150.png",150,150,true],"medium":["https:\/\/fmamiga909.com.ar\/wp-content\/uploads\/2026\/04\/wp-header-logo-552-300x194.png",300,194,true],"medium_large":["https:\/\/fmamiga909.com.ar\/wp-content\/uploads\/2026\/04\/wp-header-logo-552.png",720,465,false],"large":["https:\/\/fmamiga909.com.ar\/wp-content\/uploads\/2026\/04\/wp-header-logo-552.png",640,413,false],"1536x1536":["https:\/\/fmamiga909.com.ar\/wp-content\/uploads\/2026\/04\/wp-header-logo-552.png",720,465,false],"2048x2048":["https:\/\/fmamiga909.com.ar\/wp-content\/uploads\/2026\/04\/wp-header-logo-552.png",720,465,false],"newsium-slider-full":["https:\/\/fmamiga909.com.ar\/wp-content\/uploads\/2026\/04\/wp-header-logo-552.png",720,465,false],"newsium-featured":["https:\/\/fmamiga909.com.ar\/wp-content\/uploads\/2026\/04\/wp-header-logo-552.png",720,465,false],"newsium-medium":["https:\/\/fmamiga909.com.ar\/wp-content\/uploads\/2026\/04\/wp-header-logo-552.png",720,465,false]},"author_info":{"display_name":"Fredy Giuliano","author_link":"https:\/\/fmamiga909.com.ar\/?author=3"},"category_info":"<a href=\"https:\/\/fmamiga909.com.ar\/?cat=21\" rel=\"category\">Deportes<\/a>","tag_info":"Deportes","comment_count":"0","_links":{"self":[{"href":"https:\/\/fmamiga909.com.ar\/index.php?rest_route=\/wp\/v2\/posts\/33032","targetHints":{"allow":["GET"]}}],"collection":[{"href":"https:\/\/fmamiga909.com.ar\/index.php?rest_route=\/wp\/v2\/posts"}],"about":[{"href":"https:\/\/fmamiga909.com.ar\/index.php?rest_route=\/wp\/v2\/types\/post"}],"author":[{"embeddable":true,"href":"https:\/\/fmamiga909.com.ar\/index.php?rest_route=\/wp\/v2\/users\/3"}],"replies":[{"embeddable":true,"href":"https:\/\/fmamiga909.com.ar\/index.php?rest_route=%2Fwp%2Fv2%2Fcomments&post=33032"}],"version-history":[{"count":0,"href":"https:\/\/fmamiga909.com.ar\/index.php?rest_route=\/wp\/v2\/posts\/33032\/revisions"}],"wp:featuredmedia":[{"embeddable":true,"href":"https:\/\/fmamiga909.com.ar\/index.php?rest_route=\/wp\/v2\/media\/33033"}],"wp:attachment":[{"href":"https:\/\/fmamiga909.com.ar\/index.php?rest_route=%2Fwp%2Fv2%2Fmedia&parent=33032"}],"wp:term":[{"taxonomy":"category","embeddable":true,"href":"https:\/\/fmamiga909.com.ar\/index.php?rest_route=%2Fwp%2Fv2%2Fcategories&post=33032"},{"taxonomy":"post_tag","embeddable":true,"href":"https:\/\/fmamiga909.com.ar\/index.php?rest_route=%2Fwp%2Fv2%2Ftags&post=33032"}],"curies":[{"name":"wp","href":"https:\/\/api.w.org\/{rel}","templated":true}]}}