{"id":33055,"date":"2026-04-29T08:35:23","date_gmt":"2026-04-29T08:35:23","guid":{"rendered":"https:\/\/fmamiga909.com.ar\/?p=33055"},"modified":"2026-04-29T08:35:23","modified_gmt":"2026-04-29T08:35:23","slug":"como-quedo-el-grupo-de-boca-en-la-libertadores-y-que-necesita-para-clasificar-a-octavos","status":"publish","type":"post","link":"https:\/\/fmamiga909.com.ar\/?p=33055","title":{"rendered":"C\u00f3mo qued\u00f3 el grupo de Boca en la Libertadores y qu\u00e9 necesita para clasificar a octavos"},"content":{"rendered":"<p><span class=\"createDate\">28\/04\/2026 23:41hs.<\/span><time class=\"modificatedDate\" datetime=\"2026-04-29T00:16:39-03:00\"> Actualizado al 29\/04\/2026 00:16hs.<\/time><\/p>\n<div id=\"storyBody\">\n<div id=\"element-body-0\" class=\"sc-136cd478-0 ekTCfV\">\n<p>Paso en falso para <a href=\"https:\/\/www.ole.com.ar\/tema\/boca-juniors.html\" title=\"Boca Juniors\" alt=\"Boca Juniors\" class=\"slug\">Boca<\/a> en Brasil. En un mal partido, marcado por la exagerada expulsi\u00f3n a Adam Bareiro, <strong>el Xeneize cay\u00f3 1-0 ante Cruzeiro en Brasil por la tercera fecha de la <a href=\"https:\/\/www.ole.com.ar\/tema\/copa-libertadores.html\" title=\"Copa Libertadores\" alt=\"Copa Libertadores\" class=\"slug\">Copa Libertadores<\/a><\/strong>. En un partido muy luchado, el Xeneize no pudo resistir en un segundo tiempo con 10 hombres y sufri\u00f3 una dura derrota, no solo porque le corta un invicto de 14 partidos, sino porque tambi\u00e9n significa caer al segundo puesto de Grupo D.<\/p>\n<\/div>\n<div id=\"element-body-1\" class=\"sc-136cd478-0 ekTCfV\">\n<p>Con el cambio de reglamento, a partir de esta temporada el primer criterio de desempate son los partidos entre los equipos involucrados. Es por eso que, pese a tener los mismos puntos y mejor diferencia de gol, <strong>el Xeneize perdi\u00f3 la punta a manos del conjunto brasile\u00f1o<\/strong>. Ahora, deber\u00e1 estar atento al duelo entre Barcelona U. Cat\u00f3lica, que se enfrentar\u00e1n este mi\u00e9rcoles en Ecuador. Mir\u00e1 c\u00f3mo queda todo y qu\u00e9 necesita Boca para avanzar.<\/p>\n<\/div>\n<div class=\"sc-e7b891c4-0 ifHnQL image-embed\" id=\"element-body-2\"><img alt=\"Boca cay\u00f3 y se complic\u00f3 un poco (AP).\" loading=\"lazy\" width=\"720\" height=\"100\" decoding=\"async\" data-nimg=\"1\" style=\"color:transparent\" src=\"https:\/\/fmamiga909.com.ar\/wp-content\/uploads\/2026\/04\/60EfHQ4Ax_720x0__1.jpg\"\/><span class=\"epigraphe\">Boca cay\u00f3 y se complic\u00f3 un poco (AP).<\/span><\/div>\n<p><h2><strong>As\u00ed qued\u00f3 el Grupo D de Boca en la Libertadores<\/strong><\/h2>\n<\/p>\n<div id=\"element-body-4\" class=\"sc-136cd478-0 ekTCfV\">\n<ol>\n<li>Cruzeiro &#8211; 6pts (+1DG)<\/li>\n<li>Boca &#8211; 6pts (+3DG)<\/li>\n<li>U. Cat\u00f3lica &#8211; 3pts (0DG)<\/li>\n<li>Barcelona &#8211; 0pts (-4DG)<\/li>\n<\/ol>\n<\/div>\n<div id=\"element-body-5\" class=\"sc-136cd478-0 ekTCfV\">\n<p>Recordemos que en la Copa, el primer criterio de desempate de desempate son los partidos entre los rivales afectados.<\/p>\n<\/div>\n<p><h2><strong>As\u00ed sigue el fixture de Boca, con una dura seguidilla de visitante<\/strong><\/h2>\n<\/p>\n<div id=\"element-body-7\" class=\"sc-136cd478-0 ekTCfV\">\n<p>Luego de la derrota ante Cruzeiro, el Xeneize debe prepararse para afrontar la \u00faltima fecha del Torneo Apertura. Este s\u00e1bado, el equipo de Ubeda visitar\u00e1 a Santiago del Estero para medirse con Central C\u00f3rdoba con la misi\u00f3n de ganar y tratar de quedar como puntero de la Zona A. De todas formas, <strong>el CABJ ya est\u00e1 clasificado a playoffs<\/strong>, aunque la posici\u00f3n final ser\u00e1 determinante para tener ventaja de local\u00eda en los mata-mata.<\/p>\n<\/div>\n<div id=\"element-body-8\" class=\"sc-136cd478-0 ekTCfV\">\n<p>Luego de ese encuentro, Boca seguir\u00e1 siendo visitante: <strong>el martes 5 de mayo, visitar\u00e1 a Barcelona de Ecuador<\/strong> -rival al que aplast\u00f3 3-0 como local- por la fecha 4 de la Copa Libertadores Este ser\u00e1 su \u00faltimo partido en esa condici\u00f3n, ya que sus \u00faltimos dos presentaciones ser\u00e1n en La Bombonera.<\/p>\n<\/div>\n<div id=\"element-body-9\" class=\"sc-136cd478-0 ekTCfV\">\n<p>Aunque antes de terminar su actuaci\u00f3n en la fase de grupos, <strong>el equipo de la Ribera deber\u00e1 pensar en las rondas eliminatorias del campeonato local<\/strong>. Los octavos de final se jugar\u00e1n el fin de semana del domingo 10\/5 final, los cuartos de final ser\u00e1n entre el martes 12 y el jueves 14, mientas que las semis se jugar\u00e1n el finde del 17 de mayo.<\/p>\n<\/div>\n<div id=\"element-body-10\" class=\"sc-136cd478-0 ekTCfV\">\n<p>Luego de esas tres rondas de playoffs, el Xeneize deber\u00e1 volver a poner la mente en la Libertadores. <strong>El martes 19\/5, Boca recibir\u00e1 a Cruzeiro por la quinta fecha<\/strong>. Y el jueves 28 de mayo cerrar\u00e1 su actuaci\u00f3n en la fase de grupos <strong>al recibir a U. Cat\u00f3lica de Chile<\/strong>.<\/p>\n<\/div>\n<div class=\"sc-e7b891c4-0 ifHnQL image-embed\" id=\"element-body-11\"><img alt=\"Paredes ante Cruzeiro (AFP).\" loading=\"lazy\" width=\"720\" height=\"100\" decoding=\"async\" data-nimg=\"1\" style=\"color:transparent\" src=\"https:\/\/fmamiga909.com.ar\/wp-content\/uploads\/2026\/04\/4EyjOgi33_720x0__1.jpg\"\/><span class=\"epigraphe\">Paredes ante Cruzeiro (AFP).<\/span><\/div>\n<div id=\"element-body-12\" class=\"sc-136cd478-0 ekTCfV\">\n<p><strong>Para clasificar a los octavos de final sin depender de nadie, el CABJ necesita sacar al menos 7 puntos<\/strong>. De esta manera, el Xeneize llegar\u00eda a 13 puntos e impedir\u00eda que U. Cat\u00f3lica y Cruzeiro puedan pasarlo, debido a que se sacar\u00e1n puntos entre ellos (se enfrentan en la pr\u00f3xima fecha). Eso s\u00ed: <strong>Cruzeiro a\u00fan podr\u00eda superarlo debido a que el primer criterio de desempate son los partidos entre s\u00ed, por lo que esto no le garantizar\u00eda ganar la zona<\/strong>, aunque si meterse en octavos.<\/p>\n<\/div>\n<div id=\"element-body-13\" class=\"sc-136cd478-0 ekTCfV\">\n<p><strong>En caso de sacar seis de los nueve puntos que quedan en juego, el Xeneize tambi\u00e9n podr\u00eda clasificar a la pr\u00f3xima ronda<\/strong>, aunque U. Cat\u00f3lica y Cruzeiro podr\u00edan llegar a los 12 puntos y generar un triple empate donde todo se definir\u00eda por diferencia de gol. De todas formas, falta mucho y todo puede cambiar&#8230;<\/p>\n<\/div>\n<div id=\"element-body-14\" class=\"sc-136cd478-0 ekTCfV\">\n<p>\u00bfY la final del Torneo Apertura? Est\u00e1 programada para el 24 de mayo, por lo que,en caso de llegar, Boca afrontar\u00eda la final en el medio de las fechas 5 y 6 de la Libertadores.<\/p>\n<\/div>\n<p><h2><strong>Video: el resumen del triunfo de Cruzeiro sobre Boca por la Libertadores<\/strong><\/h2>\n<\/p>\n<div id=\"element-body-17\" class=\"sc-a7166897-0 eoLsBE\"><a href=\"https:\/\/www.ole.com.ar\/futbol-internacional\/libertadores\/cruziero-vs-boca-partido-fecha-3-copa-libertadores-minuto-minuto_0_B0FtVfvnMZ.html\" aria-label=\"Boca caliente: derrota ante Cruzeiro, chau invicto y final escandaloso\" class=\"sc-3c11979e-0 dqpgzy\"\/><\/p>\n<section><picture><img alt=\"Boca caliente: derrota ante Cruzeiro, chau invicto y final escandaloso\" loading=\"lazy\" width=\"290\" height=\"290\" decoding=\"async\" data-nimg=\"1\" style=\"color:transparent\" src=\"https:\/\/fmamiga909.com.ar\/wp-content\/uploads\/2026\/04\/1777451723_11_OY_07jrON_290x290__1.jpg\"\/><\/picture>\n<p><span>Mir\u00e1 tambi\u00e9n<\/span><\/p>\n<hr\/>\n<h3>Boca caliente: derrota ante Cruzeiro, chau invicto y final escandaloso<\/h3>\n<\/p>\n<\/section>\n<\/div>\n<div id=\"element-body-18\" class=\"sc-a7166897-0 eoLsBE\"><a href=\"https:\/\/www.ole.com.ar\/boca-juniors\/video-descontrol-final-boca-buscar-jugador-cruzeiro-arma_0_xqjYl0Xq4T.html\" aria-label=\"Descontrol final: los de Boca fueron a buscar a un jugador de Cruzeiro y casi se arma\" class=\"sc-3c11979e-0 dqpgzy\"\/><\/p>\n<section><picture><img alt=\"Descontrol final: los de Boca fueron a buscar a un jugador de Cruzeiro y casi se arma\" loading=\"lazy\" width=\"290\" height=\"290\" decoding=\"async\" data-nimg=\"1\" style=\"color:transparent\" src=\"https:\/\/fmamiga909.com.ar\/wp-content\/uploads\/2026\/04\/1777451723_868_FCTTA9sOU_290x290__1.jpg\"\/><\/picture>\n<p><span>Mir\u00e1 tambi\u00e9n<\/span><\/p>\n<hr\/>\n<h3>Descontrol final: los de Boca fueron a buscar a un jugador de Cruzeiro y casi se arma<\/h3>\n<\/p>\n<\/section>\n<\/div>\n<div id=\"element-body-19\" class=\"sc-a7166897-0 eoLsBE\"><a href=\"https:\/\/www.ole.com.ar\/boca-juniors\/ubeda-final-reaccion-logica-rival-carga_0_4O8RCGKjs1.html\" aria-label=\"Ubeda y el final: &quot;Una reacci\u00f3n l\u00f3gica cuando el rival te carga&quot;\" class=\"sc-3c11979e-0 dqpgzy\"\/><\/p>\n<section><picture><img alt=\"Ubeda y el final: &quot;Una reacci\u00f3n l\u00f3gica cuando el rival te carga&quot;\" loading=\"lazy\" width=\"290\" height=\"290\" decoding=\"async\" data-nimg=\"1\" style=\"color:transparent\" src=\"https:\/\/fmamiga909.com.ar\/wp-content\/uploads\/2026\/04\/Gks2XXNvK_290x290__1.jpg\"\/><\/picture>\n<p><span>Mir\u00e1 tambi\u00e9n<\/span><\/p>\n<hr\/>\n<h3>Ubeda y el final: \u00abUna reacci\u00f3n l\u00f3gica cuando el rival te carga\u00bb<\/h3>\n<\/p>\n<\/section>\n<\/div>\n<div id=\"element-body-20\" class=\"sc-a7166897-0 eoLsBE\"><a href=\"https:\/\/www.ole.com.ar\/boca-juniors\/boca-cruzeiro-racismo-mineirao_0_RvYEytB6z6.html\" aria-label=\"Detuvieron a un hincha de Boca por racismo en el Mineirao\" class=\"sc-3c11979e-0 dqpgzy\"\/><\/p>\n<section><picture><img alt=\"Detuvieron a un hincha de Boca por racismo en el Mineirao\" loading=\"lazy\" width=\"290\" height=\"290\" decoding=\"async\" data-nimg=\"1\" style=\"color:transparent\" src=\"https:\/\/fmamiga909.com.ar\/wp-content\/uploads\/2026\/04\/1777451723_652_8s6iXS_xL_290x290__1.jpg\"\/><\/picture>\n<p><span>Mir\u00e1 tambi\u00e9n<\/span><\/p>\n<hr\/>\n<h3>Detuvieron a un hincha de Boca por racismo en el Mineirao<\/h3>\n<\/p>\n<\/section>\n<\/div>\n<div id=\"element-body-21\" class=\"sc-a7166897-0 eoLsBE\"><a href=\"https:\/\/www.ole.com.ar\/boca-juniors\/x-puntajes-jugadores-boca-cruzeiro-libertadores_0_rt3BhoI49f.html\" aria-label=\"El uno por uno de la caldeada derrota de Boca con Cruzeiro en la Libertadores\" class=\"sc-3c11979e-0 dqpgzy\"\/><\/p>\n<section><picture><img alt=\"El uno por uno de la caldeada derrota de Boca con Cruzeiro en la Libertadores\" loading=\"lazy\" width=\"290\" height=\"290\" decoding=\"async\" data-nimg=\"1\" style=\"color:transparent\" src=\"https:\/\/fmamiga909.com.ar\/wp-content\/uploads\/2026\/04\/PHD80LT9U_290x290__1.jpg\"\/><\/picture>\n<p><span>Mir\u00e1 tambi\u00e9n<\/span><\/p>\n<hr\/>\n<h3>El uno por uno de la caldeada derrota de Boca con Cruzeiro en la Libertadores<\/h3>\n<\/p>\n<\/section>\n<\/div>\n<\/div>\n<p><a href=\"https:\/\/www.ole.com.ar\/futbol-internacional\/libertadores\/quedo-grupo-boca-libertadores-necesita-clasificar-octavos-final_0_wwHn9KGojs.html\">source<\/a><\/p>\n","protected":false},"excerpt":{"rendered":"<p>28\/04\/2026 23:41hs. Actualizado al 29\/04\/2026 00:16hs. Paso en falso para Boca en Brasil. En un&#8230;<\/p>\n","protected":false},"author":3,"featured_media":33056,"comment_status":"closed","ping_status":"closed","sticky":false,"template":"","format":"standard","meta":{"footnotes":""},"categories":[21],"tags":[],"class_list":["post-33055","post","type-post","status-publish","format-standard","has-post-thumbnail","hentry","category-deportes"],"featured_image_urls":{"full":["https:\/\/fmamiga909.com.ar\/wp-content\/uploads\/2026\/04\/wp-header-logo-556.png",720,480,false],"thumbnail":["https:\/\/fmamiga909.com.ar\/wp-content\/uploads\/2026\/04\/wp-header-logo-556-150x150.png",150,150,true],"medium":["https:\/\/fmamiga909.com.ar\/wp-content\/uploads\/2026\/04\/wp-header-logo-556-300x200.png",300,200,true],"medium_large":["https:\/\/fmamiga909.com.ar\/wp-content\/uploads\/2026\/04\/wp-header-logo-556.png",720,480,false],"large":["https:\/\/fmamiga909.com.ar\/wp-content\/uploads\/2026\/04\/wp-header-logo-556.png",640,427,false],"1536x1536":["https:\/\/fmamiga909.com.ar\/wp-content\/uploads\/2026\/04\/wp-header-logo-556.png",720,480,false],"2048x2048":["https:\/\/fmamiga909.com.ar\/wp-content\/uploads\/2026\/04\/wp-header-logo-556.png",720,480,false],"newsium-slider-full":["https:\/\/fmamiga909.com.ar\/wp-content\/uploads\/2026\/04\/wp-header-logo-556.png",720,480,false],"newsium-featured":["https:\/\/fmamiga909.com.ar\/wp-content\/uploads\/2026\/04\/wp-header-logo-556.png",720,480,false],"newsium-medium":["https:\/\/fmamiga909.com.ar\/wp-content\/uploads\/2026\/04\/wp-header-logo-556-720x475.png",720,475,true]},"author_info":{"display_name":"Fredy Giuliano","author_link":"https:\/\/fmamiga909.com.ar\/?author=3"},"category_info":"<a href=\"https:\/\/fmamiga909.com.ar\/?cat=21\" rel=\"category\">Deportes<\/a>","tag_info":"Deportes","comment_count":"0","_links":{"self":[{"href":"https:\/\/fmamiga909.com.ar\/index.php?rest_route=\/wp\/v2\/posts\/33055","targetHints":{"allow":["GET"]}}],"collection":[{"href":"https:\/\/fmamiga909.com.ar\/index.php?rest_route=\/wp\/v2\/posts"}],"about":[{"href":"https:\/\/fmamiga909.com.ar\/index.php?rest_route=\/wp\/v2\/types\/post"}],"author":[{"embeddable":true,"href":"https:\/\/fmamiga909.com.ar\/index.php?rest_route=\/wp\/v2\/users\/3"}],"replies":[{"embeddable":true,"href":"https:\/\/fmamiga909.com.ar\/index.php?rest_route=%2Fwp%2Fv2%2Fcomments&post=33055"}],"version-history":[{"count":0,"href":"https:\/\/fmamiga909.com.ar\/index.php?rest_route=\/wp\/v2\/posts\/33055\/revisions"}],"wp:featuredmedia":[{"embeddable":true,"href":"https:\/\/fmamiga909.com.ar\/index.php?rest_route=\/wp\/v2\/media\/33056"}],"wp:attachment":[{"href":"https:\/\/fmamiga909.com.ar\/index.php?rest_route=%2Fwp%2Fv2%2Fmedia&parent=33055"}],"wp:term":[{"taxonomy":"category","embeddable":true,"href":"https:\/\/fmamiga909.com.ar\/index.php?rest_route=%2Fwp%2Fv2%2Fcategories&post=33055"},{"taxonomy":"post_tag","embeddable":true,"href":"https:\/\/fmamiga909.com.ar\/index.php?rest_route=%2Fwp%2Fv2%2Ftags&post=33055"}],"curies":[{"name":"wp","href":"https:\/\/api.w.org\/{rel}","templated":true}]}}